{"id":110447,"date":"2021-01-05T14:09:31","date_gmt":"2021-01-05T10:09:31","guid":{"rendered":""},"modified":"-0001-11-30T00:00:00","modified_gmt":"-0001-11-29T20:00:00","slug":"","status":"publish","type":"post","link":"https:\/\/ucnoqta.az\/?p=110447","title":{"rendered":"\u201cHaql\u0131 m\u00fcbariz\u0259sind\u0259 sona q\u0259d\u0259r Az\u0259rbaycan\u0131n yan\u0131nday\u0131q\u201d- <font color=red><b>Hulusi Akar<\/b><\/font>"},"content":{"rendered":"<p><strong>&ldquo;\u015eanl\u0131 ordumuz &uuml;&ccedil; qit\u0259y\u0259 s&uuml;lh v\u0259 \u0259dal\u0259t g\u0259tir\u0259n atalar\u0131m\u0131zdan ald\u0131\u011f\u0131 feyzl\u0259 dost, qarda\u015f v\u0259 m\u0259zlum &ouml;lk\u0259l\u0259rin sabitliyi v\u0259 t\u0259hl&uuml;k\u0259sizliyi &uuml;&ccedil;&uuml;n d\u0259 m&uuml;bariz\u0259 aparmaqdad\u0131r&rdquo;.<\/strong><\/p>\n<p>Bu bar\u0259d\u0259 T&uuml;rkiy\u0259nin milli m&uuml;dafi\u0259 naziri Hulusi Akar Sar\u0131qam\u0131\u015f \u015f\u0259hidl\u0259rinin an\u0131m g&uuml;n&uuml; il\u0259 ba\u011fl\u0131 m&uuml;raci\u0259tind\u0259 bildirib.<br \/>\nT&uuml;rkiy\u0259 nazir qeyd edib ki, T&uuml;rkiy\u0259 ordusu BMT, NATO, AT\u018fT v\u0259 ikit\u0259r\u0259fli sazi\u015fl\u0259r &ccedil;\u0259r&ccedil;iv\u0259sind\u0259 Az\u0259rbaycan, Liviya, Kosova, \u018ffqan\u0131stan, Bosniya-Herseqovina, Qatar, Somali, Sudan v\u0259 bir &ccedil;ox regionda d&uuml;nyada s&uuml;lh\u0259 t&ouml;hf\u0259 verm\u0259k &uuml;&ccedil;&uuml;n &uuml;st&uuml;n bir s\u0259yl\u0259 xidm\u0259t aparmaqdad\u0131r.<\/p>\n<p>&ldquo;Bu s\u0259b\u0259bl\u0259, Sar\u0131qam\u0131\u015f \u015f\u0259hidl\u0259rini yad etdiyimiz bu anlaml\u0131 g&uuml;nd\u0259 &ldquo;T\u0259k mill\u0259t, iki d&ouml;vl\u0259t&rdquo; ifad\u0259sinin se&ccedil;kin n&uuml;mun\u0259sini n&uuml;mayi\u015f etdir\u0259n qarda\u015f Az\u0259rbaycan xalq\u0131n\u0131n Nargin adas\u0131nda m\u0259cburi saxlan\u0131lan mehmet&ccedil;ikl\u0259rimiz\u0259 etdiyi yard\u0131mlar\u0131 da minn\u0259tdarl\u0131qla v\u0259 \u015f&uuml;kranla an\u0131r\u0131q. Bizl\u0259r d\u0259 can qarda\u015flar\u0131m\u0131z\u0131n haql\u0131 m&uuml;bariz\u0259l\u0259rind\u0259 sona q\u0259d\u0259r yanlar\u0131nday\u0131q, az\u0259rbaycanl\u0131 qarda\u015flar\u0131m\u0131zla k\u0259d\u0259rd\u0259 v\u0259 sevincd\u0259 bir v\u0259 b\u0259rab\u0259rik&rdquo;, &#8211; dey\u0259 H. Akar vur\u011fulay\u0131b.\/\/\/Apa<\/p>\n","protected":false},"excerpt":{"rendered":"<p>&ldquo;\u015eanl\u0131 ordumuz &uuml;&ccedil; qit\u0259y\u0259 s&uuml;lh v\u0259 \u0259dal\u0259t g\u0259tir\u0259n atalar\u0131m\u0131zdan ald\u0131\u011f\u0131 feyzl\u0259 dost, qarda\u015f v\u0259 m\u0259zlum &ouml;lk\u0259l\u0259rin sabitliyi v\u0259 t\u0259hl&uuml;k\u0259sizliyi &uuml;&ccedil;&uuml;n d\u0259 m&uuml;bariz\u0259 aparmaqdad\u0131r&rdquo;. Bu bar\u0259d\u0259 T&uuml;rkiy\u0259nin milli m&uuml;dafi\u0259 naziri Hulusi&hellip;<\/p>\n","protected":false},"author":1,"featured_media":251278,"comment_status":"open","ping_status":"open","sticky":false,"template":"","format":"standard","meta":{"_lmt_disableupdate":"","_lmt_disable":"","footnotes":""},"categories":[],"tags":[],"class_list":["post-110447","post","type-post","status-publish","format-standard","has-post-thumbnail","hentry"],"_links":{"self":[{"href":"https:\/\/ucnoqta.az\/index.php?rest_route=\/wp\/v2\/posts\/110447","targetHints":{"allow":["GET"]}}],"collection":[{"href":"https:\/\/ucnoqta.az\/index.php?rest_route=\/wp\/v2\/posts"}],"about":[{"href":"https:\/\/ucnoqta.az\/index.php?rest_route=\/wp\/v2\/types\/post"}],"author":[{"embeddable":true,"href":"https:\/\/ucnoqta.az\/index.php?rest_route=\/wp\/v2\/users\/1"}],"replies":[{"embeddable":true,"href":"https:\/\/ucnoqta.az\/index.php?rest_route=%2Fwp%2Fv2%2Fcomments&post=110447"}],"version-history":[{"count":0,"href":"https:\/\/ucnoqta.az\/index.php?rest_route=\/wp\/v2\/posts\/110447\/revisions"}],"wp:featuredmedia":[{"embeddable":true,"href":"https:\/\/ucnoqta.az\/index.php?rest_route=\/wp\/v2\/media\/251278"}],"wp:attachment":[{"href":"https:\/\/ucnoqta.az\/index.php?rest_route=%2Fwp%2Fv2%2Fmedia&parent=110447"}],"wp:term":[{"taxonomy":"category","embeddable":true,"href":"https:\/\/ucnoqta.az\/index.php?rest_route=%2Fwp%2Fv2%2Fcategories&post=110447"},{"taxonomy":"post_tag","embeddable":true,"href":"https:\/\/ucnoqta.az\/index.php?rest_route=%2Fwp%2Fv2%2Ftags&post=110447"}],"curies":[{"name":"wp","href":"https:\/\/api.w.org\/{rel}","templated":true}]}}