{"id":110444,"date":"2021-01-05T13:33:56","date_gmt":"2021-01-05T09:33:56","guid":{"rendered":""},"modified":"-0001-11-30T00:00:00","modified_gmt":"-0001-11-29T20:00:00","slug":"","status":"publish","type":"post","link":"https:\/\/ucnoqta.az\/?p=110444","title":{"rendered":"Milli M\u0259clisin deputatlar\u0131 Q\u0131r\u011f\u0131z\u0131standa prezident se\u00e7kil\u0259rini m\u00fc\u015fahid\u0259 ed\u0259c\u0259kl\u0259r"},"content":{"rendered":"<p><strong>Milli M\u0259clisin deputatlar\u0131 Q\u0131r\u011f\u0131z\u0131standa ke&ccedil;iril\u0259c\u0259k n&ouml;vb\u0259d\u0259nk\u0259nar prezident se&ccedil;kil\u0259rini m&uuml;\u015fahid\u0259 etm\u0259k &uuml;&ccedil;&uuml;n yanvar\u0131n 8-d\u0259 bu &ouml;lk\u0259nin paytaxt\u0131 Bi\u015fkek\u0259 s\u0259f\u0259r ed\u0259c\u0259kl\u0259r.<\/strong><\/p>\n<p>Milli M\u0259clisd\u0259n veril\u0259n m\u0259lumata g&ouml;r\u0259, deputat Sabir Hac\u0131yev M&uuml;st\u0259qil D&ouml;vl\u0259tl\u0259r Birliyinin Parlamentl\u0259raras\u0131 Assambleyas\u0131n\u0131n v\u0259 \u0130craiyy\u0259 Komit\u0259sinin x\u0259tti il\u0259, mill\u0259t v\u0259kili Fazil Mustafa T&Uuml;RKPA-n\u0131n m&uuml;\u015fahid\u0259 missiyas\u0131n\u0131n t\u0259rkibind\u0259 se&ccedil;kil\u0259ri izl\u0259y\u0259c\u0259kl\u0259r.<\/p>\n<p>Deputatlar&nbsp;m&uuml;xt\u0259lif se&ccedil;ki m\u0259nt\u0259q\u0259l\u0259rind\u0259 yarad\u0131lm\u0131\u015f \u015f\u0259raitl\u0259 yax\u0131ndan tan\u0131\u015f olacaq, se&ccedil;icil\u0259rin f\u0259all\u0131\u011f\u0131n\u0131 m&uuml;\u015fahid\u0259 ed\u0259c\u0259kl\u0259r.<br \/>\nS\u0259f\u0259r yanvar\u0131n 13-d\u0259 ba\u015fa &ccedil;atacaq.<\/p>\n","protected":false},"excerpt":{"rendered":"<p>Milli M\u0259clisin deputatlar\u0131 Q\u0131r\u011f\u0131z\u0131standa ke&ccedil;iril\u0259c\u0259k n&ouml;vb\u0259d\u0259nk\u0259nar prezident se&ccedil;kil\u0259rini m&uuml;\u015fahid\u0259 etm\u0259k &uuml;&ccedil;&uuml;n yanvar\u0131n 8-d\u0259 bu &ouml;lk\u0259nin paytaxt\u0131 Bi\u015fkek\u0259 s\u0259f\u0259r ed\u0259c\u0259kl\u0259r. Milli M\u0259clisd\u0259n veril\u0259n m\u0259lumata g&ouml;r\u0259, deputat Sabir Hac\u0131yev M&uuml;st\u0259qil D&ouml;vl\u0259tl\u0259r Birliyinin&hellip;<\/p>\n","protected":false},"author":1,"featured_media":251278,"comment_status":"open","ping_status":"open","sticky":false,"template":"","format":"standard","meta":{"_lmt_disableupdate":"","_lmt_disable":"","footnotes":""},"categories":[],"tags":[],"class_list":["post-110444","post","type-post","status-publish","format-standard","has-post-thumbnail","hentry"],"_links":{"self":[{"href":"https:\/\/ucnoqta.az\/index.php?rest_route=\/wp\/v2\/posts\/110444","targetHints":{"allow":["GET"]}}],"collection":[{"href":"https:\/\/ucnoqta.az\/index.php?rest_route=\/wp\/v2\/posts"}],"about":[{"href":"https:\/\/ucnoqta.az\/index.php?rest_route=\/wp\/v2\/types\/post"}],"author":[{"embeddable":true,"href":"https:\/\/ucnoqta.az\/index.php?rest_route=\/wp\/v2\/users\/1"}],"replies":[{"embeddable":true,"href":"https:\/\/ucnoqta.az\/index.php?rest_route=%2Fwp%2Fv2%2Fcomments&post=110444"}],"version-history":[{"count":0,"href":"https:\/\/ucnoqta.az\/index.php?rest_route=\/wp\/v2\/posts\/110444\/revisions"}],"wp:featuredmedia":[{"embeddable":true,"href":"https:\/\/ucnoqta.az\/index.php?rest_route=\/wp\/v2\/media\/251278"}],"wp:attachment":[{"href":"https:\/\/ucnoqta.az\/index.php?rest_route=%2Fwp%2Fv2%2Fmedia&parent=110444"}],"wp:term":[{"taxonomy":"category","embeddable":true,"href":"https:\/\/ucnoqta.az\/index.php?rest_route=%2Fwp%2Fv2%2Fcategories&post=110444"},{"taxonomy":"post_tag","embeddable":true,"href":"https:\/\/ucnoqta.az\/index.php?rest_route=%2Fwp%2Fv2%2Ftags&post=110444"}],"curies":[{"name":"wp","href":"https:\/\/api.w.org\/{rel}","templated":true}]}}