{"id":110439,"date":"2021-01-05T12:18:40","date_gmt":"2021-01-05T08:18:40","guid":{"rendered":""},"modified":"-0001-11-30T00:00:00","modified_gmt":"-0001-11-29T20:00:00","slug":"","status":"publish","type":"post","link":"https:\/\/ucnoqta.az\/?p=110439","title":{"rendered":"Az\u0259rbaycanda 2021-ci il \u201cNizami G\u0259nc\u0259vi \u0130li\u201d elan edilib- <font color=red><b>S\u0259r\u0259ncam<\/b><\/font>"},"content":{"rendered":"<p><strong>Prezident \u0130lham \u018fliyev Az\u0259rbaycan Respublikas\u0131nda 2021-ci ilin &ldquo;Nizami G\u0259nc\u0259vi \u0130li&rdquo; elan edilm\u0259si haqq\u0131nda s\u0259r\u0259ncam imzalay\u0131b.<\/strong><\/p>\n<p>D&uuml;nya \u0259d\u0259biyyat\u0131n\u0131n g&ouml;rk\u0259mli n&uuml;may\u0259nd\u0259si, dahi Az\u0259rbaycan \u015fairi v\u0259 m&uuml;t\u0259f\u0259kkiri Nizami G\u0259nc\u0259vi b\u0259\u015f\u0259riyy\u0259tin b\u0259dii fikir salnam\u0259sind\u0259 yeni s\u0259hif\u0259 a&ccedil;m\u0131\u015f nadir \u015f\u0259xsiyy\u0259tl\u0259rd\u0259ndir. N\u0259h\u0259ng s\u0259n\u0259tkar\u0131n xalq\u0131m\u0131z\u0131n m\u0259n\u0259viyyat\u0131n\u0131n ayr\u0131lmaz hiss\u0259sin\u0259 &ccedil;evrilmi\u015f parlaq irsi \u0259srl\u0259rd\u0259n b\u0259ri \u015e\u0259rqin misilsiz m\u0259d\u0259ni s\u0259rv\u0259tl\u0259r x\u0259zin\u0259sind\u0259 &ouml;z&uuml;n\u0259m\u0259xsus layiqli yerini qoruyub saxlamaqdad\u0131r.<\/p>\n<p>Nizami G\u0259nc\u0259vi &ouml;mr&uuml; boyu d&ouml;vr&uuml;n m&uuml;h&uuml;m m\u0259d\u0259niyy\u0259t m\u0259rk\u0259zl\u0259rind\u0259n olan q\u0259dim Az\u0259rbaycan \u015f\u0259h\u0259ri G\u0259nc\u0259d\u0259 ya\u015fay\u0131b yaradaraq, Yax\u0131n v\u0259 Orta \u015e\u0259rq f\u0259ls\u0259fi-ictimai v\u0259 b\u0259dii-estetik d&uuml;\u015f&uuml;nc\u0259 tarixini z\u0259nginl\u0259\u015fdir\u0259n ecazkar s&ouml;z s\u0259n\u0259ti incil\u0259rini d\u0259 m\u0259hz burada \u0259rs\u0259y\u0259 g\u0259tirmi\u015fdir. Nizami G\u0259nc\u0259vinin geni\u015f \u015f&ouml;hr\u0259t tapm\u0131\u015f &ldquo;X\u0259ms\u0259&rdquo;si d&uuml;nya poetik-f\u0259ls\u0259fi fikrinin zirv\u0259sind\u0259 dayan\u0131r. M&uuml;t\u0259f\u0259kkir \u015fair &ccedil;ox sayda davam&ccedil;\u0131lar\u0131ndan ibar\u0259t b&ouml;y&uuml;k bir \u0259d\u0259bi m\u0259kt\u0259bin b&uuml;n&ouml;vr\u0259sini qoymu\u015fdur. Nizaminin \u0259n m\u0259\u015fhur kitabxana v\u0259 muzeyl\u0259ri b\u0259z\u0259y\u0259n \u0259s\u0259rl\u0259ri \u015e\u0259rq miniat&uuml;r s\u0259n\u0259tinin inki\u015faf\u0131na da t\u0259kan vermi\u015fdir.<\/p>\n<p>Nizami d&uuml;has\u0131 h\u0259r zaman d&uuml;nya \u015f\u0259rq\u015f&uuml;nasl\u0131\u011f\u0131n\u0131n diqq\u0259t m\u0259rk\u0259zind\u0259 olmu\u015fdur. &Ouml;lk\u0259mizd\u0259 Nizami s\u0259n\u0259tinin &ouml;yr\u0259nilm\u0259si v\u0259 tan\u0131d\u0131lmas\u0131 sah\u0259sind\u0259 xeyli i\u015f g&ouml;r&uuml;lm&uuml;\u015f, \u0259s\u0259rl\u0259rinin nizami\u015f&uuml;nasl\u0131qda y&uuml;ks\u0259k qiym\u0259tl\u0259ndiril\u0259n elmi-t\u0259nqidi m\u0259tni haz\u0131rlanm\u0131\u015f, kitablar\u0131 n\u0259fis t\u0259rtibatda v\u0259 k&uuml;tl\u0259vi tirajla n\u0259\u015fr edilmi\u015fdir. Nizaminin \u0259d\u0259biyyatda v\u0259 inc\u0259s\u0259n\u0259td\u0259 yaddaqalan obraz\u0131 yarad\u0131lm\u0131\u015fd\u0131r. M&uuml;t\u0259f\u0259kkir \u015fairin do\u011fma \u015f\u0259h\u0259ri G\u0259nc\u0259d\u0259 m\u0259qb\u0259r\u0259si, Bak\u0131da, Sankt-Peterburqda v\u0259 Romada heyk\u0259ll\u0259ri ucald\u0131lm\u0131\u015fd\u0131r. Az\u0259rbaycan Milli Elml\u0259r Akademiyas\u0131n\u0131n \u018fd\u0259biyyat \u0130nstitutu v\u0259 Milli Az\u0259rbaycan \u018fd\u0259biyyat\u0131 Muzeyi Nizami G\u0259nc\u0259vinin ad\u0131n\u0131 da\u015f\u0131y\u0131r. B&ouml;y&uuml;k Britaniyan\u0131n Oksford Universitetinin Nizami G\u0259nc\u0259vi M\u0259rk\u0259zi u\u011furla f\u0259aliyy\u0259t g&ouml;st\u0259rir.<\/p>\n<p>Nizami G\u0259nc\u0259vinin yubileyl\u0259ri &ouml;lk\u0259mizd\u0259 h\u0259r zaman t\u0259nt\u0259n\u0259 il\u0259 ke&ccedil;irilmi\u015fdir. Dahi \u015fairin 800 illik yubileyi onun irsinin t\u0259dqiqi v\u0259 t\u0259bli\u011find\u0259 \u0259sasl\u0131 d&ouml;n&uuml;\u015f yaratm\u0131\u015fd\u0131r. Az\u0259rbaycan\u0131n klassik \u0259d\u0259bi-m\u0259d\u0259ni irsin\u0259 h\u0259mi\u015f\u0259 milli t\u0259\u0259ss&uuml;bke\u015flik v\u0259 v\u0259t\u0259np\u0259rv\u0259rlik m&ouml;vqeyind\u0259n yana\u015fan &uuml;mummilli lider Heyd\u0259r \u018fliyev Nizami irsin\u0259 d\u0259 x&uuml;susi diqq\u0259t yetirmi\u015fdir. Heyd\u0259r \u018fliyevin t\u0259\u015f\u0259bb&uuml;s&uuml; il\u0259 1979-cu ild\u0259 q\u0259bul olunmu\u015f &ldquo;Az\u0259rbaycan\u0131n b&ouml;y&uuml;k \u015fairi v\u0259 m&uuml;t\u0259f\u0259kkiri Nizami G\u0259nc\u0259vinin irsinin &ouml;yr\u0259nilm\u0259sini, n\u0259\u015frini v\u0259 t\u0259bli\u011fini daha da yax\u015f\u0131la\u015fd\u0131rmaq t\u0259dbirl\u0259ri haqq\u0131nda&rdquo; q\u0259rar Nizami yarad\u0131c\u0131l\u0131\u011f\u0131n\u0131n t\u0259dqiqi v\u0259 t\u0259bli\u011fi &uuml;&ccedil;&uuml;n yeni perspektivl\u0259r a&ccedil;m\u0131\u015fd\u0131r. &Ouml;lm\u0259z s\u0259n\u0259tkar\u0131n 1981-ci ild\u0259 Ulu &Ouml;nd\u0259rin bilavasit\u0259 t\u0259\u015f\u0259bb&uuml;s&uuml; v\u0259 i\u015ftirak\u0131 il\u0259 ke&ccedil;iril\u0259n 840 illik yubiley m\u0259rasiml\u0259ri &ouml;lk\u0259nin m\u0259d\u0259ni h\u0259yat\u0131n\u0131n \u0259lam\u0259tdar hadis\u0259sin\u0259 &ccedil;evrilmi\u015fdir. 2011-ci ild\u0259 Nizami G\u0259nc\u0259vinin 870 illiyi d&ouml;vl\u0259t s\u0259viyy\u0259sind\u0259 silsil\u0259 t\u0259dbirl\u0259rl\u0259 geni\u015f qeyd edilmi\u015fdir.<\/p>\n<p>S\u0259r\u0259ncama \u0259sas\u0259n 2021-ci il Az\u0259rbaycan Respublikas\u0131nda &ldquo;Nizami G\u0259nc\u0259vi \u0130li&rdquo; elan edilir.<br \/>\nNazirl\u0259r Kabinetin\u0259 tap\u015f\u0131r\u0131l\u0131r ki, &ldquo;Nizami G\u0259nc\u0259vi \u0130li&rdquo; il\u0259 ba\u011fl\u0131 t\u0259dbirl\u0259r plan\u0131 haz\u0131rlay\u0131b h\u0259yata ke&ccedil;irsin.<\/p>\n","protected":false},"excerpt":{"rendered":"<p>Prezident \u0130lham \u018fliyev Az\u0259rbaycan Respublikas\u0131nda 2021-ci ilin &ldquo;Nizami G\u0259nc\u0259vi \u0130li&rdquo; elan edilm\u0259si haqq\u0131nda s\u0259r\u0259ncam imzalay\u0131b. D&uuml;nya \u0259d\u0259biyyat\u0131n\u0131n g&ouml;rk\u0259mli n&uuml;may\u0259nd\u0259si, dahi Az\u0259rbaycan \u015fairi v\u0259 m&uuml;t\u0259f\u0259kkiri Nizami G\u0259nc\u0259vi b\u0259\u015f\u0259riyy\u0259tin b\u0259dii fikir salnam\u0259sind\u0259&hellip;<\/p>\n","protected":false},"author":1,"featured_media":251278,"comment_status":"open","ping_status":"open","sticky":false,"template":"","format":"standard","meta":{"_lmt_disableupdate":"","_lmt_disable":"","footnotes":""},"categories":[],"tags":[],"class_list":["post-110439","post","type-post","status-publish","format-standard","has-post-thumbnail","hentry"],"_links":{"self":[{"href":"https:\/\/ucnoqta.az\/index.php?rest_route=\/wp\/v2\/posts\/110439","targetHints":{"allow":["GET"]}}],"collection":[{"href":"https:\/\/ucnoqta.az\/index.php?rest_route=\/wp\/v2\/posts"}],"about":[{"href":"https:\/\/ucnoqta.az\/index.php?rest_route=\/wp\/v2\/types\/post"}],"author":[{"embeddable":true,"href":"https:\/\/ucnoqta.az\/index.php?rest_route=\/wp\/v2\/users\/1"}],"replies":[{"embeddable":true,"href":"https:\/\/ucnoqta.az\/index.php?rest_route=%2Fwp%2Fv2%2Fcomments&post=110439"}],"version-history":[{"count":0,"href":"https:\/\/ucnoqta.az\/index.php?rest_route=\/wp\/v2\/posts\/110439\/revisions"}],"wp:featuredmedia":[{"embeddable":true,"href":"https:\/\/ucnoqta.az\/index.php?rest_route=\/wp\/v2\/media\/251278"}],"wp:attachment":[{"href":"https:\/\/ucnoqta.az\/index.php?rest_route=%2Fwp%2Fv2%2Fmedia&parent=110439"}],"wp:term":[{"taxonomy":"category","embeddable":true,"href":"https:\/\/ucnoqta.az\/index.php?rest_route=%2Fwp%2Fv2%2Fcategories&post=110439"},{"taxonomy":"post_tag","embeddable":true,"href":"https:\/\/ucnoqta.az\/index.php?rest_route=%2Fwp%2Fv2%2Ftags&post=110439"}],"curies":[{"name":"wp","href":"https:\/\/api.w.org\/{rel}","templated":true}]}}