{"id":110433,"date":"2021-01-05T11:22:35","date_gmt":"2021-01-05T07:22:35","guid":{"rendered":""},"modified":"-0001-11-30T00:00:00","modified_gmt":"-0001-11-29T20:00:00","slug":"","status":"publish","type":"post","link":"https:\/\/ucnoqta.az\/?p=110433","title":{"rendered":"&#8220;\u018fg\u0259r m\u0259nd\u0259 s\u0259hv axtar\u0131rs\u0131zsa, &#8230;&#8221;- <font color=red><b>R\u00f6ya onu q\u0131nayanlara cavab verdi<\/b><\/font>"},"content":{"rendered":"<p><strong>Xalq artisti R&ouml;ya Ayxan Yeni il gec\u0259si \u0259yl\u0259nc\u0259li videosuna g&ouml;r\u0259 sosial \u015f\u0259b\u0259k\u0259l\u0259rd\u0259 onun &uuml;nvan\u0131na yaz\u0131lan t\u0259nqidl\u0259r\u0259 cavab verib.<\/strong><\/p>\n<p>&ldquo;Qafqazinfo&rdquo; x\u0259b\u0259r verir ki, m&uuml;\u011f\u0259nni instaqram s\u0259hif\u0259sind\u0259 a&ccedil;\u0131qlama yayaraq q\u0131nan\u0131las\u0131 h\u0259r\u0259k\u0259t s\u0259rgil\u0259m\u0259diyini bildirib:<br \/>\n&ldquo;M\u0259ni h\u0259r k\u0259s\u0259 bayram ke&ccedil;ir\u0259n, &ouml;l&uuml;s&uuml;n\u0259 h&ouml;rm\u0259tsizlik ed\u0259n insan kimi t\u0259qdim etdiniz. Amma m\u0259n daxilimd\u0259 bilir\u0259m ki, n\u0259 h&ouml;rm\u0259tsizlik etmi\u015f\u0259m, n\u0259 d\u0259 kimins\u0259 &uuml;nvan\u0131na t\u0259hqir dolu s&ouml;zl\u0259r demi\u015f\u0259m. \u018fg\u0259r evimd\u0259 r\u0259qsim sizi narahat etdis\u0259&#8230;<br \/>\nO zaman 31 dekabr gec\u0259si kanallarda m\u0259n daxil r\u0259qs ed\u0259n, q\u0259l\u0259b\u0259ni ke&ccedil;ir\u0259n b&uuml;t&uuml;n ulduzlara, televiziyalara s&ouml;z dey\u0259rdiz. Yox, \u0259g\u0259r m\u0259nd\u0259 s\u0259hv axtar\u0131rs\u0131zsa,&nbsp; \u0259vv\u0259lc\u0259 &ouml;z&uuml;n&uuml;z\u0259 bax\u0131n. \u0130nsan\u0131 &ouml;z&uuml;nd\u0259n &ccedil;\u0131xarmay\u0131n!<br \/>\nNail\u0259 Mirm\u0259mm\u0259dli sizin \u0259s\u0259binizd\u0259n getdi, amma m\u0259ni &ouml;ld&uuml;rm\u0259y\u0259 g&uuml;c&uuml;n&uuml;z &ccedil;atmaz&rdquo;.<\/p>\n","protected":false},"excerpt":{"rendered":"<p>Xalq artisti R&ouml;ya Ayxan Yeni il gec\u0259si \u0259yl\u0259nc\u0259li videosuna g&ouml;r\u0259 sosial \u015f\u0259b\u0259k\u0259l\u0259rd\u0259 onun &uuml;nvan\u0131na yaz\u0131lan t\u0259nqidl\u0259r\u0259 cavab verib. &ldquo;Qafqazinfo&rdquo; x\u0259b\u0259r verir ki, m&uuml;\u011f\u0259nni instaqram s\u0259hif\u0259sind\u0259 a&ccedil;\u0131qlama yayaraq q\u0131nan\u0131las\u0131 h\u0259r\u0259k\u0259t s\u0259rgil\u0259m\u0259diyini&hellip;<\/p>\n","protected":false},"author":1,"featured_media":251278,"comment_status":"open","ping_status":"open","sticky":false,"template":"","format":"standard","meta":{"_lmt_disableupdate":"","_lmt_disable":"","footnotes":""},"categories":[92],"tags":[],"class_list":["post-110433","post","type-post","status-publish","format-standard","has-post-thumbnail","hentry","category-maqazin"],"_links":{"self":[{"href":"https:\/\/ucnoqta.az\/index.php?rest_route=\/wp\/v2\/posts\/110433","targetHints":{"allow":["GET"]}}],"collection":[{"href":"https:\/\/ucnoqta.az\/index.php?rest_route=\/wp\/v2\/posts"}],"about":[{"href":"https:\/\/ucnoqta.az\/index.php?rest_route=\/wp\/v2\/types\/post"}],"author":[{"embeddable":true,"href":"https:\/\/ucnoqta.az\/index.php?rest_route=\/wp\/v2\/users\/1"}],"replies":[{"embeddable":true,"href":"https:\/\/ucnoqta.az\/index.php?rest_route=%2Fwp%2Fv2%2Fcomments&post=110433"}],"version-history":[{"count":0,"href":"https:\/\/ucnoqta.az\/index.php?rest_route=\/wp\/v2\/posts\/110433\/revisions"}],"wp:featuredmedia":[{"embeddable":true,"href":"https:\/\/ucnoqta.az\/index.php?rest_route=\/wp\/v2\/media\/251278"}],"wp:attachment":[{"href":"https:\/\/ucnoqta.az\/index.php?rest_route=%2Fwp%2Fv2%2Fmedia&parent=110433"}],"wp:term":[{"taxonomy":"category","embeddable":true,"href":"https:\/\/ucnoqta.az\/index.php?rest_route=%2Fwp%2Fv2%2Fcategories&post=110433"},{"taxonomy":"post_tag","embeddable":true,"href":"https:\/\/ucnoqta.az\/index.php?rest_route=%2Fwp%2Fv2%2Ftags&post=110433"}],"curies":[{"name":"wp","href":"https:\/\/api.w.org\/{rel}","templated":true}]}}