{"id":110427,"date":"2021-01-05T10:02:24","date_gmt":"2021-01-05T06:02:24","guid":{"rendered":""},"modified":"-0001-11-30T00:00:00","modified_gmt":"-0001-11-29T20:00:00","slug":"","status":"publish","type":"post","link":"https:\/\/ucnoqta.az\/?p=110427","title":{"rendered":"Koronavirus x\u0259st\u0259si karantin postunda saxlan\u0131l\u0131b"},"content":{"rendered":"<p><strong>Xa&ccedil;maz Rayon Polis \u015e&ouml;b\u0259sinin \u0259m\u0259kda\u015flar\u0131n\u0131n ke&ccedil;irdiyi m&uuml;vafiq yoxlamalar zaman\u0131 karantin postundan \u015f\u0259h\u0259r \u0259razisin\u0259 daxil olmaq ist\u0259y\u0259n aktiv koronavirus infeksiyas\u0131 da\u015f\u0131y\u0131c\u0131s\u0131 a\u015fkarlan\u0131b.<\/strong><\/p>\n<p>Daxili \u0130\u015fl\u0259r Nazirliyinin M\u0259tbuat Xidm\u0259tinin Quba regional qrupundan Ucnoqta.az-a veril\u0259n m\u0259lumata g&ouml;r\u0259, &ouml;z&uuml;n&uuml;t\u0259crid qaydalar\u0131na riay\u0259t etm\u0259y\u0259r\u0259k ya\u015fad\u0131\u011f\u0131 &uuml;nvan\u0131 t\u0259rk ed\u0259n \u015eabran rayon sakini Ayd\u0131n M\u0259mm\u0259dov Xa&ccedil;maz rayonuna daxil olmaq ist\u0259y\u0259n zaman polis \u0259m\u0259kda\u015flar\u0131 t\u0259r\u0259find\u0259n saxlan\u0131l\u0131b.<\/p>\n<p>\u015e&ouml;b\u0259 \u0259m\u0259kda\u015flar\u0131 t\u0259r\u0259find\u0259n qaydalar\u0131 pozan v\u0259 sakinl\u0259rin sa\u011flaml\u0131\u011f\u0131 &uuml;&ccedil;&uuml;n ciddi t\u0259hl&uuml;k\u0259 yaradan A.M\u0259mm\u0259dovun t&ouml;r\u0259tdiyi qanunazidd h\u0259r\u0259k\u0259tinin qar\u015f\u0131s\u0131 d\u0259rhal al\u0131n\u0131b v\u0259 o, tibbi prosedurlar g&ouml;zl\u0259nilm\u0259kl\u0259 koronavirusa yoluxmu\u015f \u015f\u0259xsl\u0259rin m&uuml;alic\u0259 ald\u0131\u011f\u0131 x\u0259st\u0259xanaya yerl\u0259\u015fdirilib.<\/p>\n<p>Qeyd edil\u0259n faktla ba\u011fl\u0131 Xa&ccedil;maz Rayon Polis \u015e&ouml;b\u0259sind\u0259 ara\u015fd\u0131rmalar apar\u0131l\u0131r.<\/p>\n","protected":false},"excerpt":{"rendered":"<p>Xa&ccedil;maz Rayon Polis \u015e&ouml;b\u0259sinin \u0259m\u0259kda\u015flar\u0131n\u0131n ke&ccedil;irdiyi m&uuml;vafiq yoxlamalar zaman\u0131 karantin postundan \u015f\u0259h\u0259r \u0259razisin\u0259 daxil olmaq ist\u0259y\u0259n aktiv koronavirus infeksiyas\u0131 da\u015f\u0131y\u0131c\u0131s\u0131 a\u015fkarlan\u0131b. Daxili \u0130\u015fl\u0259r Nazirliyinin M\u0259tbuat Xidm\u0259tinin Quba regional qrupundan Ucnoqta.az-a&hellip;<\/p>\n","protected":false},"author":1,"featured_media":251278,"comment_status":"open","ping_status":"open","sticky":false,"template":"","format":"standard","meta":{"_lmt_disableupdate":"","_lmt_disable":"","footnotes":""},"categories":[],"tags":[],"class_list":["post-110427","post","type-post","status-publish","format-standard","has-post-thumbnail","hentry"],"_links":{"self":[{"href":"https:\/\/ucnoqta.az\/index.php?rest_route=\/wp\/v2\/posts\/110427","targetHints":{"allow":["GET"]}}],"collection":[{"href":"https:\/\/ucnoqta.az\/index.php?rest_route=\/wp\/v2\/posts"}],"about":[{"href":"https:\/\/ucnoqta.az\/index.php?rest_route=\/wp\/v2\/types\/post"}],"author":[{"embeddable":true,"href":"https:\/\/ucnoqta.az\/index.php?rest_route=\/wp\/v2\/users\/1"}],"replies":[{"embeddable":true,"href":"https:\/\/ucnoqta.az\/index.php?rest_route=%2Fwp%2Fv2%2Fcomments&post=110427"}],"version-history":[{"count":0,"href":"https:\/\/ucnoqta.az\/index.php?rest_route=\/wp\/v2\/posts\/110427\/revisions"}],"wp:featuredmedia":[{"embeddable":true,"href":"https:\/\/ucnoqta.az\/index.php?rest_route=\/wp\/v2\/media\/251278"}],"wp:attachment":[{"href":"https:\/\/ucnoqta.az\/index.php?rest_route=%2Fwp%2Fv2%2Fmedia&parent=110427"}],"wp:term":[{"taxonomy":"category","embeddable":true,"href":"https:\/\/ucnoqta.az\/index.php?rest_route=%2Fwp%2Fv2%2Fcategories&post=110427"},{"taxonomy":"post_tag","embeddable":true,"href":"https:\/\/ucnoqta.az\/index.php?rest_route=%2Fwp%2Fv2%2Ftags&post=110427"}],"curies":[{"name":"wp","href":"https:\/\/api.w.org\/{rel}","templated":true}]}}