{"id":110423,"date":"2021-01-05T09:41:39","date_gmt":"2021-01-05T05:41:39","guid":{"rendered":""},"modified":"-0001-11-30T00:00:00","modified_gmt":"-0001-11-29T20:00:00","slug":"","status":"publish","type":"post","link":"https:\/\/ucnoqta.az\/?p=110423","title":{"rendered":"Be\u015fbarmaq qalas\u0131n\u0131n 4 qala b\u00fcrc\u00fcnd\u0259n ikisi a\u015fkarlan\u0131b <font color=red><b>-Foto<\/b><\/font>"},"content":{"rendered":"<p><strong>Az\u0259rbaycan Respublikas\u0131 Prezidentinin 8 iyun 2020-ci il s\u0259r\u0259ncam\u0131 il\u0259 yarad\u0131lm\u0131\u015f &ldquo;Be\u015fbarmaq da\u011f\u0131&rdquo; D&ouml;vl\u0259t Tarix-M\u0259d\u0259niyy\u0259t v\u0259 T\u0259bi\u0259t Qoru\u011funun s\u0259rh\u0259d v\u0259 m&uuml;hafiz\u0259 zonas\u0131n\u0131n m&uuml;\u0259yy\u0259n olunmas\u0131, qoruq \u0259razisind\u0259 yerl\u0259\u015f\u0259n tarix v\u0259 m\u0259d\u0259niyy\u0259t abid\u0259l\u0259rinin v\u0259 turistl\u0259r t\u0259r\u0259find\u0259n ziyar\u0259t olunan \u0259sas m\u0259d\u0259ni irs obyektl\u0259rinin elmi-arxeoloji c\u0259h\u0259td\u0259n t\u0259dqiq olunmas\u0131 &uuml;&ccedil;&uuml;n D&ouml;vl\u0259t Turizm Agentliyi il\u0259 AMEA Arxeologiya v\u0259 Etnoqrafiya \u0130nstitutu aras\u0131nda imzalanm\u0131\u015f m&uuml;qavil\u0259y\u0259 \u0259sas\u0259n qoruq \u0259razisind\u0259 ilkin arxeoloji k\u0259\u015ffiyyat i\u015fl\u0259rin\u0259 v\u0259 elmi t\u0259dqiqatlara ba\u015flanm\u0131\u015f v\u0259 bir s\u0131ra vacib elmi n\u0259tic\u0259l\u0259r \u0259ld\u0259 edilib.<\/strong><\/p>\n<p>Arxeologiya v\u0259 Etnoqrafiya \u0130nstitutundan Ucnoqta.az-a veril\u0259n m\u0259lumata g&ouml;r\u0259, AMEA-n\u0131n elmi i\u015f&ccedil;isi Sevinc H&uuml;seynovan\u0131n r\u0259hb\u0259rlik etdiyi &ldquo;Be\u015fbarmaq&rdquo; arxeoloji ekspedisiyas\u0131 t\u0259r\u0259find\u0259n qoruq \u0259razisind\u0259 ilk d\u0259f\u0259 apar\u0131lm\u0131\u015f elmi t\u0259dqiqatlar\u0131n \u0259sas m\u0259qs\u0259di tarixi Be\u015fbarmaq qalas\u0131n\u0131n, onun yax\u0131nl\u0131\u011f\u0131nda yerl\u0259\u015f\u0259n tarixi q\u0259birstanl\u0131\u011f\u0131n, orta \u0259srl\u0259r\u0259 aid karvansaray\u0131n, Sasani d&ouml;vr&uuml;n\u0259 aid m&uuml;dafi\u0259 s\u0259ddinin, dig\u0259r tikilil\u0259rin memarl\u0131q x&uuml;susiyy\u0259tl\u0259rini, d&ouml;vr&uuml;n&uuml; m&uuml;\u0259yy\u0259nl\u0259\u015fdirm\u0259k, b&ouml;lg\u0259nin g\u0259l\u0259c\u0259kd\u0259 m\u0259d\u0259ni turizm perspektivl\u0259ri &uuml;&ccedil;&uuml;n abid\u0259l\u0259ri t\u0259dqiq ed\u0259r\u0259k t\u0259klifl\u0259r haz\u0131rlamaq olub.<\/p>\n<p>\u0130lkin t\u0259dqiqatlar n\u0259tic\u0259sind\u0259 Be\u015fbarmaq qala tikilil\u0259rinin v\u0259 m\u0259nb\u0259l\u0259rd\u0259 ad\u0131 &ccedil;\u0259kil\u0259n 4 qala b&uuml;rc&uuml;nd\u0259n ikisinin yeri tap\u0131laraq m&uuml;\u0259yy\u0259n olunub, nar\u0131nqalan\u0131n daxilind\u0259ki tikilil\u0259rin ikisi a&ccedil;\u0131laraq yeri v\u0259 t\u0259yinat\u0131 haqq\u0131nda b\u0259zi elmi n\u0259tic\u0259l\u0259r \u0259ld\u0259 edilib.<\/p>\n<p>&ldquo;Be\u015fbarmaq&rdquo; Qoru\u011fu \u0259razisind\u0259 apar\u0131lm\u0131\u015f arxeoloji t\u0259dqiqatlar \u0259razinin m\u0259d\u0259ni irs d\u0259y\u0259rinin g\u0259l\u0259c\u0259kd\u0259 yerli v\u0259 xarici turistl\u0259r\u0259 daha yax\u015f\u0131 izah edilm\u0259si, m&uuml;vafiq m\u0259d\u0259ni turizm m\u0259hsullar\u0131n\u0131n haz\u0131rlanmas\u0131, h\u0259m d\u0259 Be\u015fbarmaq \u0259razisinin elmi-arxeoloji n&ouml;qteyi-n\u0259z\u0259rind\u0259n t\u0259dqiq edilm\u0259si &uuml;&ccedil;&uuml;n bir m\u0259rh\u0259l\u0259 kimi qar\u015f\u0131ya &ccedil;\u0131x\u0131b.<\/p>\n<p>Nar\u0131nqalan\u0131n daxilind\u0259ki d&ouml;rdk&uuml;nc planda olan tikilil\u0259r sal qaya par&ccedil;alar\u0131 il\u0259 h&ouml;r&uuml;lm&uuml;\u015fd&uuml;r. 3&#215;4 m &ouml;l&ccedil;&uuml;l\u0259rind\u0259 olan tikilil\u0259rin alt hiss\u0259sind\u0259, 4 qatdan sonra antiseysmik t\u0259dbir kimi divar\u0131n perimetri boyu seysmik qur\u015faq adland\u0131r\u0131lan k\u0259till\u0259r, taxta materialdan tirl\u0259r d&uuml;z&uuml;l&uuml;b.<br \/>\nOta\u011f\u0131n \u015f\u0259rq divar\u0131nda oval formada k&uuml;rs&uuml; qurulub. K&uuml;rs&uuml;n&uuml;n i&ccedil;\u0259risi istinin t\u0259sirind\u0259n q\u0131zarm\u0131\u015f v\u0259 hisd\u0259n qaral\u0131b. Otaqlardan XIV-XV \u0259srl\u0259r\u0259 aid keramika qal\u0131qlar\u0131 a\u015fkar olunub. Tikilil\u0259rd\u0259n a\u015fa\u011f\u0131 t\u0259b\u0259q\u0259d\u0259 divar qal\u0131qlar\u0131n\u0131n a\u015fkar edilm\u0259si qalan\u0131n daha erk\u0259n d&ouml;vrl\u0259r\u0259 aid oldu\u011funu s&ouml;yl\u0259m\u0259y\u0259 \u0259sas verir.<\/p>\n<p>Orta \u0259srl\u0259r\u0259 aid m\u0259nb\u0259l\u0259rd\u0259 t\u0259svir edil\u0259n 4 qala b&uuml;rc&uuml;nd\u0259n biri v\u0259 b&uuml;rc\u0259 biti\u015fik qala divar\u0131n\u0131n bir hiss\u0259si qaz\u0131laraq t\u0259dqiq edildi. 8 m diametrind\u0259 olan iri da\u015flardan qurulmu\u015f nar\u0131nqala b&uuml;rc&uuml; v\u0259 qala divarlar\u0131n\u0131n qal\u0131qlar\u0131 burada qala \u015f\u0259h\u0259rin m&ouml;vcudlu\u011fundan x\u0259b\u0259r verir.<br \/>\nQalan\u0131n c\u0259nub \u015f\u0259rqind\u0259 da\u011f\u0131lm\u0131\u015f tikilil\u0259rin qal\u0131qlar\u0131 olan sah\u0259d\u0259 d\u0259 t\u0259dqiqatlar apar\u0131l\u0131b. Buradak\u0131 qal\u0131qlar\u0131n XIX-XX \u0259srin \u0259vv\u0259ll\u0259rin\u0259 aid ya\u015fay\u0131\u015f evl\u0259rinin da\u011f\u0131nt\u0131lar\u0131 oldu\u011fu m&uuml;\u0259yy\u0259n edilib. Maraql\u0131s\u0131 odur ki, evl\u0259rin tikintisi zaman\u0131 daha q\u0259dim d&ouml;vrl\u0259r\u0259 aid s\u0259nduq\u0259l\u0259rd\u0259n tikinti material\u0131 kimi istifad\u0259 edilib. Ya\u015fay\u0131\u015f evl\u0259rinin divarlar\u0131nda s\u0259nduq\u0259l\u0259rd\u0259n tikinti material\u0131 kimi geni\u015f \u015f\u0259kild\u0259 istifad\u0259 olunmas\u0131na ilk d\u0259f\u0259dir rast g\u0259linir. H\u0259r bir d&ouml;rdk&uuml;nc tikilinin divarlar\u0131nda bir v\u0259 ya iki s\u0259nduq\u0259nin oldu\u011funu m&uuml;\u015fahid\u0259 etm\u0259k m&uuml;mk&uuml;nd&uuml;r. S\u0259nduq\u0259l\u0259rin &uuml;z\u0259ri h\u0259nd\u0259si v\u0259 n\u0259bati ornamentl\u0259rl\u0259 b\u0259z\u0259dilib.<\/p>\n<p>B\u0259zi nax\u0131\u015flar\u0131n sonu alt\u0131 gu\u015f\u0259li ulduzla yekunla\u015f\u0131r. Parallel divarlarda apar\u0131lan k\u0259\u015ffiyyat i\u015fl\u0259ri onlardan birinin istiqam\u0259tini m&uuml;\u0259yy\u0259n etm\u0259y\u0259 imkan verib. Bu divar, Qala\u015f\u0131x\u0131 k\u0259ndind\u0259n ba\u015flayaraq d\u0259niz\u0259 q\u0259d\u0259r uzan\u0131r. S\u0259ddin \u015fimal\u0131nda, iki yerd\u0259 b&uuml;rc v\u0259 ya m&uuml;\u015fahid\u0259 q&uuml;ll\u0259sinin qal\u0131qlar\u0131 a\u015fkar edilib. T\u0259dqiqatlar\u0131n sonunda abid\u0259nin x&uuml;susiyy\u0259tl\u0259ri, arxeoturizm perspektivl\u0259ri haqq\u0131nda t\u0259klifl\u0259r haz\u0131rlanaraq D&ouml;vl\u0259t Turizm Agentliyin\u0259 t\u0259qdim olunub.<\/p>\n","protected":false},"excerpt":{"rendered":"<p>Az\u0259rbaycan Respublikas\u0131 Prezidentinin 8 iyun 2020-ci il s\u0259r\u0259ncam\u0131 il\u0259 yarad\u0131lm\u0131\u015f &ldquo;Be\u015fbarmaq da\u011f\u0131&rdquo; D&ouml;vl\u0259t Tarix-M\u0259d\u0259niyy\u0259t v\u0259 T\u0259bi\u0259t Qoru\u011funun s\u0259rh\u0259d v\u0259 m&uuml;hafiz\u0259 zonas\u0131n\u0131n m&uuml;\u0259yy\u0259n olunmas\u0131, qoruq \u0259razisind\u0259 yerl\u0259\u015f\u0259n tarix v\u0259 m\u0259d\u0259niyy\u0259t abid\u0259l\u0259rinin&hellip;<\/p>\n","protected":false},"author":1,"featured_media":251278,"comment_status":"open","ping_status":"open","sticky":false,"template":"","format":"standard","meta":{"_lmt_disableupdate":"","_lmt_disable":"","footnotes":""},"categories":[101],"tags":[],"class_list":["post-110423","post","type-post","status-publish","format-standard","has-post-thumbnail","hentry","category-cemiyyet"],"_links":{"self":[{"href":"https:\/\/ucnoqta.az\/index.php?rest_route=\/wp\/v2\/posts\/110423","targetHints":{"allow":["GET"]}}],"collection":[{"href":"https:\/\/ucnoqta.az\/index.php?rest_route=\/wp\/v2\/posts"}],"about":[{"href":"https:\/\/ucnoqta.az\/index.php?rest_route=\/wp\/v2\/types\/post"}],"author":[{"embeddable":true,"href":"https:\/\/ucnoqta.az\/index.php?rest_route=\/wp\/v2\/users\/1"}],"replies":[{"embeddable":true,"href":"https:\/\/ucnoqta.az\/index.php?rest_route=%2Fwp%2Fv2%2Fcomments&post=110423"}],"version-history":[{"count":0,"href":"https:\/\/ucnoqta.az\/index.php?rest_route=\/wp\/v2\/posts\/110423\/revisions"}],"wp:featuredmedia":[{"embeddable":true,"href":"https:\/\/ucnoqta.az\/index.php?rest_route=\/wp\/v2\/media\/251278"}],"wp:attachment":[{"href":"https:\/\/ucnoqta.az\/index.php?rest_route=%2Fwp%2Fv2%2Fmedia&parent=110423"}],"wp:term":[{"taxonomy":"category","embeddable":true,"href":"https:\/\/ucnoqta.az\/index.php?rest_route=%2Fwp%2Fv2%2Fcategories&post=110423"},{"taxonomy":"post_tag","embeddable":true,"href":"https:\/\/ucnoqta.az\/index.php?rest_route=%2Fwp%2Fv2%2Ftags&post=110423"}],"curies":[{"name":"wp","href":"https:\/\/api.w.org\/{rel}","templated":true}]}}