{"id":110421,"date":"2021-01-04T23:03:18","date_gmt":"2021-01-04T19:03:18","guid":{"rendered":""},"modified":"-0001-11-30T00:00:00","modified_gmt":"-0001-11-29T20:00:00","slug":"","status":"publish","type":"post","link":"https:\/\/ucnoqta.az\/?p=110421","title":{"rendered":"Donald Trampa qar\u015f\u0131 cinay\u0259t i\u015fi a\u00e7\u0131la bil\u0259r"},"content":{"rendered":"<p><strong>Demokrat konqresmenl\u0259r Ted Lyu v\u0259 Ketlin Rays Federal T\u0259hqiqat B&uuml;rosunun (FTB) ba\u015f&ccedil;\u0131s\u0131 Kristofer Rey\u0259 Corciya \u015ftat\u0131n\u0131n d&ouml;vl\u0259t katibi Bred Raffensperqer il\u0259 s&ouml;hb\u0259tinin s\u0259s yaz\u0131s\u0131 yay\u0131ld\u0131qdan sonra haz\u0131rk\u0131 prezident Donald Trampa qar\u015f\u0131 cinay\u0259t i\u015finin a&ccedil;\u0131lmas\u0131 il\u0259 ba\u011fl\u0131 m\u0259ktub g&ouml;nd\u0259ribl\u0259r.<\/strong><\/p>\n<p>Bu bar\u0259d\u0259 Lyu &ouml;z&uuml;n&uuml;n tvitter hesab\u0131nda yaz\u0131b.<br \/>\nKonqresmenl\u0259r hesab edir ki, Donald Tramp bir s\u0131ra se&ccedil;ki cinay\u0259tl\u0259rinin t&ouml;r\u0259dilm\u0259sin\u0259 t\u0259hrik edib. M\u0259ktubda konqresmenl\u0259r pozuntularla ba\u011fl\u0131 &ouml;lk\u0259 qanunvericiliyind\u0259ki x&uuml;susi m&uuml;dd\u0259alara istinad edibl\u0259r.<\/p>\n<p>Qeyd ed\u0259k ki, s\u0259s yaz\u0131s\u0131nda AB\u015e d&ouml;vl\u0259t ba\u015f&ccedil;\u0131s\u0131 Donald Tramp Corciyan\u0131n d&ouml;vl\u0259t katibin\u0259 onun lehin\u0259 s\u0259sl\u0259ri yenid\u0259n sayma\u011f\u0131 xahi\u015f edib.<\/p>\n","protected":false},"excerpt":{"rendered":"<p>Demokrat konqresmenl\u0259r Ted Lyu v\u0259 Ketlin Rays Federal T\u0259hqiqat B&uuml;rosunun (FTB) ba\u015f&ccedil;\u0131s\u0131 Kristofer Rey\u0259 Corciya \u015ftat\u0131n\u0131n d&ouml;vl\u0259t katibi Bred Raffensperqer il\u0259 s&ouml;hb\u0259tinin s\u0259s yaz\u0131s\u0131 yay\u0131ld\u0131qdan sonra haz\u0131rk\u0131 prezident Donald Trampa&hellip;<\/p>\n","protected":false},"author":1,"featured_media":251278,"comment_status":"open","ping_status":"open","sticky":false,"template":"","format":"standard","meta":{"_lmt_disableupdate":"","_lmt_disable":"","footnotes":""},"categories":[89],"tags":[],"class_list":["post-110421","post","type-post","status-publish","format-standard","has-post-thumbnail","hentry","category-dunya-butun-xeberler"],"_links":{"self":[{"href":"https:\/\/ucnoqta.az\/index.php?rest_route=\/wp\/v2\/posts\/110421","targetHints":{"allow":["GET"]}}],"collection":[{"href":"https:\/\/ucnoqta.az\/index.php?rest_route=\/wp\/v2\/posts"}],"about":[{"href":"https:\/\/ucnoqta.az\/index.php?rest_route=\/wp\/v2\/types\/post"}],"author":[{"embeddable":true,"href":"https:\/\/ucnoqta.az\/index.php?rest_route=\/wp\/v2\/users\/1"}],"replies":[{"embeddable":true,"href":"https:\/\/ucnoqta.az\/index.php?rest_route=%2Fwp%2Fv2%2Fcomments&post=110421"}],"version-history":[{"count":0,"href":"https:\/\/ucnoqta.az\/index.php?rest_route=\/wp\/v2\/posts\/110421\/revisions"}],"wp:featuredmedia":[{"embeddable":true,"href":"https:\/\/ucnoqta.az\/index.php?rest_route=\/wp\/v2\/media\/251278"}],"wp:attachment":[{"href":"https:\/\/ucnoqta.az\/index.php?rest_route=%2Fwp%2Fv2%2Fmedia&parent=110421"}],"wp:term":[{"taxonomy":"category","embeddable":true,"href":"https:\/\/ucnoqta.az\/index.php?rest_route=%2Fwp%2Fv2%2Fcategories&post=110421"},{"taxonomy":"post_tag","embeddable":true,"href":"https:\/\/ucnoqta.az\/index.php?rest_route=%2Fwp%2Fv2%2Ftags&post=110421"}],"curies":[{"name":"wp","href":"https:\/\/api.w.org\/{rel}","templated":true}]}}