{"id":105706,"date":"2020-10-13T10:36:25","date_gmt":"2020-10-13T06:36:25","guid":{"rendered":""},"modified":"-0001-11-30T00:00:00","modified_gmt":"-0001-11-29T20:00:00","slug":"","status":"publish","type":"post","link":"https:\/\/ucnoqta.az\/?p=105706","title":{"rendered":"Bu u\u015faqlar G\u0259nc\u0259 q\u0259tliam\u0131nda valideynl\u0259rini itirdi&#8230;"},"content":{"rendered":"<p><strong>&ldquo;G\u0259nc\u0259y\u0259 olunan raket h&uuml;cumu n\u0259tic\u0259sind\u0259 h\u0259r iki valideynini itirmi\u015f bu m\u0259sum u\u015faqlar\u0131n g&ouml;zl\u0259rind\u0259 &ccedil;ox b&ouml;y&uuml;k bir ac\u0131 var&rdquo;.<\/strong><\/p>\n<p>Bunu Prezidentin k&ouml;m\u0259k&ccedil;isi Hikm\u0259t Hac\u0131yev &ouml;z&nbsp; tvitter hesab\u0131nda G\u0259nc\u0259nin i\u015f\u011fal&ccedil;\u0131 Erm\u0259nistan t\u0259r\u0259find\u0259n bombalanmas\u0131 zaman\u0131 ata-anas\u0131n\u0131 itir\u0259n v\u0259 onlar\u0131 son m\u0259nzil\u0259 yola salan u\u015faqlarla ba\u011fl\u0131 payla\u015f\u0131mnda qeyd edib.<\/p>\n<p>16 ya\u015fl\u0131 Sevil v\u0259 qarda\u015f\u0131 8 ya\u015fl\u0131 H&uuml;seyn valideynl\u0259ri Anar \u018fliyev v\u0259 Nur&ccedil;in \u018fliyevan\u0131n G\u0259nc\u0259y\u0259 at\u0131lan raket h&uuml;cumu n\u0259tic\u0259sind\u0259 itiribl\u0259r.<\/p>\n<p>Xat\u0131rladaq ki, terror hadis\u0259si n\u0259tic\u0259sind\u0259 h\u0259m&ccedil;inin k&ouml;rp\u0259 Nilay da h\u0259r iki valideynini itirib. Onun atas\u0131 &Uuml;lvi \u018fl\u0259sg\u0259rov, babas\u0131 Ceyhun \u018fsg\u0259rov v\u0259 n\u0259n\u0259si&nbsp; T\u0259ran\u0259 \u018fsg\u0259rova G\u0259nc\u0259y\u0259 raket hu\u0308cumu n\u0259tic\u0259sind\u0259 h\u0259lak olmu\u015fdu. D&uuml;n\u0259n is\u0259 anas\u0131 \u018fliyeva G&uuml;nay x\u0259st\u0259xanada h\u0259yat\u0131n\u0131 itirib.<\/p>\n<p>Nilay\u0131n G\u0259nc\u0259 q\u0259tliam\u0131nda h\u0259lak olmu\u015f valideynl\u0259ri:<\/p>\n<p>&nbsp;<\/p>\n","protected":false},"excerpt":{"rendered":"<p>&ldquo;G\u0259nc\u0259y\u0259 olunan raket h&uuml;cumu n\u0259tic\u0259sind\u0259 h\u0259r iki valideynini itirmi\u015f bu m\u0259sum u\u015faqlar\u0131n g&ouml;zl\u0259rind\u0259 &ccedil;ox b&ouml;y&uuml;k bir ac\u0131 var&rdquo;. Bunu Prezidentin k&ouml;m\u0259k&ccedil;isi Hikm\u0259t Hac\u0131yev &ouml;z&nbsp; tvitter hesab\u0131nda G\u0259nc\u0259nin i\u015f\u011fal&ccedil;\u0131 Erm\u0259nistan t\u0259r\u0259find\u0259n&hellip;<\/p>\n","protected":false},"author":1,"featured_media":251278,"comment_status":"open","ping_status":"open","sticky":false,"template":"","format":"standard","meta":{"_lmt_disableupdate":"","_lmt_disable":"","footnotes":""},"categories":[101],"tags":[],"class_list":["post-105706","post","type-post","status-publish","format-standard","has-post-thumbnail","hentry","category-cemiyyet"],"_links":{"self":[{"href":"https:\/\/ucnoqta.az\/index.php?rest_route=\/wp\/v2\/posts\/105706","targetHints":{"allow":["GET"]}}],"collection":[{"href":"https:\/\/ucnoqta.az\/index.php?rest_route=\/wp\/v2\/posts"}],"about":[{"href":"https:\/\/ucnoqta.az\/index.php?rest_route=\/wp\/v2\/types\/post"}],"author":[{"embeddable":true,"href":"https:\/\/ucnoqta.az\/index.php?rest_route=\/wp\/v2\/users\/1"}],"replies":[{"embeddable":true,"href":"https:\/\/ucnoqta.az\/index.php?rest_route=%2Fwp%2Fv2%2Fcomments&post=105706"}],"version-history":[{"count":0,"href":"https:\/\/ucnoqta.az\/index.php?rest_route=\/wp\/v2\/posts\/105706\/revisions"}],"wp:featuredmedia":[{"embeddable":true,"href":"https:\/\/ucnoqta.az\/index.php?rest_route=\/wp\/v2\/media\/251278"}],"wp:attachment":[{"href":"https:\/\/ucnoqta.az\/index.php?rest_route=%2Fwp%2Fv2%2Fmedia&parent=105706"}],"wp:term":[{"taxonomy":"category","embeddable":true,"href":"https:\/\/ucnoqta.az\/index.php?rest_route=%2Fwp%2Fv2%2Fcategories&post=105706"},{"taxonomy":"post_tag","embeddable":true,"href":"https:\/\/ucnoqta.az\/index.php?rest_route=%2Fwp%2Fv2%2Ftags&post=105706"}],"curies":[{"name":"wp","href":"https:\/\/api.w.org\/{rel}","templated":true}]}}