{"id":105705,"date":"2020-10-13T10:32:50","date_gmt":"2020-10-13T06:32:50","guid":{"rendered":""},"modified":"-0001-11-30T00:00:00","modified_gmt":"-0001-11-29T20:00:00","slug":"","status":"publish","type":"post","link":"https:\/\/ucnoqta.az\/?p=105705","title":{"rendered":"\u018frdo\u011fan A\u0130-ni Az\u0259rbaycan\u0131n \u0259razi b\u00fct\u00f6vl\u00fcy\u00fc m\u0259s\u0259l\u0259sind\u0259 ard\u0131c\u0131l m\u00f6vqe n\u00fcmayi\u015f etdirm\u0259y\u0259 \u00e7a\u011f\u0131r\u0131b"},"content":{"rendered":"<p><strong>T&uuml;rkiy\u0259 Prezidenti R\u0259c\u0259b Tayyib \u018frdo\u011fan Avropa \u0130ttifaq\u0131 (A\u0130) \u015euras\u0131n\u0131n s\u0259dri \u015earl Mi\u015fell\u0259 telefon dan\u0131\u015f\u0131\u011f\u0131 ke&ccedil;irib.<\/strong><\/p>\n<p>Dan\u0131\u015f\u0131qlar zaman\u0131 T&uuml;rkiy\u0259 Prezidenti A\u0130-ni Az\u0259rbaycan\u0131n \u0259razi b&uuml;t&ouml;vl&uuml;y&uuml; m\u0259s\u0259l\u0259sind\u0259 ard\u0131c\u0131l m&ouml;vqe n&uuml;mayi\u015f etdirm\u0259y\u0259 &ccedil;a\u011f\u0131r\u0131b.<\/p>\n<p>R.T.\u018frdo\u011fan bildirib ki, Az\u0259rbaycan\u0131n \u0259razil\u0259rini i\u015f\u011fal etmi\u015f Erm\u0259nistan, \u0259vv\u0259lc\u0259 neft-qaz enerji x\u0259tl\u0259rinin v\u0259 n\u0259qliyyat mar\u015frutlar\u0131n\u0131n &uuml;z\u0259rind\u0259 yerl\u0259\u015f\u0259n Tovuz rayonuna, sonra G\u0259nc\u0259 \u015f\u0259h\u0259rin\u0259 h&uuml;cum etm\u0259kl\u0259 Avropaya enerji t\u0259dar&uuml;k&uuml; t\u0259hl&uuml;k\u0259sizliyin\u0259 t\u0259hdid yarad\u0131b.<\/p>\n<p>Dan\u0131\u015f\u0131qlar zaman\u0131 t\u0259r\u0259fl\u0259r, h\u0259m&ccedil;inin T&uuml;rkiy\u0259-A\u0130 m&uuml;nasib\u0259tl\u0259rini, el\u0259c\u0259 d\u0259 \u015e\u0259rqi Aral\u0131q d\u0259nizind\u0259ki v\u0259ziyy\u0259ti m&uuml;zakir\u0259 edibl\u0259r.<\/p>\n<p>&nbsp;<\/p>\n","protected":false},"excerpt":{"rendered":"<p>T&uuml;rkiy\u0259 Prezidenti R\u0259c\u0259b Tayyib \u018frdo\u011fan Avropa \u0130ttifaq\u0131 (A\u0130) \u015euras\u0131n\u0131n s\u0259dri \u015earl Mi\u015fell\u0259 telefon dan\u0131\u015f\u0131\u011f\u0131 ke&ccedil;irib. Dan\u0131\u015f\u0131qlar zaman\u0131 T&uuml;rkiy\u0259 Prezidenti A\u0130-ni Az\u0259rbaycan\u0131n \u0259razi b&uuml;t&ouml;vl&uuml;y&uuml; m\u0259s\u0259l\u0259sind\u0259 ard\u0131c\u0131l m&ouml;vqe n&uuml;mayi\u015f etdirm\u0259y\u0259 &ccedil;a\u011f\u0131r\u0131b. R.T.\u018frdo\u011fan&hellip;<\/p>\n","protected":false},"author":1,"featured_media":251278,"comment_status":"open","ping_status":"open","sticky":false,"template":"","format":"standard","meta":{"_lmt_disableupdate":"","_lmt_disable":"","footnotes":""},"categories":[],"tags":[],"class_list":["post-105705","post","type-post","status-publish","format-standard","has-post-thumbnail","hentry"],"_links":{"self":[{"href":"https:\/\/ucnoqta.az\/index.php?rest_route=\/wp\/v2\/posts\/105705","targetHints":{"allow":["GET"]}}],"collection":[{"href":"https:\/\/ucnoqta.az\/index.php?rest_route=\/wp\/v2\/posts"}],"about":[{"href":"https:\/\/ucnoqta.az\/index.php?rest_route=\/wp\/v2\/types\/post"}],"author":[{"embeddable":true,"href":"https:\/\/ucnoqta.az\/index.php?rest_route=\/wp\/v2\/users\/1"}],"replies":[{"embeddable":true,"href":"https:\/\/ucnoqta.az\/index.php?rest_route=%2Fwp%2Fv2%2Fcomments&post=105705"}],"version-history":[{"count":0,"href":"https:\/\/ucnoqta.az\/index.php?rest_route=\/wp\/v2\/posts\/105705\/revisions"}],"wp:featuredmedia":[{"embeddable":true,"href":"https:\/\/ucnoqta.az\/index.php?rest_route=\/wp\/v2\/media\/251278"}],"wp:attachment":[{"href":"https:\/\/ucnoqta.az\/index.php?rest_route=%2Fwp%2Fv2%2Fmedia&parent=105705"}],"wp:term":[{"taxonomy":"category","embeddable":true,"href":"https:\/\/ucnoqta.az\/index.php?rest_route=%2Fwp%2Fv2%2Fcategories&post=105705"},{"taxonomy":"post_tag","embeddable":true,"href":"https:\/\/ucnoqta.az\/index.php?rest_route=%2Fwp%2Fv2%2Ftags&post=105705"}],"curies":[{"name":"wp","href":"https:\/\/api.w.org\/{rel}","templated":true}]}}