{"id":105700,"date":"2020-10-13T09:53:49","date_gmt":"2020-10-13T05:53:49","guid":{"rendered":""},"modified":"-0001-11-30T00:00:00","modified_gmt":"-0001-11-29T20:00:00","slug":"","status":"publish","type":"post","link":"https:\/\/ucnoqta.az\/?p=105700","title":{"rendered":"T\u00fcrkiy\u0259 v\u0259t\u0259nda\u015f\u0131 ordumuza d\u0259st\u0259k \u00fc\u00e7\u00fcn ni\u015fan \u00fcz\u00fcy\u00fcn\u00fc g\u00f6nd\u0259rdi &#8211;<font color=red><b> Video<\/b><\/font>"},"content":{"rendered":"<p><strong>Az\u0259rbaycan\u0131n T&uuml;rkiy\u0259d\u0259ki s\u0259firi X\u0259z\u0259r \u0130brahim qarda\u015f &ouml;lk\u0259d\u0259 T&uuml;rkiy\u0259 Quru Qo\u015funlar\u0131 m\u0259kt\u0259binin 2020-2021 t\u0259dris ilinin a&ccedil;\u0131l\u0131\u015f m\u0259rasimi zaman\u0131 &ccedil;\u0131x\u0131\u015f\u0131 zaman\u0131 G\u0259nc\u0259 hadis\u0259l\u0259rind\u0259n sonra bir T&uuml;rkiy\u0259 v\u0259t\u0259nda\u015f\u0131n\u0131n &ouml;z ni\u015fan &uuml;z&uuml;y&uuml;n&uuml; Az\u0259rbaycan Ordusuna d\u0259st\u0259k &uuml;&ccedil;&uuml;n g&ouml;nd\u0259rdiyini a&ccedil;\u0131qlay\u0131b.\u200b<\/strong><\/p>\n<p>&ldquo;Qafqazinfo&rdquo;nun verdiyi x\u0259b\u0259r\u0259 g&ouml;r\u0259, X.\u0130brahim bildirib ki, &ldquo;Bir mill\u0259t, iki d&ouml;vl\u0259t&rdquo; &ndash; bu, art\u0131q bir sloqan deyil: &ldquo;Bu art\u0131q tam bir ger&ccedil;\u0259kdir. Bu ger&ccedil;\u0259klik d\u0259 \u0259n &uuml;std\u0259n, prezidentl\u0259rimizin m&uuml;nasib\u0259tl\u0259rind\u0259n ba\u015flayaraq b&uuml;t&uuml;n xalq\u0131m\u0131z\u0131n bir-birinin i&ccedil;ind\u0259 olmas\u0131ndan ibar\u0259tdir. Biz h\u0259r g&uuml;n 2-3 min d\u0259st\u0259k m\u0259ktubu al\u0131r\u0131q. &Uuml;&ccedil; g&uuml;n &ouml;nc\u0259 Mara\u015fdan bir qarda\u015f\u0131m\u0131z m\u0259ktub g&ouml;nd\u0259rib v\u0259 Az\u0259rbaycan\u0131n yan\u0131nda oldu\u011funu, bizim ke&ccedil;mi\u015fimizin, bu g&uuml;n&uuml;m&uuml;z&uuml;n v\u0259 g\u0259l\u0259c\u0259yimizin bir oldu\u011funu qeyd edib. H\u0259min m\u0259ktubla birg\u0259 m\u0259n\u0259 T&uuml;rkiy\u0259 bayra\u011f\u0131 da g&ouml;nd\u0259rib. M\u0259nim &uuml;&ccedil;&uuml;n d\u0259, T&uuml;rkiy\u0259 v\u0259t\u0259nda\u015flar\u0131 &uuml;&ccedil;&uuml;n d\u0259 Az\u0259rbaycan v\u0259 T&uuml;rkiy\u0259 bayraqlar\u0131n\u0131 eynidir. Bizim &Ccedil;anaqqala sava\u015f\u0131nda da qan\u0131m\u0131z birg\u0259 t&ouml;k&uuml;ld&uuml;, bir-birimizin yan\u0131nda olduq, h\u0259r zaman da bel\u0259 olacaq.<\/p>\n<p>H\u0259min qarda\u015f\u0131m\u0131z daha sonra yaz\u0131b ki, Az\u0259rbaycan &uuml;&ccedil;&uuml;n, &ouml;z m\u0259ml\u0259k\u0259tim &uuml;&ccedil;&uuml;n bir \u015fey etm\u0259k ist\u0259yir\u0259m. &Ouml;z&uuml;n&uuml;n ni\u015fan &uuml;z&uuml;y&uuml;n&uuml; g&ouml;nd\u0259rib, &uuml;z&uuml;y&uuml;n i&ccedil;ind\u0259 h\u0259yat yolda\u015f\u0131n\u0131n ad\u0131 yaz\u0131l\u0131b. Bunu Az\u0259rbaycana yard\u0131m &uuml;&ccedil;&uuml;n g&ouml;nd\u0259rdiyini bildirib. Bu, m\u0259ni &ccedil;ox duy\u011fuland\u0131rd\u0131. D&uuml;nyan\u0131n he&ccedil; bir yerind\u0259 bunu he&ccedil; kim kims\u0259 &uuml;&ccedil;&uuml;n etm\u0259z. D\u0259rhal h\u0259min \u015f\u0259xsl\u0259 telefonla dan\u0131\u015fd\u0131m, t\u0259\u015f\u0259kk&uuml;r etdim, amma &uuml;z&uuml;y&uuml; g&ouml;nd\u0259r\u0259 bilm\u0259y\u0259c\u0259yimi dedim. Ona &uuml;z&uuml;y&uuml; geri qaytarmaq ist\u0259diyimi bildirdim. Cavab verdi ki, &ldquo;bunu ets\u0259niz, &ccedil;ox pis olaram, &ccedil;&uuml;nki bu m\u0259nim t\u0259k q\u0259rar\u0131m deyil, G\u0259nc\u0259d\u0259 olanlar\u0131 g&ouml;r\u0259r\u0259k ail\u0259vi bu q\u0259rar\u0131 verdik&rdquo;. Bizim h\u0259r zaman bir-birimizin yan\u0131nda olmas\u0131 m\u0259hz bayraqlar\u0131m\u0131zdan, k&ouml;nl&uuml;m&uuml;zd\u0259n g\u0259l\u0259n duy\u011fulardan ke&ccedil;\u0259r. \u018fg\u0259r biz \u0259n &ouml;n\u0259mli, \u0259n \u0259ziz olan bayra\u011f\u0131m\u0131z\u0131, ni\u015fan &uuml;z&uuml;y&uuml;m&uuml;z&uuml; bir-birimiz\u0259 g&ouml;nd\u0259ririks\u0259, he&ccedil; bir m&ouml;vzuda kims\u0259 bizim qar\u015f\u0131m\u0131zda dura bilm\u0259z&rdquo;.<\/p>\n<p>T\u0259dbird\u0259 T&uuml;rkiy\u0259nin Milli M&uuml;dafi\u0259 naziri Hulusi Akar v\u0259 Ordu generallar\u0131 i\u015ftirak edib.<\/p>\n<p><iframe allowfullscreen=\"\" frameborder=\"0\" height=\"360\" scrolling=\"no\" src=\"https:\/\/qafqazinfo.az\/news\/player?id=301624&amp;l=\/uploads\/files\/121460631_796736114421418_8543638748636022191_n.mp4\" width=\"100%\"><\/iframe><\/p>\n","protected":false},"excerpt":{"rendered":"<p>Az\u0259rbaycan\u0131n T&uuml;rkiy\u0259d\u0259ki s\u0259firi X\u0259z\u0259r \u0130brahim qarda\u015f &ouml;lk\u0259d\u0259 T&uuml;rkiy\u0259 Quru Qo\u015funlar\u0131 m\u0259kt\u0259binin 2020-2021 t\u0259dris ilinin a&ccedil;\u0131l\u0131\u015f m\u0259rasimi zaman\u0131 &ccedil;\u0131x\u0131\u015f\u0131 zaman\u0131 G\u0259nc\u0259 hadis\u0259l\u0259rind\u0259n sonra bir T&uuml;rkiy\u0259 v\u0259t\u0259nda\u015f\u0131n\u0131n &ouml;z ni\u015fan &uuml;z&uuml;y&uuml;n&uuml; Az\u0259rbaycan Ordusuna&hellip;<\/p>\n","protected":false},"author":1,"featured_media":251278,"comment_status":"open","ping_status":"open","sticky":false,"template":"","format":"standard","meta":{"_lmt_disableupdate":"","_lmt_disable":"","footnotes":""},"categories":[],"tags":[],"class_list":["post-105700","post","type-post","status-publish","format-standard","has-post-thumbnail","hentry"],"_links":{"self":[{"href":"https:\/\/ucnoqta.az\/index.php?rest_route=\/wp\/v2\/posts\/105700","targetHints":{"allow":["GET"]}}],"collection":[{"href":"https:\/\/ucnoqta.az\/index.php?rest_route=\/wp\/v2\/posts"}],"about":[{"href":"https:\/\/ucnoqta.az\/index.php?rest_route=\/wp\/v2\/types\/post"}],"author":[{"embeddable":true,"href":"https:\/\/ucnoqta.az\/index.php?rest_route=\/wp\/v2\/users\/1"}],"replies":[{"embeddable":true,"href":"https:\/\/ucnoqta.az\/index.php?rest_route=%2Fwp%2Fv2%2Fcomments&post=105700"}],"version-history":[{"count":0,"href":"https:\/\/ucnoqta.az\/index.php?rest_route=\/wp\/v2\/posts\/105700\/revisions"}],"wp:featuredmedia":[{"embeddable":true,"href":"https:\/\/ucnoqta.az\/index.php?rest_route=\/wp\/v2\/media\/251278"}],"wp:attachment":[{"href":"https:\/\/ucnoqta.az\/index.php?rest_route=%2Fwp%2Fv2%2Fmedia&parent=105700"}],"wp:term":[{"taxonomy":"category","embeddable":true,"href":"https:\/\/ucnoqta.az\/index.php?rest_route=%2Fwp%2Fv2%2Fcategories&post=105700"},{"taxonomy":"post_tag","embeddable":true,"href":"https:\/\/ucnoqta.az\/index.php?rest_route=%2Fwp%2Fv2%2Ftags&post=105700"}],"curies":[{"name":"wp","href":"https:\/\/api.w.org\/{rel}","templated":true}]}}