{"id":105699,"date":"2020-10-13T09:51:07","date_gmt":"2020-10-13T05:51:07","guid":{"rendered":""},"modified":"-0001-11-30T00:00:00","modified_gmt":"-0001-11-29T20:00:00","slug":"","status":"publish","type":"post","link":"https:\/\/ucnoqta.az\/?p=105699","title":{"rendered":"Erm\u0259nistan terroru d\u0259st\u0259kl\u0259y\u0259n d\u00f6vl\u0259tl\u0259rd\u0259n yard\u0131m alaraq i\u015f\u011fal \u0259razil\u0259rini geni\u015fl\u0259ndirm\u0259y\u0259 c\u0259hd edir"},"content":{"rendered":"<p><strong>Rusiyan\u0131n vasit\u0259&ccedil;iliyi il\u0259 Az\u0259rbaycan v\u0259 Erm\u0259nistan xarici i\u015fl\u0259r nazirl\u0259rinin Moskva g&ouml;r&uuml;\u015f&uuml; n\u0259tic\u0259sind\u0259 elan edil\u0259n humanitar at\u0259\u015fk\u0259si h\u0259mi\u015f\u0259 oldu\u011fu kimi yen\u0259 d\u0259 Erm\u0259nistan kobud \u015f\u0259kild\u0259 pozdu, &ccedil;&uuml;nki bu terror&ccedil;u d&ouml;vl\u0259tin m\u0259qs\u0259di ba\u015fqad\u0131r.<\/strong><\/p>\n<p>Bunu Trend-\u0259 AMEA-n\u0131n Qafqaz\u015f&uuml;nasl\u0131q \u0130nstitutunun elmi i\u015fl\u0259r &uuml;zr\u0259 direktor m&uuml;avini, siyasi elml\u0259r doktoru, politoloq Ramil\u0259 Dada\u015fova deyib.<\/p>\n<p>Onun s&ouml;zl\u0259rin\u0259 g&ouml;r\u0259, at\u0259\u015fk\u0259si pozan bu terror&ccedil;u d&ouml;vl\u0259t i\u015f\u011fal etdiyi \u0259razil\u0259ri n\u0259inki &ouml;z sahibin\u0259 qaytarmaq ist\u0259mir, h\u0259m&ccedil;inin terror t\u0259\u015fkilatlar\u0131ndan, terroru d\u0259st\u0259kl\u0259y\u0259n d&ouml;vl\u0259tl\u0259rd\u0259n yard\u0131m alaraq i\u015f\u011fal \u0259razil\u0259rini geni\u015fl\u0259ndirm\u0259y\u0259 c\u0259hd edir: &ldquo;Erm\u0259nistan\u0131n oktyabr\u0131n 10-dan 11-n\u0259 ke&ccedil;\u0259n gec\u0259 saat 2 rad\u0259l\u0259rind\u0259 dinc sakinl\u0259rin yatd\u0131\u011f\u0131 bir vaxtda c\u0259bh\u0259 b&ouml;lg\u0259sind\u0259n 100 km uzaq olan G\u0259nc\u0259 \u015f\u0259h\u0259rin\u0259 raket atmas\u0131 bir daha s&uuml;but edir ki, terror&ccedil;u d&ouml;vl\u0259t i\u015f\u011fal etdiyi \u0259razil\u0259rin sah\u0259sini geni\u015fl\u0259ndirm\u0259y\u0259 c\u0259hd edir. Erm\u0259nistan\u0131n bu terror f\u0259aliyy\u0259ti zaman\u0131 3 ya\u015fay\u0131\u015f binas\u0131 tam da\u011f\u0131ld\u0131, u\u015faqlar, qad\u0131nlar, qocalar da\u011f\u0131nt\u0131lar\u0131n alt\u0131nda qald\u0131, 4-&uuml; qad\u0131n olmaqla, 9 m&uuml;lki v\u0259t\u0259nda\u015f h\u0259lak oldu, 16-s\u0131 qad\u0131n, 4-&uuml; azya\u015fl\u0131 u\u015faq olmaqla, 39 n\u0259f\u0259r yaraland\u0131. Erm\u0259nistan\u0131n terror f\u0259aliyy\u0259tinin u\u015faqlara nec\u0259 psixoloji t\u0259sir etdiyi da\u011f\u0131nt\u0131lar zaman\u0131 da\u015f\u0131n alt\u0131ndan &ccedil;\u0131xar\u0131lan azya\u015fl\u0131 &Ouml;m\u0259r N\u0259sirovun &quot;Qorxdum, bu, m\u0259nim yad\u0131mdan &ccedil;\u0131xmayacaq&quot; s&ouml;zl\u0259rini qeyd etm\u0259yimiz il\u0259 ayd\u0131n olar. B&uuml;t&uuml;n bunlar Erm\u0259nistan\u0131n h\u0259yata ke&ccedil;irdiyi cinay\u0259tl\u0259rdir&rdquo;.<\/p>\n<p>R.Dada\u015fova qeyd edib ki, d&uuml;nya birliyi Erm\u0259nistan\u0131n Az\u0259rbaycan\u0131n m&uuml;lki \u0259halisin\u0259 qar\u015f\u0131 t&ouml;r\u0259tdiyi bu cinay\u0259tl\u0259r\u0259 laqeyd qalmamal\u0131d\u0131r.<\/p>\n<p>Politoloq \u0259lav\u0259 edib ki, Erm\u0259nistan silahl\u0131 q&uuml;vv\u0259l\u0259ri yaral\u0131lara yard\u0131m edilm\u0259sin\u0259 mane olmaq &uuml;&ccedil;&uuml;n tibb i\u015f&ccedil;il\u0259rini, \u0259halinin t\u0259hl&uuml;k\u0259sizliyini t\u0259min ed\u0259n humanitar minat\u0259mizl\u0259m\u0259 il\u0259 m\u0259\u015f\u011ful olan Az\u0259rbaycan Respublikas\u0131n\u0131n Minalardan T\u0259mizl\u0259nm\u0259si &uuml;zr\u0259 Milli Agentliyinin (ANAMA) i\u015f&ccedil;i hey\u0259tini d\u0259 h\u0259d\u0259f\u0259 al\u0131rlar. Suqovu\u015fan \u0259razisind\u0259 erm\u0259ni \u0259sg\u0259rl\u0259rinin c\u0259s\u0259dl\u0259rini y\u0131\u011fan v\u0259 &uuml;z\u0259rin\u0259 ayd\u0131n \u015f\u0259kild\u0259 a\u011f bayraq sanc\u0131lan sanitar ma\u015f\u0131n\u0131n Erm\u0259nistan silahl\u0131 q&uuml;vv\u0259l\u0259ri t\u0259r\u0259find\u0259n at\u0259\u015f\u0259 tutulmas\u0131 n\u0259tic\u0259sind\u0259 bir tibbi xidm\u0259t qulluq&ccedil;usu, oktyabr\u0131n 9-da is\u0259 ANAMA-n\u0131n F&uuml;zuli regional idar\u0259sinin \u0259m\u0259kda\u015f\u0131 \u018fs\u0259dov Samir a\u011f\u0131r \u015f\u0259kild\u0259 yaralan\u0131b.<\/p>\n<p>Beyn\u0259lxalq s\u0259n\u0259dl\u0259rin silahl\u0131 m&uuml;naqi\u015f\u0259l\u0259rd\u0259 v\u0259t\u0259nda\u015flar\u0131n h&uuml;quqlar\u0131n\u0131n qorunmas\u0131 &uuml;&ccedil;&uuml;n vacib mexanizm sayan R.Dada\u015fova bildirib ki, insanl\u0131\u011f\u0131n m&uuml;dafi\u0259sin\u0259 y&ouml;n\u0259ldilmi\u015f s\u0259n\u0259dl\u0259rd\u0259n ir\u0259li g\u0259l\u0259n &ouml;hd\u0259likl\u0259r barbar Erm\u0259nistan d&ouml;vl\u0259ti t\u0259r\u0259find\u0259n pozulur:<\/p>\n<p>&ldquo;Bir &ccedil;ox beyn\u0259lxalq konvensiyalar\u0131n &ldquo;i\u015ftirak&ccedil;\u0131s\u0131&rdquo; olan Erm\u0259nistan bu beyn\u0259lxalq h&uuml;quq normalar\u0131ndan ir\u0259li g\u0259l\u0259n &ouml;hd\u0259likl\u0259ri yerin\u0259 yetirmir. D&uuml;nyada qada\u011fan olunmu\u015f silahlardan XXI \u0259srd\u0259 insanl\u0131\u011fa qar\u015f\u0131 istifad\u0259 ed\u0259n barbar, terror&ccedil;u Erm\u0259nistan d&ouml;vl\u0259ti d&uuml;nya d&ouml;vl\u0259tl\u0259ri t\u0259r\u0259find\u0259n q\u0259bul edil\u0259n he&ccedil; bir beyn\u0259lxalq h&uuml;quq normas\u0131na m\u0259h\u0259l qoymur. Erm\u0259nistan Az\u0259rbaycana qar\u015f\u0131 h\u0259rbi t\u0259cav&uuml;z\u0259 ba\u015flad\u0131\u011f\u0131 g&uuml;nd\u0259n etibar\u0259n u\u015faqlar\u0131, qad\u0131nlar\u0131, qocalar\u0131 q\u0259tl\u0259 yetirm\u0259kd\u0259 davam edir v\u0259 b&uuml;t&uuml;n bunlar d&uuml;nya birliyi t\u0259r\u0259find\u0259n s&uuml;kutla qar\u015f\u0131lan\u0131r, cinay\u0259tkar, terror&ccedil;u Erm\u0259nistan h&ouml;kum\u0259ti c\u0259zas\u0131q qald\u0131\u011f\u0131 &uuml;&ccedil;&uuml;n daha da \u015firnikl\u0259nir v\u0259 daha &ccedil;ox cinay\u0259tl\u0259r\u0259 \u0259l at\u0131r. Haql\u0131 olaraq BMT-d\u0259n T\u0259hl&uuml;k\u0259sizlik \u015euras\u0131n\u0131n q\u0259bul etdiyi 4 m\u0259lum q\u0259tnam\u0259d\u0259n &ccedil;\u0131x\u0131\u015f ed\u0259r\u0259k Erm\u0259nistan\u0131n bu barbar siyas\u0259tin\u0259 reaksiya g&ouml;st\u0259rm\u0259si g&ouml;zl\u0259nilir.<\/p>\n<p>Az\u0259rbaycanda Xalq-Ordu-Prezident h\u0259mr\u0259yliyinin pik n&ouml;qt\u0259sind\u0259 oldu\u011funu, \u0259halinin &ouml;z torpaqlar\u0131n\u0131 azad etm\u0259k u\u011frunda d&ouml;y&uuml;\u015f\u0259 getm\u0259y\u0259 haz\u0131r oldu\u011funu g&ouml;rm\u0259kd\u0259 kor olan Erm\u0259nistan\u0131n m\u0259qs\u0259di Az\u0259rbaycan \u0259halisi aras\u0131nda panika yaratmaq, &ouml;z i\u015f\u011fal&ccedil;\u0131l\u0131q siyas\u0259tini asanl\u0131qla davam etdirm\u0259kdir. Lakin Erm\u0259nistan\u0131n d&ouml;y&uuml;\u015f b&ouml;lg\u0259sind\u0259n k\u0259nar \u0259razil\u0259ri, m&uuml;lki \u0259halini at\u0259\u015f\u0259 tutmas\u0131, m&uuml;lki \u0259hali aras\u0131nda h\u0259lak olanlar\u0131n, yaralananlar\u0131n olmas\u0131, k&uuml;tl\u0259vi da\u011f\u0131nt\u0131 insanlar\u0131 daha da q\u0259z\u0259bl\u0259ndirir, ham\u0131 bir n\u0259f\u0259r kimi erm\u0259nil\u0259rin i\u015f\u011fal olunmu\u015f Az\u0259rbaycan \u0259razil\u0259rind\u0259n qovulmas\u0131nda canla-ba\u015fla i\u015ftirak etm\u0259k ist\u0259yir. Az\u0259rbaycan Ordusuna v\u0259 Ali Ba\u015f Komandana g&uuml;v\u0259n\u0259n Xalq\u0131m\u0131z he&ccedil; bir t\u0259xribata uymur v\u0259 torpaqlar\u0131m\u0131z\u0131n Erm\u0259nistan\u0131n i\u015f\u011fal\u0131ndan azad edilm\u0259si &uuml;&ccedil;&uuml;n daha q\u0259tiyy\u0259tl\u0259 m&uuml;bariz\u0259 apar\u0131r&rdquo;.<\/p>\n<p>&nbsp;<\/p>\n","protected":false},"excerpt":{"rendered":"<p>Rusiyan\u0131n vasit\u0259&ccedil;iliyi il\u0259 Az\u0259rbaycan v\u0259 Erm\u0259nistan xarici i\u015fl\u0259r nazirl\u0259rinin Moskva g&ouml;r&uuml;\u015f&uuml; n\u0259tic\u0259sind\u0259 elan edil\u0259n humanitar at\u0259\u015fk\u0259si h\u0259mi\u015f\u0259 oldu\u011fu kimi yen\u0259 d\u0259 Erm\u0259nistan kobud \u015f\u0259kild\u0259 pozdu, &ccedil;&uuml;nki bu terror&ccedil;u d&ouml;vl\u0259tin m\u0259qs\u0259di&hellip;<\/p>\n","protected":false},"author":1,"featured_media":251278,"comment_status":"open","ping_status":"open","sticky":false,"template":"","format":"standard","meta":{"_lmt_disableupdate":"","_lmt_disable":"","footnotes":""},"categories":[],"tags":[],"class_list":["post-105699","post","type-post","status-publish","format-standard","has-post-thumbnail","hentry"],"_links":{"self":[{"href":"https:\/\/ucnoqta.az\/index.php?rest_route=\/wp\/v2\/posts\/105699","targetHints":{"allow":["GET"]}}],"collection":[{"href":"https:\/\/ucnoqta.az\/index.php?rest_route=\/wp\/v2\/posts"}],"about":[{"href":"https:\/\/ucnoqta.az\/index.php?rest_route=\/wp\/v2\/types\/post"}],"author":[{"embeddable":true,"href":"https:\/\/ucnoqta.az\/index.php?rest_route=\/wp\/v2\/users\/1"}],"replies":[{"embeddable":true,"href":"https:\/\/ucnoqta.az\/index.php?rest_route=%2Fwp%2Fv2%2Fcomments&post=105699"}],"version-history":[{"count":0,"href":"https:\/\/ucnoqta.az\/index.php?rest_route=\/wp\/v2\/posts\/105699\/revisions"}],"wp:featuredmedia":[{"embeddable":true,"href":"https:\/\/ucnoqta.az\/index.php?rest_route=\/wp\/v2\/media\/251278"}],"wp:attachment":[{"href":"https:\/\/ucnoqta.az\/index.php?rest_route=%2Fwp%2Fv2%2Fmedia&parent=105699"}],"wp:term":[{"taxonomy":"category","embeddable":true,"href":"https:\/\/ucnoqta.az\/index.php?rest_route=%2Fwp%2Fv2%2Fcategories&post=105699"},{"taxonomy":"post_tag","embeddable":true,"href":"https:\/\/ucnoqta.az\/index.php?rest_route=%2Fwp%2Fv2%2Ftags&post=105699"}],"curies":[{"name":"wp","href":"https:\/\/api.w.org\/{rel}","templated":true}]}}