{"id":105688,"date":"2020-10-12T21:09:39","date_gmt":"2020-10-12T17:09:39","guid":{"rendered":""},"modified":"-0001-11-30T00:00:00","modified_gmt":"-0001-11-29T20:00:00","slug":"","status":"publish","type":"post","link":"https:\/\/ucnoqta.az\/?p=105688","title":{"rendered":"\u201cErm\u0259nistan h\u0259m tarix, h\u0259m d\u0259 beyn\u0259lxalq h\u00fcquq qar\u015f\u0131s\u0131nda cavab ver\u0259c\u0259k\u201d- <font color=red><b>Hulusi Akar<\/b><\/font>"},"content":{"rendered":"<p><strong>&ldquo;Erm\u0259nistan\u0131n at\u0259\u015fk\u0259si pozmas\u0131 yeni bir \u015fey deyil. Erm\u0259nistan h\u0259r zaman insanl\u0131q v\u0259 m&uuml;harib\u0259 cinay\u0259tin\u0259 yol verir&rdquo;.<\/strong><\/p>\n<p>Bunu T&uuml;rkiy\u0259nin Milli M&uuml;dafi\u0259 naziri Hulusi Akar Erm\u0259nistan\u0131n G\u0259nc\u0259y\u0259 son h&uuml;cumu il\u0259 ba\u011fl\u0131 deyib. Onun s&ouml;zl\u0259rin\u0259 g&ouml;r\u0259, Erm\u0259nistan\u0131n bu t\u0259cav&uuml;zkarl\u0131\u011f\u0131 art\u0131q ad\u0259t hal\u0131n\u0131 al\u0131b v\u0259 onlara veril\u0259n d\u0259st\u0259k onlar\u0131 h\u0259dsiz d\u0259r\u0259c\u0259d\u0259 \u0259rk&ouml;y&uuml;nl\u0259\u015fdirib:<br \/>\n&ldquo;Erm\u0259nistan r\u0259hb\u0259rliyi bu m\u0259s\u0259l\u0259d\u0259 &ccedil;ox &ouml;zba\u015f\u0131nal\u0131\u011fa yol verir. Onlar n\u0259 beyn\u0259lxalq h&uuml;quqa, n\u0259 d\u0259 insani d\u0259y\u0259rl\u0259r\u0259 h&ouml;rm\u0259t edirl\u0259r.<\/p>\n<p>T\u0259\u0259ss&uuml;f ki, G\u0259nc\u0259y\u0259 v\u0259 dig\u0259r bir &ccedil;ox ya\u015fay\u0131\u015f m\u0259nt\u0259q\u0259sin\u0259 amans\u0131zcas\u0131na h&uuml;cum etdil\u0259r v\u0259 h&uuml;cumlar\u0131na davam edirl\u0259r. Bu, h\u0259m d\u0259 at\u0259\u015fk\u0259sin pozulmas\u0131 dem\u0259kdir. Bir g&uuml;n onlar h\u0259m tarix, h\u0259m d\u0259 beyn\u0259lxalq h&uuml;quq qar\u015f\u0131s\u0131nda cavab ver\u0259c\u0259kl\u0259r&rdquo;, &#8211; dey\u0259 H.Akar vur\u011fulay\u0131b.\/\/\/Apa<\/p>\n","protected":false},"excerpt":{"rendered":"<p>&ldquo;Erm\u0259nistan\u0131n at\u0259\u015fk\u0259si pozmas\u0131 yeni bir \u015fey deyil. Erm\u0259nistan h\u0259r zaman insanl\u0131q v\u0259 m&uuml;harib\u0259 cinay\u0259tin\u0259 yol verir&rdquo;. Bunu T&uuml;rkiy\u0259nin Milli M&uuml;dafi\u0259 naziri Hulusi Akar Erm\u0259nistan\u0131n G\u0259nc\u0259y\u0259 son h&uuml;cumu il\u0259 ba\u011fl\u0131 deyib.&hellip;<\/p>\n","protected":false},"author":1,"featured_media":251278,"comment_status":"open","ping_status":"open","sticky":false,"template":"","format":"standard","meta":{"_lmt_disableupdate":"","_lmt_disable":"","footnotes":""},"categories":[],"tags":[],"class_list":["post-105688","post","type-post","status-publish","format-standard","has-post-thumbnail","hentry"],"_links":{"self":[{"href":"https:\/\/ucnoqta.az\/index.php?rest_route=\/wp\/v2\/posts\/105688","targetHints":{"allow":["GET"]}}],"collection":[{"href":"https:\/\/ucnoqta.az\/index.php?rest_route=\/wp\/v2\/posts"}],"about":[{"href":"https:\/\/ucnoqta.az\/index.php?rest_route=\/wp\/v2\/types\/post"}],"author":[{"embeddable":true,"href":"https:\/\/ucnoqta.az\/index.php?rest_route=\/wp\/v2\/users\/1"}],"replies":[{"embeddable":true,"href":"https:\/\/ucnoqta.az\/index.php?rest_route=%2Fwp%2Fv2%2Fcomments&post=105688"}],"version-history":[{"count":0,"href":"https:\/\/ucnoqta.az\/index.php?rest_route=\/wp\/v2\/posts\/105688\/revisions"}],"wp:featuredmedia":[{"embeddable":true,"href":"https:\/\/ucnoqta.az\/index.php?rest_route=\/wp\/v2\/media\/251278"}],"wp:attachment":[{"href":"https:\/\/ucnoqta.az\/index.php?rest_route=%2Fwp%2Fv2%2Fmedia&parent=105688"}],"wp:term":[{"taxonomy":"category","embeddable":true,"href":"https:\/\/ucnoqta.az\/index.php?rest_route=%2Fwp%2Fv2%2Fcategories&post=105688"},{"taxonomy":"post_tag","embeddable":true,"href":"https:\/\/ucnoqta.az\/index.php?rest_route=%2Fwp%2Fv2%2Ftags&post=105688"}],"curies":[{"name":"wp","href":"https:\/\/api.w.org\/{rel}","templated":true}]}}