{"id":105687,"date":"2020-10-12T21:08:09","date_gmt":"2020-10-12T17:08:09","guid":{"rendered":""},"modified":"-0001-11-30T00:00:00","modified_gmt":"-0001-11-29T20:00:00","slug":"","status":"publish","type":"post","link":"https:\/\/ucnoqta.az\/?p=105687","title":{"rendered":"Ceyhun Bayramovla Slovakiyan\u0131n Xarici v\u0259 Avropa \u0130\u015fl\u0259ri naziri aras\u0131ndak\u0131 telefon dan\u0131\u015f\u0131\u011f\u0131 olub"},"content":{"rendered":"<p><strong>Oktyabr\u0131n 12-d\u0259 Az\u0259rbaycan Respublikas\u0131n\u0131n Xarici \u0130\u015fl\u0259r naziri Ceyhun Bayramovun Slovakiya Respublikas\u0131n\u0131n Xarici v\u0259 Avropa \u0130\u015fl\u0259ri naziri \u0130van Kor&ccedil;ok il\u0259 telefon dan\u0131\u015f\u0131\u011f\u0131 ba\u015f tutub.<\/strong><\/p>\n<p>Xarici \u0130\u015fl\u0259r Nazirliyind\u0259n&nbsp;Ucnoqta.az-a veril\u0259n m\u0259lumata g&ouml;r\u0259, nazir \u0130van Kor&ccedil;ok b&ouml;lg\u0259d\u0259ki g\u0259rginlikd\u0259n ciddi narahatl\u0131\u011f\u0131n\u0131 ifad\u0259 etdi v\u0259 siyasi dialoqun b\u0259rpa edilm\u0259sinin vacibliyini vur\u011fulay\u0131b.<\/p>\n<p>Nazir Ceyhun Bayramov, h\u0259mkar\u0131na 27 sentyabr 2020-ci il tarixind\u0259 c\u0259bh\u0259 x\u0259tti boyunca Erm\u0259nistan t\u0259r\u0259find\u0259n h\u0259yata ke&ccedil;irilmi\u015f n&ouml;vb\u0259ti geni\u015fmiqyasl\u0131 h\u0259rbi t\u0259xribat v\u0259 Erm\u0259nistan\u0131n h\u0259rbi t\u0259cav&uuml;z&uuml;n&uuml; d\u0259f etm\u0259k v\u0259 \u0259halinin s\u0131x yerl\u0259\u015fdiyi m&uuml;lki ya\u015fay\u0131\u015f yerl\u0259rinin t\u0259hl&uuml;k\u0259sizliyini t\u0259min etm\u0259k m\u0259qs\u0259di il\u0259 Az\u0259rbaycan silahl\u0131 q&uuml;vvl\u0259rinin h&uuml;cumlara qar\u015f\u0131 \u0259ks h\u0259ml\u0259 \u0259m\u0259liyyat\u0131 bar\u0259d\u0259 m\u0259lumat verib.<\/p>\n<p>Nazir Ceyhun Bayramov, 10 oktyabr 2020-ci il tarixind\u0259 humanitar at\u0259\u015fk\u0259s elan olunduqdan sonra da Erm\u0259nistan\u0131n q\u0259sd\u0259n Az\u0259rbaycan m&uuml;lki \u0259halisini v\u0259 m&uuml;lki obyektl\u0259rini at\u0259\u015f\u0259 tutma\u011fa davam etdiyini qeyd edib. Naftalan, \u015e\u0259mkir, Ming\u0259&ccedil;evir v\u0259 G\u0259nc\u0259 d\u0259 daxil olmaqla c\u0259bh\u0259 b&ouml;lg\u0259sind\u0259n &ccedil;ox uzaqda yerl\u0259\u015f\u0259n Az\u0259rbaycan \u015f\u0259h\u0259rl\u0259rinin Erm\u0259nistan silahl\u0131 q&uuml;vv\u0259l\u0259rinin artilleriya at\u0259\u015fin\u0259 m\u0259ruz qalmas\u0131 haqq\u0131nda m\u0259lumat verib.<\/p>\n<p>Nazir Ceyhun Bayramov regionda davaml\u0131 s&uuml;lh v\u0259 t\u0259hl&uuml;k\u0259sizliyi t\u0259min etm\u0259k &uuml;&ccedil;&uuml;n m&uuml;naqi\u015f\u0259nin n\u0259tic\u0259l\u0259rinin aradan qald\u0131r\u0131lmas\u0131 v\u0259 BMT T\u0259hl&uuml;k\u0259sizlik \u015euras\u0131n\u0131n q\u0259tnam\u0259l\u0259rind\u0259 t\u0259l\u0259b olundu\u011fu kimi Erm\u0259nistan\u0131n silahl\u0131 q&uuml;vv\u0259l\u0259rinin Az\u0259rbaycan\u0131n b&uuml;t&uuml;n i\u015f\u011fal olunmu\u015f \u0259razil\u0259rind\u0259n &ccedil;\u0131xar\u0131lmas\u0131n\u0131n vacibliyini vur\u011fulay\u0131b.<\/p>\n","protected":false},"excerpt":{"rendered":"<p>Oktyabr\u0131n 12-d\u0259 Az\u0259rbaycan Respublikas\u0131n\u0131n Xarici \u0130\u015fl\u0259r naziri Ceyhun Bayramovun Slovakiya Respublikas\u0131n\u0131n Xarici v\u0259 Avropa \u0130\u015fl\u0259ri naziri \u0130van Kor&ccedil;ok il\u0259 telefon dan\u0131\u015f\u0131\u011f\u0131 ba\u015f tutub. Xarici \u0130\u015fl\u0259r Nazirliyind\u0259n&nbsp;Ucnoqta.az-a veril\u0259n m\u0259lumata g&ouml;r\u0259, nazir&hellip;<\/p>\n","protected":false},"author":1,"featured_media":251278,"comment_status":"open","ping_status":"open","sticky":false,"template":"","format":"standard","meta":{"_lmt_disableupdate":"","_lmt_disable":"","footnotes":""},"categories":[],"tags":[],"class_list":["post-105687","post","type-post","status-publish","format-standard","has-post-thumbnail","hentry"],"_links":{"self":[{"href":"https:\/\/ucnoqta.az\/index.php?rest_route=\/wp\/v2\/posts\/105687","targetHints":{"allow":["GET"]}}],"collection":[{"href":"https:\/\/ucnoqta.az\/index.php?rest_route=\/wp\/v2\/posts"}],"about":[{"href":"https:\/\/ucnoqta.az\/index.php?rest_route=\/wp\/v2\/types\/post"}],"author":[{"embeddable":true,"href":"https:\/\/ucnoqta.az\/index.php?rest_route=\/wp\/v2\/users\/1"}],"replies":[{"embeddable":true,"href":"https:\/\/ucnoqta.az\/index.php?rest_route=%2Fwp%2Fv2%2Fcomments&post=105687"}],"version-history":[{"count":0,"href":"https:\/\/ucnoqta.az\/index.php?rest_route=\/wp\/v2\/posts\/105687\/revisions"}],"wp:featuredmedia":[{"embeddable":true,"href":"https:\/\/ucnoqta.az\/index.php?rest_route=\/wp\/v2\/media\/251278"}],"wp:attachment":[{"href":"https:\/\/ucnoqta.az\/index.php?rest_route=%2Fwp%2Fv2%2Fmedia&parent=105687"}],"wp:term":[{"taxonomy":"category","embeddable":true,"href":"https:\/\/ucnoqta.az\/index.php?rest_route=%2Fwp%2Fv2%2Fcategories&post=105687"},{"taxonomy":"post_tag","embeddable":true,"href":"https:\/\/ucnoqta.az\/index.php?rest_route=%2Fwp%2Fv2%2Ftags&post=105687"}],"curies":[{"name":"wp","href":"https:\/\/api.w.org\/{rel}","templated":true}]}}