{"id":105679,"date":"2020-10-12T19:16:30","date_gmt":"2020-10-12T15:16:30","guid":{"rendered":""},"modified":"-0001-11-30T00:00:00","modified_gmt":"-0001-11-29T20:00:00","slug":"","status":"publish","type":"post","link":"https:\/\/ucnoqta.az\/?p=105679","title":{"rendered":"&#8220;He\u00e7 bir v\u0259t\u0259nda\u015f\u0131m\u0131z\u0131n qan\u0131 yerd\u0259 qalmayacaq&#8221;- <font color=red><b>M\u0259h\u0259rr\u0259m \u018fliyev<\/b><\/font>"},"content":{"rendered":"<p><strong>T\u0259cav&uuml;zkar Erm\u0259nistan\u0131n barbarl\u0131q v\u0259 fa\u015fizm ideologiyas\u0131ndan \u0259l &ccedil;\u0259km\u0259y\u0259r\u0259k, c\u0259bh\u0259 x\u0259ttind\u0259n kilometrl\u0259rc\u0259 uzaql\u0131qda yerl\u0259\u015f\u0259n, he&ccedil; bir h\u0259rbi m\u0259qs\u0259dli obyektl\u0259r\u0259 aidiyy\u0259t\u0131 olmayan \u0259razil\u0259rimizi, \u015f\u0259h\u0259rl\u0259rimizi, dinc \u0259halimizi h\u0259d\u0259f\u0259 almas\u0131 bir daha s&uuml;but edir ki, d&uuml;\u015fm\u0259nin bu q\u0259d\u0259r aqressivl\u0259\u015fm\u0259si onun Qaraba\u011f c\u0259bh\u0259sind\u0259 ald\u0131\u011f\u0131 a\u011f\u0131r, sars\u0131d\u0131c\u0131 m\u0259\u011flubiyy\u0259tl\u0259ri il\u0259 bar\u0131\u015fmamas\u0131d\u0131r, h\u0259zm etm\u0259m\u0259sidir<\/strong><\/p>\n<p>Bu fikirl\u0259ri Az\u0259rbaycan Respublikas\u0131 Prezidentinin h\u0259rbi m\u0259s\u0259l\u0259l\u0259r &uuml;zr\u0259 k&ouml;m\u0259k&ccedil;isi, Prezident Administrasiyas\u0131n\u0131n H\u0259rbi m\u0259s\u0259l\u0259l\u0259r \u015f&ouml;b\u0259sinin m&uuml;diri, general-polkovnik M\u0259h\u0259rr\u0259m \u018fliyev erm\u0259ni silah\u0131 q&uuml;vv\u0259l\u0259rinin G\u0259nc\u0259 \u015f\u0259h\u0259rin\u0259 raket z\u0259rb\u0259si endirm\u0259sini, n\u0259tic\u0259d\u0259 m&uuml;lki v\u0259t\u0259nda\u015flar\u0131m\u0131z\u0131n h\u0259yat\u0131n\u0131 itirm\u0259sini v\u0259 &ccedil;ox sayda qad\u0131n v\u0259 u\u015faqlar\u0131n yaralanmas\u0131n\u0131 \u015f\u0259rh ed\u0259rk\u0259n deyib.<\/p>\n<p>General-polkovnik bildirib ki, r\u0259\u015fad\u0259tli Silahl\u0131 Q&uuml;vv\u0259l\u0259rimizin z\u0259f\u0259r y&uuml;r&uuml;\u015f&uuml; ist\u0259r i\u015f\u011fal&ccedil;\u0131 Erm\u0259nistan\u0131, ist\u0259rs\u0259 d\u0259 onlar\u0131n marioneti olan qondarma, saxta &ldquo;dqr&rdquo;i ciddi \u015f\u0259kild\u0259 t\u0259la\u015fland\u0131r\u0131b v\u0259 n\u0259tic\u0259d\u0259 d&uuml;\u015fm\u0259n yenid\u0259n masa arxas\u0131na oturmaq &ccedil;a\u011f\u0131r\u0131\u015flar\u0131 etdi: &ldquo;Bildiyimiz kimi, Moskvada X\u0130N r\u0259hb\u0259rl\u0259rinin g&ouml;r&uuml;\u015f&uuml; oldu v\u0259 11 saat davam ed\u0259n g&ouml;r&uuml;\u015fd\u0259 humanitar at\u0259\u015fk\u0259s \u0259ld\u0259 edildi. Lakin biz n\u0259yi m&uuml;\u015fahid\u0259 etdik? H\u0259tta dan\u0131\u015f\u0131qlar\u0131n getdiyi bir zamanda, eyni zamanda dan\u0131\u015f\u0131qlar bitdikd\u0259n sonra d&uuml;\u015fm\u0259n sakit dayanmad\u0131, \u0259ksin\u0259 daha da aqressiv v\u0259 qanl\u0131 \u0259m\u0259ll\u0259r\u0259 r\u0259vac olan add\u0131ma getdi. B&uuml;t&uuml;n bunlardan sonra n&ouml;vb\u0259ti d\u0259f\u0259 s&uuml;but olundu ki, humanizm ifad\u0259sinin qar\u015f\u0131 t\u0259r\u0259f\u0259 &uuml;mumiyy\u0259tl\u0259 aidiyy\u0259t\u0131 yoxdur. Hesab edir\u0259m ki, i\u015f\u011fal&ccedil;\u0131lar b&uuml;t&uuml;n bunlara g&ouml;r\u0259 m&uuml;tl\u0259q cavab ver\u0259c\u0259kl\u0259r v\u0259 m\u0259suliyy\u0259t d\u0259 birm\u0259nal\u0131 olaraq Erm\u0259nistan r\u0259hb\u0259rliyinin &uuml;z\u0259rind\u0259 d&uuml;\u015f&uuml;r&rdquo;.<\/p>\n<p>Beyn\u0259lxalq qurum v\u0259 t\u0259\u015fkilatlar\u0131n, insan haqlar\u0131 t\u0259\u015fkilatlar\u0131n\u0131n G\u0259nc\u0259 \u015f\u0259h\u0259rin\u0259 endiril\u0259n raket z\u0259rb\u0259sind\u0259n d\u0259rhal sonra n\u0259y\u0259 g&ouml;r\u0259 he&ccedil; bir b\u0259yanat, \u015f\u0259rh verm\u0259m\u0259l\u0259ri sual\u0131n\u0131 da cavabland\u0131ran M\u0259h\u0259rr\u0259m \u018fliyev bildirib ki, bel\u0259 bir m&uuml;nasib\u0259tin n&uuml;mayi\u015f olunmas\u0131 hidd\u0259t do\u011furur v\u0259 beyn\u0259lxalq al\u0259md\u0259 n&uuml;fuzu olan qurumlar bu v\u0259h\u015filiy\u0259, barbarl\u0131\u011fa qar\u015f\u0131 susqun davranmamal\u0131d\u0131rlar: &ldquo;Art\u0131q d&uuml;nyan\u0131n bir &ccedil;ox apar\u0131c\u0131 media qurumlar\u0131 G\u0259nc\u0259d\u0259 ba\u015f vermi\u015f hadis\u0259ni i\u015f\u0131qland\u0131r\u0131blar, d&uuml;nya ictimaiyy\u0259ti hadis\u0259d\u0259nx\u0259b\u0259rdard\u0131rlar. D&uuml;\u015f&uuml;nm&uuml;r\u0259m ki, beyn\u0259lxalq t\u0259\u015fkilatlar h\u0259min hadis\u0259d\u0259n x\u0259b\u0259rsizdirl\u0259r, sad\u0259c\u0259 t\u0259\u0259ss&uuml;f ki, biz bir daha m&uuml;xt\u0259lif b\u0259nz\u0259r m\u0259qamlarda m&uuml;\u0259yy\u0259n ikili standartlar\u0131 m&uuml;\u015fahid\u0259 edirik v\u0259 \u0259slind\u0259 bel\u0259 qeyri-m&uuml;\u0259yy\u0259nlikl\u0259r bizi narahat etmir. Ancaq buna baxmayaraq, d&uuml;nya ictimaiyy\u0259tinin, &ccedil;oxsayl\u0131 ictimai-siyasi dair\u0259l\u0259rin k\u0259skin etirazlar\u0131n\u0131 da g&ouml;zl\u0259yirik. &Ccedil;&uuml;nki ortada insanlar\u0131m\u0131z\u0131n h\u0259yat\u0131n\u0131 itirm\u0259si, m&uuml;lki v\u0259t\u0259nda\u015flar\u0131m\u0131z\u0131n t\u0259hl&uuml;k\u0259 alt\u0131nda olmas\u0131 fakt\u0131 var v\u0259 buna g&ouml;r\u0259 susqun qalma\u011f\u0131n &ouml;z&uuml; d\u0259 i\u015f\u011fal&ccedil;\u0131 cinay\u0259tkarlara, qatill\u0259r\u0259 dolay\u0131s\u0131 il\u0259 haqq qazand\u0131rmaq g&ouml;r&uuml;nt&uuml;s&uuml;n&uuml; yarad\u0131r. Halbuki haqq, \u0259dal\u0259t Az\u0259rbaycan\u0131n t\u0259r\u0259find\u0259dir v\u0259 bunu Ali Ba\u015f Komandan, m&ouml;ht\u0259r\u0259m Prezidentimiz \u0130lham \u018fliyev c\u0259nablar\u0131 d\u0259f\u0259l\u0259rl\u0259 vur\u011fulay\u0131b. D&uuml;\u015fm\u0259n layiq oldu\u011fu cavab\u0131n\u0131 bundan sonra da alacaq, cinay\u0259tl\u0259rin\u0259 g&ouml;r\u0259 c\u0259zaland\u0131r\u0131lacaq. Bu g&uuml;n biz d&ouml;vl\u0259t ba\u015f&ccedil;\u0131m\u0131z\u0131n tvitter hesab\u0131ndak\u0131 qeydind\u0259 d\u0259 bu ger&ccedil;\u0259kliyi g&ouml;rd&uuml;k. O, vur\u011fulay\u0131b ki, Erm\u0259nistan\u0131n h\u0259rbi-siyasi r\u0259hb\u0259rliyi t&ouml;r\u0259tdiyi cinay\u0259tin\u0259 g&ouml;r\u0259 m\u0259suliyy\u0259t da\u015f\u0131y\u0131r v\u0259 Az\u0259rbaycan t\u0259r\u0259fi b&uuml;t&uuml;n bunlara layiqli cavab ver\u0259c\u0259k&rdquo;.<\/p>\n<p>General-polkovnik bir s\u0131ra dair\u0259l\u0259rin Rusiya il\u0259 Az\u0259rbaycan aras\u0131ndak\u0131 m&uuml;nasib\u0259tl\u0259ri pozma\u011fa y&ouml;n\u0259lmi\u015f f\u0259aliyy\u0259ti m\u0259s\u0259l\u0259sin\u0259 d\u0259 toxunaraq bildirib ki, Rusiyan\u0131n bir qrup K\u0130V-l\u0259ri dezinformasiya v\u0259 yalan xarakterli m\u0259lumatlar yaymaqla, x&uuml;susil\u0259 iki &ouml;lk\u0259 aras\u0131nda yanl\u0131\u015f d&uuml;\u015f&uuml;nc\u0259l\u0259rin yarad\u0131lmas\u0131na, bu vasit\u0259 il\u0259 m&ouml;vcud m&uuml;nasib\u0259tl\u0259r\u0259 x\u0259l\u0259l vurma\u011fa c\u0259hd edirl\u0259r: &ldquo;\u0130nan\u0131ram ki, sa\u011flam d&uuml;\u015f&uuml;nc\u0259li insanlar bu c&uuml;r &quot;jurnalist&quot;l\u0259rin, &quot;bloger&quot;l\u0259rin uydurduqlar\u0131 yalanlara inanm\u0131rlar v\u0259 yax\u015f\u0131 bilirl\u0259r ki, feyk x\u0259b\u0259rl\u0259r n\u0259tic\u0259siz qal\u0131r. Daha do\u011frusu, saxta informasiyalar h\u0259qiq\u0259ti, reall\u0131\u011f\u0131 &uuml;st\u0259l\u0259y\u0259 bilmir. Bu bax\u0131mdan, &ouml;lk\u0259l\u0259rimiz aras\u0131ndak\u0131 m&uuml;nasib\u0259tl\u0259ri pozma\u011fa &ccedil;al\u0131\u015fanlar ist\u0259dikl\u0259ri n\u0259tic\u0259l\u0259ri vermir. El\u0259 G\u0259nc\u0259d\u0259 ba\u015f vermi\u015f d&uuml;\u015fm\u0259n t\u0259xribat\u0131ndan sonra d&uuml;nyan\u0131n \u0259n apar\u0131c\u0131 media qurumlar\u0131n\u0131n hadis\u0259ni do\u011fru istiqam\u0259td\u0259 i\u015f\u0131qland\u0131rmalar\u0131 da \u0259vv\u0259lc\u0259 yay\u0131lan feyk x\u0259b\u0259rl\u0259rin &uuml;z\u0259rind\u0259n &ccedil;al\u0131n-&ccedil;arpaz x\u0259tl\u0259r &ccedil;\u0259kmi\u015f oldu&rdquo;.<\/p>\n<p>Xarici &ouml;lk\u0259l\u0259rd\u0259n Erm\u0259nistana humanitar yard\u0131m ad\u0131 alt\u0131nda silah-sursatlar\u0131n g&ouml;nd\u0259rilm\u0259si faktlar\u0131na da toxunan M\u0259h\u0259rr\u0259m \u018fliyev vur\u011fulay\u0131b ki, bu g&uuml;n m&uuml;naqi\u015f\u0259 t\u0259r\u0259fl\u0259rini at\u0259\u015fk\u0259s\u0259 d\u0259v\u0259t ed\u0259n &ouml;lk\u0259l\u0259rin humanitar yard\u0131m ad\u0131 alt\u0131nda m\u0259hz q\u0259sbkarlara, i\u015f\u011fal&ccedil;\u0131lara silah g&ouml;nd\u0259rm\u0259l\u0259ri faktlar\u0131 hidd\u0259t v\u0259 t\u0259\u0259ss&uuml;f do\u011furur: &ldquo;M\u0259g\u0259r h\u0259min &ouml;lk\u0259l\u0259r bilmirl\u0259rmi ki, qanunsuz yollarla, el\u0259c\u0259 d\u0259 b&uuml;t&uuml;n aviada\u015f\u0131y\u0131c\u0131l\u0131q konvensiyalar\u0131n\u0131 pozmaqla g&ouml;nd\u0259rdikl\u0259ri m&uuml;xt\u0259lif c&uuml;r silah-sursatlar dinc sakinl\u0259rimiz\u0259, m&uuml;lki v\u0259t\u0259nda\u015flar\u0131m\u0131za, u\u015faqlar\u0131m\u0131za, qad\u0131n v\u0259 ya\u015fl\u0131lar\u0131m\u0131za qar\u015f\u0131 t\u0259tbiq olunur? Yuxar\u0131da da qeyd etdiyim kimi, bax bu c&uuml;r amill\u0259r bizl\u0259ri bir daha d&uuml;\u015f&uuml;nm\u0259y\u0259, n\u0259tic\u0259 &ccedil;\u0131xarma\u011fa vadar edir&rdquo;.<\/p>\n<p>&ldquo;Erm\u0259nistan\u0131n h\u0259r zaman xarici &ouml;lk\u0259l\u0259rin \u0259ll\u0259rind\u0259 ma\u015fa rolunu oynad\u0131\u011f\u0131 sirr deyil&rdquo;, dey\u0259n Prezidentin h\u0259rbi m\u0259s\u0259l\u0259l\u0259r &uuml;zr\u0259 k&ouml;m\u0259k&ccedil;isi hesab edir ki, bundan \u0259n &ccedil;ox \u0259ziyy\u0259t &ccedil;\u0259k\u0259n d\u0259 m\u0259hz sad\u0259 erm\u0259ni xalq\u0131 olur: &ldquo;Bunun bilavasit\u0259 g&uuml;nahkar\u0131 Erm\u0259nistan\u0131n cinay\u0259tkar rejiminin ba\u015f naziri Nikol Pa\u015finyand\u0131r. Onu n\u0259 xalq\u0131n, n\u0259 d\u0259 &ouml;lk\u0259nin taleyi maraqland\u0131rm\u0131r, onu maraqland\u0131ran yegan\u0259 m\u0259s\u0259l\u0259 Sorosa xidm\u0259t etm\u0259k, onun \u0259mrl\u0259rini yerin\u0259 yetirm\u0259kdir. \u018fb\u0259s deyil ki, Pa\u015finyan m&uuml;xt\u0259lif siyasi dair\u0259l\u0259rd\u0259 siyasi fiqur olaraq qiym\u0259tl\u0259ndirilmir, \u0259ksin\u0259 o siyasi al\u0259t, oyuncaq olaraq istifad\u0259 olunur. Bunu d&uuml;nyan\u0131n b&uuml;t&uuml;n siyasi came\u0259si d\u0259 bilir v\u0259 d\u0259rk edir. Y\u0259ni fakt budur ki, Erm\u0259nistan ill\u0259rdir ki, dig\u0259r d&ouml;vl\u0259tl\u0259r &uuml;&ccedil;&uuml;n oyun m\u0259kan\u0131na &ccedil;evrilib. Bu g&uuml;n Erm\u0259nistan xalq\u0131n\u0131n ac, s\u0259fil v\u0259 &ouml;lk\u0259nin b&uuml;t&uuml;n regional v\u0259 beyn\u0259lxalq layih\u0259l\u0259rd\u0259n k\u0259narda qalmas\u0131 da bunu isbatlay\u0131r. \u0130ndi d\u0259 Az\u0259rbaycana qar\u015f\u0131 q\u0131sq\u0131rd\u0131lan i\u015f\u011fal&ccedil;\u0131 &ouml;lk\u0259nin h\u0259rbi-siyasi hakimiyy\u0259ti, xunta rejimi n&ouml;vb\u0259ti d\u0259f\u0259 erm\u0259ni diasporunun d\u0259st\u0259yi say\u0259sind\u0259 m&uuml;xt\u0259lif terror qrupla\u015fmalar\u0131 il\u0259 anla\u015fmaya girir, regionda yeni terror k&uuml;l\u0259yi \u0259sdirm\u0259y\u0259 c\u0259hdl\u0259r g&ouml;st\u0259rirl\u0259r. M\u0259hz bu kimi qanl\u0131 \u0259m\u0259ll\u0259r fonunda Pa\u015finyan &ouml;z&uuml;n&uuml;n primitiv rolunu oynamaqda davam edir. \u018flb\u0259tt\u0259 ki, erm\u0259ni ba\u015f nazir bunun da \u0259ziyy\u0259tini &ccedil;\u0259kir v\u0259 &ccedil;\u0259km\u0259kd\u0259 d\u0259 davam ed\u0259c\u0259k&rdquo;.<\/p>\n<p>M\u0259h\u0259rr\u0259m \u018fliyev bir daha vur\u011fulay\u0131b ki, Az\u0259rbaycan Silahl\u0131 Q&uuml;vv\u0259l\u0259rinin erm\u0259ni t\u0259r\u0259find\u0259n f\u0259rqli olaraq m&uuml;lki \u0259hali il\u0259 he&ccedil; bir i\u015fi yoxdur, Az\u0259rbaycan \u0259sg\u0259ri onun torpa\u011f\u0131na g&ouml;z dik\u0259n, i\u015f\u011fal etm\u0259k ist\u0259y\u0259n d&uuml;\u015fm\u0259n \u0259sg\u0259rini, onu idar\u0259 ed\u0259n h\u0259rbi-siyasi r\u0259hb\u0259rliyi h\u0259d\u0259f\u0259 al\u0131b: &ldquo;Vaxt g\u0259l\u0259c\u0259k v\u0259 torpaqlar\u0131m\u0131z tam i\u015f\u011faldan azad olunandan sonra erm\u0259ni xalq\u0131n\u0131n bu torpaqlarda ya\u015famaq imkan\u0131 tan\u0131nacaq, onlar da Az\u0259rbaycan v\u0259t\u0259nda\u015f\u0131 kimi b&uuml;t&uuml;n h&uuml;quqlardan istifad\u0259 ed\u0259c\u0259kl\u0259r. Az\u0259rbaycan insan h&uuml;quqlar\u0131n\u0131 b&uuml;t&uuml;n konvensiyalar \u0259sas\u0131nda tan\u0131yan tolerant, s&uuml;lhp\u0259rv\u0259r &ouml;lk\u0259dir. Lakin, t\u0259\u0259ss&uuml;f ki, bu g&uuml;n Erm\u0259nistanda \u0259srl\u0259rd\u0259n b\u0259ri formala\u015fm\u0131\u015f anti-T&uuml;rk, anti-Az\u0259rbaycan bax\u0131\u015f\u0131 k&ouml;k sal\u0131b. Biz\u0259 qar\u015f\u0131 q\u0259sbkarl\u0131q, kirli m\u0259qs\u0259dl\u0259r &uuml;&ccedil;&uuml;n yarad\u0131lan bu fobiya sanki d&uuml;\u015fm\u0259nin qan\u0131na q\u0259d\u0259r i\u015fl\u0259yib. Amma buna baxmayaraq, biz h\u0259r zaman s&uuml;lh&uuml;n t\u0259r\u0259fdar\u0131 olaraq &ccedil;\u0131x\u0131\u015f edirik. Bu s&uuml;lh\u0259 qar\u015f\u0131 &ccedil;\u0131xan t\u0259cav&uuml;zkar v\u0259 i\u015f\u011fal&ccedil;\u0131lara is\u0259 h\u0259r zaman cavab vermi\u015fik, bundan sonra da ver\u0259c\u0259yik&rdquo;.<\/p>\n<p>&ldquo;D&uuml;\u015fm\u0259n onlara veril\u0259n son \u015fansdan istifad\u0259 ed\u0259 bilm\u0259di&rdquo;, dey\u0259n Prezident Administrasiyas\u0131n\u0131n H\u0259rbi m\u0259s\u0259l\u0259l\u0259r \u015f&ouml;b\u0259sinin m&uuml;diri Az\u0259rbaycan Ordusunun bundan sonra hans\u0131 t\u0259dbirl\u0259r g&ouml;r\u0259c\u0259yi il\u0259 ba\u011fl\u0131 sual\u0131 da cavabland\u0131r\u0131b. Vur\u011fulay\u0131b ki, Silahl\u0131 Q&uuml;vv\u0259l\u0259rimiz &ouml;z m&ouml;vqel\u0259rind\u0259 m\u0259tinl\u0259, q\u0259hr\u0259manl\u0131qla dayan\u0131blar v\u0259 ya\u011f\u0131 d&uuml;\u015fm\u0259nin ist\u0259nil\u0259n xain h&uuml;cumlar\u0131na a\u011f\u0131r z\u0259rb\u0259l\u0259rl\u0259 cavab verir: &ldquo;Biz unutmamal\u0131y\u0131q ki, c\u0259nab Ali Ba\u015f Komandan\u0131m\u0131z xalqa m&uuml;raci\u0259tl\u0259rind\u0259 d\u0259f\u0259l\u0259rl\u0259 v\u0259 q\u0259tiyy\u0259tl\u0259 h\u0259r k\u0259si \u0259min edib ki, \u015fanl\u0131 bayra\u011f\u0131m\u0131z i\u015f\u011faldan azad olunacaq b&uuml;t&uuml;n \u0259razil\u0259rimizd\u0259 dal\u011falanacaq, bir qar\u0131\u015f torpa\u011f\u0131m\u0131z bel\u0259 i\u015f\u011fal alt\u0131nda qalmayacaq v\u0259 bu proses u\u011furla davam edir. Kims\u0259nin \u015f&uuml;bh\u0259si olmas\u0131n ki, i\u015f\u011fal&ccedil;\u0131 q&uuml;vv\u0259l\u0259r\u0259 qar\u015f\u0131 ba\u015flatd\u0131\u011f\u0131m\u0131z \u0259ks-h&uuml;cum v\u0259 anti-terror \u0259m\u0259liyyatlar\u0131m\u0131z dayan\u0131b, \u0259ksin\u0259, bu \u0259m\u0259liyyatlar tam ard\u0131c\u0131ll\u0131\u011f\u0131 il\u0259 davam etdirilm\u0259kd\u0259dir. M&uuml;dafi\u0259 Nazirliyinin xalqa v\u0259 geni\u015f ictimai k&uuml;tl\u0259y\u0259 t\u0259qdim etdiyi x&uuml;susi video materiallardan da h\u0259r \u015fey a&ccedil;\u0131q-ayd\u0131n qaydada izah olunmaqdad\u0131r. Biz davam etdiril\u0259n haql\u0131, \u0259dal\u0259tli m&uuml;bariz\u0259mizd\u0259 yaln\u0131z q\u0259l\u0259b\u0259miz\u0259 hesablanm\u0131\u015f add\u0131mlar\u0131m\u0131z\u0131 at\u0131r\u0131q, bundan sonra da ataca\u011f\u0131q. D&uuml;\u015fm\u0259nin xain z\u0259rb\u0259si n\u0259tic\u0259sind\u0259 h\u0259yatlar\u0131n\u0131 itirmi\u015f m&uuml;lki v\u0259 h\u0259rbi&ccedil;i v\u0259t\u0259nda\u015flar\u0131m\u0131z\u0131n ail\u0259l\u0259rin\u0259 Allahdan r\u0259hm\u0259t dil\u0259yir, yaralananlara is\u0259 \u015f\u0259fa arzu edir\u0259m. Bildirm\u0259k ist\u0259yir\u0259m ki, onlar\u0131n he&ccedil; birinin qan\u0131 yerd\u0259 qalmayacaq. Bir q\u0259d\u0259r t\u0259mkinli olaq, s\u0259br n&uuml;mayi\u015f etdir\u0259k v\u0259 Az\u0259rbaycan xalq\u0131n\u0131n sevincin\u0259 s\u0259b\u0259b olacaq q\u0259l\u0259b\u0259 x\u0259b\u0259rl\u0259rini g&ouml;zl\u0259y\u0259k&quot;.\/\/\/trend<\/p>\n","protected":false},"excerpt":{"rendered":"<p>T\u0259cav&uuml;zkar Erm\u0259nistan\u0131n barbarl\u0131q v\u0259 fa\u015fizm ideologiyas\u0131ndan \u0259l &ccedil;\u0259km\u0259y\u0259r\u0259k, c\u0259bh\u0259 x\u0259ttind\u0259n kilometrl\u0259rc\u0259 uzaql\u0131qda yerl\u0259\u015f\u0259n, he&ccedil; bir h\u0259rbi m\u0259qs\u0259dli obyektl\u0259r\u0259 aidiyy\u0259t\u0131 olmayan \u0259razil\u0259rimizi, \u015f\u0259h\u0259rl\u0259rimizi, dinc \u0259halimizi h\u0259d\u0259f\u0259 almas\u0131 bir daha s&uuml;but edir&hellip;<\/p>\n","protected":false},"author":1,"featured_media":251278,"comment_status":"open","ping_status":"open","sticky":false,"template":"","format":"standard","meta":{"_lmt_disableupdate":"","_lmt_disable":"","footnotes":""},"categories":[],"tags":[],"class_list":["post-105679","post","type-post","status-publish","format-standard","has-post-thumbnail","hentry"],"_links":{"self":[{"href":"https:\/\/ucnoqta.az\/index.php?rest_route=\/wp\/v2\/posts\/105679","targetHints":{"allow":["GET"]}}],"collection":[{"href":"https:\/\/ucnoqta.az\/index.php?rest_route=\/wp\/v2\/posts"}],"about":[{"href":"https:\/\/ucnoqta.az\/index.php?rest_route=\/wp\/v2\/types\/post"}],"author":[{"embeddable":true,"href":"https:\/\/ucnoqta.az\/index.php?rest_route=\/wp\/v2\/users\/1"}],"replies":[{"embeddable":true,"href":"https:\/\/ucnoqta.az\/index.php?rest_route=%2Fwp%2Fv2%2Fcomments&post=105679"}],"version-history":[{"count":0,"href":"https:\/\/ucnoqta.az\/index.php?rest_route=\/wp\/v2\/posts\/105679\/revisions"}],"wp:featuredmedia":[{"embeddable":true,"href":"https:\/\/ucnoqta.az\/index.php?rest_route=\/wp\/v2\/media\/251278"}],"wp:attachment":[{"href":"https:\/\/ucnoqta.az\/index.php?rest_route=%2Fwp%2Fv2%2Fmedia&parent=105679"}],"wp:term":[{"taxonomy":"category","embeddable":true,"href":"https:\/\/ucnoqta.az\/index.php?rest_route=%2Fwp%2Fv2%2Fcategories&post=105679"},{"taxonomy":"post_tag","embeddable":true,"href":"https:\/\/ucnoqta.az\/index.php?rest_route=%2Fwp%2Fv2%2Ftags&post=105679"}],"curies":[{"name":"wp","href":"https:\/\/api.w.org\/{rel}","templated":true}]}}