{"id":105674,"date":"2020-10-12T18:21:50","date_gmt":"2020-10-12T14:21:50","guid":{"rendered":""},"modified":"-0001-11-30T00:00:00","modified_gmt":"-0001-11-29T20:00:00","slug":"","status":"publish","type":"post","link":"https:\/\/ucnoqta.az\/?p=105674","title":{"rendered":"\u0130lham \u018fliyev:<font color=red><b> \u201cB\u00fct\u00fcn o torpaqlar\u0131 biz c\u0259nn\u0259t\u0259 \u00e7evirm\u0259liyik\u201d<\/b><\/font>"},"content":{"rendered":"<p><strong>&ldquo;Biz b&uuml;t&uuml;n da\u011f\u0131lm\u0131\u015f yerl\u0259ri b\u0259rpa ed\u0259c\u0259yik. Ora indi bizim ordumuzun n\u0259zar\u0259tind\u0259dir. Art\u0131q i\u015f\u011faldan azad edilmi\u015f torpaqlar\u0131n b\u0259zil\u0259rin\u0259 bizim m\u0259tbuat n&uuml;may\u0259nd\u0259l\u0259ri d\u0259 gedirl\u0259r. B\u0259zil\u0259rind\u0259 is\u0259 h\u0259rb&ccedil;il\u0259r &ouml;zl\u0259ri videoya &ccedil;\u0259kirl\u0259r, g&ouml;r&uuml;rl\u0259r ki, orada bir d\u0259n\u0259 d\u0259 salamat bina yoxdur. Y\u0259ni, bu, fa\u015fistl\u0259rin \u0259m\u0259ll\u0259ridir. D&uuml;nya bunu g&ouml;rm\u0259lidir v\u0259 g&ouml;r\u0259c\u0259k&rdquo;.<\/strong><\/p>\n<p>\nBunu T&uuml;rkiy\u0259nin &ldquo;Haber Global&rdquo; televiziya kanal\u0131na m&uuml;sahib\u0259sind\u0259 Az\u0259rbaycan Prezidenti&nbsp;\u0130lham \u018fliyev&nbsp;s&ouml;yl\u0259yib.<\/p>\n<p>&ldquo;G&ouml;r&uuml;n, indi A\u011fdam, F&uuml;zuli n\u0259 g&uuml;nd\u0259dir?! Bizim b&uuml;t&uuml;n k\u0259ndl\u0259ri da\u011f\u0131d\u0131blar. El\u0259 edibl\u0259r ki, az\u0259rbaycanl\u0131lar daha he&ccedil; zaman oraya qay\u0131tmas\u0131nlar, qay\u0131da bilm\u0259sinl\u0259r. Amma Az\u0259rbaycan xalq\u0131n\u0131n irad\u0259sini bilmirl\u0259r. Biz Cocuq M\u0259rcanl\u0131n\u0131 t\u0259qrib\u0259n 8 aya qurduq. O k\u0259nd ki, biz 2016-c\u0131 ild\u0259 i\u015f\u011faldan azad etdik, 6-7-8 aya art\u0131q oran\u0131 biz in\u015fa etdik v\u0259 indi orada insanlar ya\u015fay\u0131rlar, qaz\u0131 da, suyu da, elektriki d\u0259, m\u0259scidi d\u0259, x\u0259st\u0259xanas\u0131 da, m\u0259kt\u0259bi d\u0259, evl\u0259r d\u0259 var, h\u0259r \u015fey var. Bir d\u0259 ki, k\u0259nd t\u0259s\u0259rr&uuml;fat\u0131 &uuml;&ccedil;&uuml;n onlara avadanl\u0131q vermi\u015fik v\u0259 indi o k\u0259nd dir&ccedil;\u0259lib. B&uuml;t&uuml;n o torpaqlar\u0131 biz c\u0259nn\u0259t\u0259 &ccedil;evirm\u0259liyik. Onsuz da oran\u0131n m\u0259nz\u0259r\u0259si c\u0259nn\u0259tdir v\u0259 uzun ill\u0259r erm\u0259ni tapda\u011f\u0131n\u0131n alt\u0131nda olmas\u0131na baxmayaraq, o torpaq canlanacaq, oraya h\u0259yat qay\u0131dacaq, u\u015faqlar\u0131n g&uuml;l&uuml;\u015f&uuml; g\u0259l\u0259c\u0259k, insanlar\u0131n t\u0259b\u0259ss&uuml;m&uuml; qay\u0131dacaq. Az\u0259rbaycan v\u0259t\u0259nda\u015flar\u0131 o torpaqlarda l\u0259yaq\u0259tl\u0259 ya\u015fayacaqlar&rdquo;, &#8211; Prezident bildirib.<\/p>\n<p>&Ouml;lk\u0259 ba\u015f&ccedil;\u0131s\u0131 m\u0259cburi k&ouml;&ccedil;k&uuml;nl\u0259rin probleml\u0259rinin onun &uuml;&ccedil;&uuml;n b&ouml;y&uuml;k &ouml;n\u0259m da\u015f\u0131d\u0131\u011f\u0131n\u0131 da vur\u011fulay\u0131b:<\/p>\n<p>&ldquo;Bizim m\u0259cburi k&ouml;&ccedil;k&uuml;nl\u0259rimiz bilirl\u0259r ki, m\u0259nim &uuml;&ccedil;&uuml;n, Prezident &uuml;&ccedil;&uuml;n onlar\u0131n problemi bir n&ouml;mr\u0259li problemdir. Siz d\u0259 bilirsiniz ki, biz onlar &uuml;&ccedil;&uuml;n n\u0259 q\u0259d\u0259r b&ouml;y&uuml;k yard\u0131mlar edirik. Bu il biz 7 min ail\u0259y\u0259 yeni m\u0259nzill\u0259r veririk. T\u0259qrib\u0259n 35 min insan bir il \u0259rzind\u0259 d&ouml;vl\u0259t t\u0259r\u0259find\u0259n pulsuz m\u0259nzil al\u0131r. H\u0259r ay d&ouml;vl\u0259t onlar\u0131n h\u0259r birin\u0259 m&uuml;avin\u0259t verir. Ona g&ouml;r\u0259, t\u0259bii ki, onlar d&ouml;vl\u0259tin qay\u011f\u0131s\u0131ndan raz\u0131d\u0131rlar. M\u0259nim onlarla ke&ccedil;irdiyim g&ouml;r&uuml;\u015fl\u0259rd\u0259 onlar h\u0259r zaman t\u0259\u015f\u0259kk&uuml;rl\u0259rini bildirirl\u0259r v\u0259 deyirl\u0259r ki, burada h\u0259r \u015fey yax\u015f\u0131d\u0131r, biz bu yeni evl\u0259rd\u0259 ya\u015fay\u0131r\u0131q, bel\u0259 \u015f\u0259raiti g&ouml;rm\u0259mi\u015fik, amma bizi ora qaytar\u0131n, biz oraya getm\u0259k ist\u0259yirik v\u0259 ged\u0259c\u0259kl\u0259r.<\/p>\n<p>Ona g&ouml;r\u0259 biz indi art\u0131q o b&ouml;lg\u0259l\u0259rin inki\u015faf planlar\u0131 &uuml;z\u0259rind\u0259 i\u015fl\u0259m\u0259liyik, m&uuml;vafiq g&ouml;st\u0259ri\u015fl\u0259r art\u0131q verilibdir. Planlama haz\u0131rlanacaq ki, o b&ouml;lg\u0259l\u0259r\u0259 Az\u0259rbaycan \u0259halisi qay\u0131ts\u0131n v\u0259 maksimum q\u0131sa m&uuml;dd\u0259t \u0259rzind\u0259 art\u0131q onlar oraya yerl\u0259\u015fsinl\u0259r&rdquo;.<\/p>\n","protected":false},"excerpt":{"rendered":"<p>&ldquo;Biz b&uuml;t&uuml;n da\u011f\u0131lm\u0131\u015f yerl\u0259ri b\u0259rpa ed\u0259c\u0259yik. Ora indi bizim ordumuzun n\u0259zar\u0259tind\u0259dir. Art\u0131q i\u015f\u011faldan azad edilmi\u015f torpaqlar\u0131n b\u0259zil\u0259rin\u0259 bizim m\u0259tbuat n&uuml;may\u0259nd\u0259l\u0259ri d\u0259 gedirl\u0259r. B\u0259zil\u0259rind\u0259 is\u0259 h\u0259rb&ccedil;il\u0259r &ouml;zl\u0259ri videoya &ccedil;\u0259kirl\u0259r, g&ouml;r&uuml;rl\u0259r ki,&hellip;<\/p>\n","protected":false},"author":1,"featured_media":251278,"comment_status":"open","ping_status":"open","sticky":false,"template":"","format":"standard","meta":{"_lmt_disableupdate":"","_lmt_disable":"","footnotes":""},"categories":[],"tags":[],"class_list":["post-105674","post","type-post","status-publish","format-standard","has-post-thumbnail","hentry"],"_links":{"self":[{"href":"https:\/\/ucnoqta.az\/index.php?rest_route=\/wp\/v2\/posts\/105674","targetHints":{"allow":["GET"]}}],"collection":[{"href":"https:\/\/ucnoqta.az\/index.php?rest_route=\/wp\/v2\/posts"}],"about":[{"href":"https:\/\/ucnoqta.az\/index.php?rest_route=\/wp\/v2\/types\/post"}],"author":[{"embeddable":true,"href":"https:\/\/ucnoqta.az\/index.php?rest_route=\/wp\/v2\/users\/1"}],"replies":[{"embeddable":true,"href":"https:\/\/ucnoqta.az\/index.php?rest_route=%2Fwp%2Fv2%2Fcomments&post=105674"}],"version-history":[{"count":0,"href":"https:\/\/ucnoqta.az\/index.php?rest_route=\/wp\/v2\/posts\/105674\/revisions"}],"wp:featuredmedia":[{"embeddable":true,"href":"https:\/\/ucnoqta.az\/index.php?rest_route=\/wp\/v2\/media\/251278"}],"wp:attachment":[{"href":"https:\/\/ucnoqta.az\/index.php?rest_route=%2Fwp%2Fv2%2Fmedia&parent=105674"}],"wp:term":[{"taxonomy":"category","embeddable":true,"href":"https:\/\/ucnoqta.az\/index.php?rest_route=%2Fwp%2Fv2%2Fcategories&post=105674"},{"taxonomy":"post_tag","embeddable":true,"href":"https:\/\/ucnoqta.az\/index.php?rest_route=%2Fwp%2Fv2%2Ftags&post=105674"}],"curies":[{"name":"wp","href":"https:\/\/api.w.org\/{rel}","templated":true}]}}