{"id":105669,"date":"2020-10-12T17:47:58","date_gmt":"2020-10-12T13:47:58","guid":{"rendered":""},"modified":"-0001-11-30T00:00:00","modified_gmt":"-0001-11-29T20:00:00","slug":"","status":"publish","type":"post","link":"https:\/\/ucnoqta.az\/?p=105669","title":{"rendered":"\u0130lham \u018fliyev:<font color=red><b> Bizim m\u0259cburi k\u00f6\u00e7k\u00fcnl\u0259rimiz \u015eu\u015faya da, Xank\u0259ndiy\u0259 d\u0259 qay\u0131dacaqlar<\/b><\/font>"},"content":{"rendered":"<p><strong>Moskvada q\u0259bul edilmi\u015f a&ccedil;\u0131qlama, hesab edir\u0259m ki, bizim maraqlar\u0131m\u0131za tam cavab verir. &Ccedil;&uuml;nki ilk n&ouml;vb\u0259d\u0259 orada g&ouml;st\u0259rilir ki, h\u0259lak olanlar\u0131n c\u0259s\u0259dl\u0259rinin, \u0259sirl\u0259rin humanitar \u0259saslarla d\u0259yi\u015fdirilm\u0259si n\u0259z\u0259rd\u0259 tutulur. Biz bunu ilk g&uuml;nd\u0259n ist\u0259yirdik. Ancaq Erm\u0259nistan buna getmirdi.<\/strong><\/p>\n<p>Bu fikirl\u0259ri Prezident \u0130lham \u018fliyev T&uuml;rkiy\u0259nin &ldquo;Haber Global&rdquo; televiziya kanal\u0131na m&uuml;sahib\u0259sind\u0259 s&ouml;yl\u0259yib.<\/p>\n<p>D&ouml;vl\u0259timizin ba\u015f&ccedil;\u0131s\u0131 deyib: &ldquo;Bundan ba\u015fqa, &ccedil;ox &ouml;n\u0259mli siyasi m\u0259qamlar var. Onlardan biri dan\u0131\u015f\u0131qlar\u0131n, m&uuml;zakir\u0259l\u0259rin b\u0259rpa edilm\u0259si, baza prinsipl\u0259ri \u0259sas\u0131nda substantiv dan\u0131\u015f\u0131qlar\u0131n davam etdirilm\u0259sidir. Baza prinsipl\u0259ri is\u0259 bizim maraqlar\u0131m\u0131za cavab verir. &Ccedil;&uuml;nki orada i\u015f\u011fal edilmi\u015f torpaqlardan erm\u0259ni silahl\u0131 q&uuml;vv\u0259l\u0259rinin &ccedil;\u0131xar\u0131lmas\u0131 n\u0259z\u0259rd\u0259 tutulur. Orada g&ouml;st\u0259rilir ki, birinci m\u0259rh\u0259l\u0259d\u0259 be\u015f rayondan, ikinci m\u0259rh\u0259l\u0259d\u0259 daha iki rayondan erm\u0259ni silahl\u0131 q&uuml;vv\u0259l\u0259ri &ccedil;\u0131xar\u0131l\u0131r. Ondan sonra t\u0259bii ki, b&uuml;t&uuml;n m\u0259cburi k&ouml;&ccedil;k&uuml;nl\u0259r \u0259vv\u0259lki d&ouml;vrd\u0259 ya\u015fad\u0131qlar\u0131 b&ouml;lg\u0259l\u0259r\u0259 qay\u0131d\u0131rlar. Bu da o dem\u0259kdir ki, bizim m\u0259cburi k&ouml;&ccedil;k&uuml;nl\u0259rimiz \u015eu\u015faya da, Xank\u0259ndiy\u0259 d\u0259 qay\u0131dacaqlar v\u0259 ondan sonra y\u0259ni bu m\u0259s\u0259l\u0259nin siyasi h\u0259lli t\u0259min edil\u0259 bil\u0259r&rdquo;.<\/p>\n<p>&nbsp;<\/p>\n","protected":false},"excerpt":{"rendered":"<p>Moskvada q\u0259bul edilmi\u015f a&ccedil;\u0131qlama, hesab edir\u0259m ki, bizim maraqlar\u0131m\u0131za tam cavab verir. &Ccedil;&uuml;nki ilk n&ouml;vb\u0259d\u0259 orada g&ouml;st\u0259rilir ki, h\u0259lak olanlar\u0131n c\u0259s\u0259dl\u0259rinin, \u0259sirl\u0259rin humanitar \u0259saslarla d\u0259yi\u015fdirilm\u0259si n\u0259z\u0259rd\u0259 tutulur. Biz bunu ilk&hellip;<\/p>\n","protected":false},"author":1,"featured_media":251278,"comment_status":"open","ping_status":"open","sticky":false,"template":"","format":"standard","meta":{"_lmt_disableupdate":"","_lmt_disable":"","footnotes":""},"categories":[],"tags":[],"class_list":["post-105669","post","type-post","status-publish","format-standard","has-post-thumbnail","hentry"],"_links":{"self":[{"href":"https:\/\/ucnoqta.az\/index.php?rest_route=\/wp\/v2\/posts\/105669","targetHints":{"allow":["GET"]}}],"collection":[{"href":"https:\/\/ucnoqta.az\/index.php?rest_route=\/wp\/v2\/posts"}],"about":[{"href":"https:\/\/ucnoqta.az\/index.php?rest_route=\/wp\/v2\/types\/post"}],"author":[{"embeddable":true,"href":"https:\/\/ucnoqta.az\/index.php?rest_route=\/wp\/v2\/users\/1"}],"replies":[{"embeddable":true,"href":"https:\/\/ucnoqta.az\/index.php?rest_route=%2Fwp%2Fv2%2Fcomments&post=105669"}],"version-history":[{"count":0,"href":"https:\/\/ucnoqta.az\/index.php?rest_route=\/wp\/v2\/posts\/105669\/revisions"}],"wp:featuredmedia":[{"embeddable":true,"href":"https:\/\/ucnoqta.az\/index.php?rest_route=\/wp\/v2\/media\/251278"}],"wp:attachment":[{"href":"https:\/\/ucnoqta.az\/index.php?rest_route=%2Fwp%2Fv2%2Fmedia&parent=105669"}],"wp:term":[{"taxonomy":"category","embeddable":true,"href":"https:\/\/ucnoqta.az\/index.php?rest_route=%2Fwp%2Fv2%2Fcategories&post=105669"},{"taxonomy":"post_tag","embeddable":true,"href":"https:\/\/ucnoqta.az\/index.php?rest_route=%2Fwp%2Fv2%2Ftags&post=105669"}],"curies":[{"name":"wp","href":"https:\/\/api.w.org\/{rel}","templated":true}]}}