{"id":105664,"date":"2020-10-12T17:13:43","date_gmt":"2020-10-12T13:13:43","guid":{"rendered":""},"modified":"-0001-11-30T00:00:00","modified_gmt":"-0001-11-29T20:00:00","slug":"","status":"publish","type":"post","link":"https:\/\/ucnoqta.az\/?p=105664","title":{"rendered":"\u0130lham \u018fliyev:<font color=red><b> Erm\u0259ni \u0259sg\u0259ri bizim torpaqlar\u0131m\u0131zdan \u00e7\u0131xarsa, bu m\u00fcnaqi\u015f\u0259y\u0259 d\u0259 son qoyulacaq<\/b><\/font>"},"content":{"rendered":"<p><strong>Erm\u0259nil\u0259r &ouml;yr\u0259\u015fibl\u0259r ki, d&uuml;nya meydan\u0131nda onlara daim d\u0259st\u0259k veril\u0259c\u0259k. D&uuml;nya erm\u0259niliyi, onlar\u0131n havadarlar\u0131, islamofob dair\u0259l\u0259r, t\u0259\u0259ss&uuml;f ki, d&uuml;nyada kifay\u0259t q\u0259d\u0259r g&uuml;cl&uuml; m&ouml;vqel\u0259r\u0259 malikdirl\u0259r. Onlar h\u0259r zaman Erm\u0259nistan\u0131 v\u0259 onlar\u0131n biz\u0259 qar\u015f\u0131 t\u0259cav&uuml;zkar siyas\u0259tini d\u0259st\u0259kl\u0259yirdil\u0259r, onlar\u0131 m&uuml;dafi\u0259 edirdil\u0259r. Az\u0259rbaycan haqq\u0131nda olmaz\u0131n yalanlar yay\u0131rd\u0131lar, az\u0259rbaycanl\u0131lar\u0131 t\u0259cav&uuml;zkar kimi g&ouml;st\u0259rm\u0259k ist\u0259yirdil\u0259r.<\/strong><\/p>\n<p>Bu fikirl\u0259ri Prezident \u0130lham \u018fliyev T&uuml;rkiy\u0259nin &ldquo;Haber Global&rdquo; televiziya kanal\u0131na m&uuml;sahib\u0259sind\u0259 deyib.<\/p>\n<p>&ldquo;Ancaq bug&uuml;nk&uuml; d&uuml;nyada, internet d&ouml;vr&uuml;nd\u0259 bunu etm\u0259k onlar &uuml;&ccedil;&uuml;n art\u0131q &ccedil;ox &ccedil;\u0259tindir. &Ccedil;&uuml;nki art\u0131q qeyri-\u0259n\u0259n\u0259vi m\u0259tbuat vasit\u0259l\u0259ri var, internet var v\u0259 m\u0259lumat\u0131n &ccedil;atd\u0131r\u0131lmas\u0131 o q\u0259d\u0259r d\u0259 &ccedil;\u0259tin m\u0259s\u0259l\u0259 deyil. Ona g&ouml;r\u0259 bu g&uuml;n onlar informasiya m&uuml;bariz\u0259sind\u0259 d\u0259 \u0259vv\u0259lki m&ouml;vqel\u0259r\u0259 sahib deyill\u0259r. Biz is\u0259 haqq yolunday\u0131q. H\u0259m beyn\u0259lxalq h&uuml;quq bax\u0131m\u0131ndan, h\u0259m tarixi \u0259dal\u0259t bax\u0131m\u0131ndan biz haql\u0131y\u0131q. Biz &ouml;z torpa\u011f\u0131m\u0131zday\u0131q, &ouml;z torpa\u011f\u0131m\u0131zda vuru\u015furuq. Erm\u0259ni \u0259sg\u0259ri bizim torpaqlar\u0131m\u0131zdan &ccedil;\u0131xarsa, bu m&uuml;naqi\u015f\u0259y\u0259 d\u0259 son qoyulacaq&rdquo;.<\/p>\n<p>&nbsp;<\/p>\n","protected":false},"excerpt":{"rendered":"<p>Erm\u0259nil\u0259r &ouml;yr\u0259\u015fibl\u0259r ki, d&uuml;nya meydan\u0131nda onlara daim d\u0259st\u0259k veril\u0259c\u0259k. D&uuml;nya erm\u0259niliyi, onlar\u0131n havadarlar\u0131, islamofob dair\u0259l\u0259r, t\u0259\u0259ss&uuml;f ki, d&uuml;nyada kifay\u0259t q\u0259d\u0259r g&uuml;cl&uuml; m&ouml;vqel\u0259r\u0259 malikdirl\u0259r. Onlar h\u0259r zaman Erm\u0259nistan\u0131 v\u0259 onlar\u0131n biz\u0259&hellip;<\/p>\n","protected":false},"author":1,"featured_media":251278,"comment_status":"open","ping_status":"open","sticky":false,"template":"","format":"standard","meta":{"_lmt_disableupdate":"","_lmt_disable":"","footnotes":""},"categories":[],"tags":[],"class_list":["post-105664","post","type-post","status-publish","format-standard","has-post-thumbnail","hentry"],"_links":{"self":[{"href":"https:\/\/ucnoqta.az\/index.php?rest_route=\/wp\/v2\/posts\/105664","targetHints":{"allow":["GET"]}}],"collection":[{"href":"https:\/\/ucnoqta.az\/index.php?rest_route=\/wp\/v2\/posts"}],"about":[{"href":"https:\/\/ucnoqta.az\/index.php?rest_route=\/wp\/v2\/types\/post"}],"author":[{"embeddable":true,"href":"https:\/\/ucnoqta.az\/index.php?rest_route=\/wp\/v2\/users\/1"}],"replies":[{"embeddable":true,"href":"https:\/\/ucnoqta.az\/index.php?rest_route=%2Fwp%2Fv2%2Fcomments&post=105664"}],"version-history":[{"count":0,"href":"https:\/\/ucnoqta.az\/index.php?rest_route=\/wp\/v2\/posts\/105664\/revisions"}],"wp:featuredmedia":[{"embeddable":true,"href":"https:\/\/ucnoqta.az\/index.php?rest_route=\/wp\/v2\/media\/251278"}],"wp:attachment":[{"href":"https:\/\/ucnoqta.az\/index.php?rest_route=%2Fwp%2Fv2%2Fmedia&parent=105664"}],"wp:term":[{"taxonomy":"category","embeddable":true,"href":"https:\/\/ucnoqta.az\/index.php?rest_route=%2Fwp%2Fv2%2Fcategories&post=105664"},{"taxonomy":"post_tag","embeddable":true,"href":"https:\/\/ucnoqta.az\/index.php?rest_route=%2Fwp%2Fv2%2Ftags&post=105664"}],"curies":[{"name":"wp","href":"https:\/\/api.w.org\/{rel}","templated":true}]}}