{"id":105663,"date":"2020-10-12T17:10:40","date_gmt":"2020-10-12T13:10:40","guid":{"rendered":""},"modified":"-0001-11-30T00:00:00","modified_gmt":"-0001-11-29T20:00:00","slug":"","status":"publish","type":"post","link":"https:\/\/ucnoqta.az\/?p=105663","title":{"rendered":"Az\u0259rbaycan v\u0259 Rusiyan\u0131n ba\u015f prokurorlar\u0131 aras\u0131nda telefon dan\u0131\u015f\u0131\u011f\u0131 olub"},"content":{"rendered":"<p><strong>Oktyabr\u0131n 12-d\u0259 Az\u0259rbaycan Respublikas\u0131n\u0131n Ba\u015f prokuroru&nbsp;Kamran \u018fliyevl\u0259 Rusiya Federasiyas\u0131n\u0131n Ba\u015f prokuroru&nbsp;\u0130qor Krasnov&nbsp;aras\u0131nda telefon dan\u0131\u015f\u0131\u011f\u0131 ba\u015f tutub.<\/strong><\/p>\n<p>Ba\u015f Prokurorluqdan&nbsp;veril\u0259n m\u0259lumata g&ouml;r\u0259, t\u0259r\u0259fl\u0259r iki &ouml;lk\u0259 aras\u0131nda h&uuml;quqi \u0259laq\u0259l\u0259rin s\u0259viyy\u0259sind\u0259n m\u0259mnunluq ifad\u0259 ed\u0259r\u0259k cinay\u0259t i\u015fl\u0259ri &uuml;zr\u0259 qar\u015f\u0131l\u0131ql\u0131 h&uuml;quqi yard\u0131m v\u0259 ekstradisiya sah\u0259sind\u0259 \u0259m\u0259kda\u015fl\u0131\u011f\u0131 y&uuml;ks\u0259k qiym\u0259tl\u0259ndiribl\u0259r.<\/p>\n<p>K.\u018fliyev 11 oktyabr tarixind\u0259 gec\u0259 saatlar\u0131nda erm\u0259ni silahl\u0131 q&uuml;vv\u0259l\u0259ri t\u0259r\u0259find\u0259n Az\u0259rbaycan\u0131n ikinci b&ouml;y&uuml;k \u015f\u0259h\u0259ri olan, d&ouml;y&uuml;\u015f b&ouml;lg\u0259sin\u0259 aidiyy\u0259ti olmayan v\u0259 xeyli uzaqda yerl\u0259\u015f\u0259n G\u0259nc\u0259y\u0259 v\u0259 onun dinc sakinl\u0259rin\u0259 qar\u015f\u0131 t&ouml;r\u0259dil\u0259n terror akt\u0131 bar\u0259d\u0259 rusiyal\u0131 h\u0259mkar\u0131n\u0131 m\u0259lumatland\u0131r\u0131b.<\/p>\n<p>\u0130.Krasnov yaranm\u0131\u015f v\u0259ziyy\u0259tl\u0259 ba\u011fl\u0131 narahatl\u0131\u011f\u0131n\u0131 ifad\u0259 etmi\u015f, m&uuml;naqi\u015f\u0259nin q\u0131sa zamanda beyn\u0259lxalq h&uuml;quq normalar\u0131 &ccedil;\u0259r&ccedil;iv\u0259sind\u0259 h\u0259ll olunmas\u0131n\u0131n vacibliyini vur\u011fulayaraq xalq\u0131m\u0131za s&uuml;lh v\u0259 \u0259min-amanl\u0131q arzulay\u0131b.<\/p>\n<p>Ba\u015f prokurorlar g\u0259l\u0259c\u0259k \u0259m\u0259kda\u015fl\u0131\u011f\u0131n geni\u015fl\u0259ndirilm\u0259sinin vacibliyini vur\u011fulayaraq bu haqda fikir m&uuml;badil\u0259si apar\u0131blar.<\/p>\n","protected":false},"excerpt":{"rendered":"<p>Oktyabr\u0131n 12-d\u0259 Az\u0259rbaycan Respublikas\u0131n\u0131n Ba\u015f prokuroru&nbsp;Kamran \u018fliyevl\u0259 Rusiya Federasiyas\u0131n\u0131n Ba\u015f prokuroru&nbsp;\u0130qor Krasnov&nbsp;aras\u0131nda telefon dan\u0131\u015f\u0131\u011f\u0131 ba\u015f tutub. Ba\u015f Prokurorluqdan&nbsp;veril\u0259n m\u0259lumata g&ouml;r\u0259, t\u0259r\u0259fl\u0259r iki &ouml;lk\u0259 aras\u0131nda h&uuml;quqi \u0259laq\u0259l\u0259rin s\u0259viyy\u0259sind\u0259n m\u0259mnunluq ifad\u0259 ed\u0259r\u0259k&hellip;<\/p>\n","protected":false},"author":1,"featured_media":251278,"comment_status":"open","ping_status":"open","sticky":false,"template":"","format":"standard","meta":{"_lmt_disableupdate":"","_lmt_disable":"","footnotes":""},"categories":[],"tags":[],"class_list":["post-105663","post","type-post","status-publish","format-standard","has-post-thumbnail","hentry"],"_links":{"self":[{"href":"https:\/\/ucnoqta.az\/index.php?rest_route=\/wp\/v2\/posts\/105663","targetHints":{"allow":["GET"]}}],"collection":[{"href":"https:\/\/ucnoqta.az\/index.php?rest_route=\/wp\/v2\/posts"}],"about":[{"href":"https:\/\/ucnoqta.az\/index.php?rest_route=\/wp\/v2\/types\/post"}],"author":[{"embeddable":true,"href":"https:\/\/ucnoqta.az\/index.php?rest_route=\/wp\/v2\/users\/1"}],"replies":[{"embeddable":true,"href":"https:\/\/ucnoqta.az\/index.php?rest_route=%2Fwp%2Fv2%2Fcomments&post=105663"}],"version-history":[{"count":0,"href":"https:\/\/ucnoqta.az\/index.php?rest_route=\/wp\/v2\/posts\/105663\/revisions"}],"wp:featuredmedia":[{"embeddable":true,"href":"https:\/\/ucnoqta.az\/index.php?rest_route=\/wp\/v2\/media\/251278"}],"wp:attachment":[{"href":"https:\/\/ucnoqta.az\/index.php?rest_route=%2Fwp%2Fv2%2Fmedia&parent=105663"}],"wp:term":[{"taxonomy":"category","embeddable":true,"href":"https:\/\/ucnoqta.az\/index.php?rest_route=%2Fwp%2Fv2%2Fcategories&post=105663"},{"taxonomy":"post_tag","embeddable":true,"href":"https:\/\/ucnoqta.az\/index.php?rest_route=%2Fwp%2Fv2%2Ftags&post=105663"}],"curies":[{"name":"wp","href":"https:\/\/api.w.org\/{rel}","templated":true}]}}