{"id":105661,"date":"2020-10-12T17:03:50","date_gmt":"2020-10-12T13:03:50","guid":{"rendered":""},"modified":"-0001-11-30T00:00:00","modified_gmt":"-0001-11-29T20:00:00","slug":"","status":"publish","type":"post","link":"https:\/\/ucnoqta.az\/?p=105661","title":{"rendered":"Az\u0259rbaycan Prezidenti:<font color=red><b> \u201cT\u00fcrkiy\u0259 onsuz da Minsk Qrupunun \u00fczv\u00fcd\u00fcr, n\u0259 \u00fc\u00e7\u00fcn h\u0259ms\u0259dr olmas\u0131n?\u201d<\/b><\/font>"},"content":{"rendered":"<p><strong>&ldquo;Bu, bizim m&ouml;vqeyimizdir v\u0259 m\u0259n bunu bir ne&ccedil;\u0259 d\u0259f\u0259 a&ccedil;\u0131qlam\u0131\u015fam. Bir d\u0259 dem\u0259k ist\u0259yir\u0259m ki, m&uuml;tl\u0259q T&uuml;rkiy\u0259 bu m\u0259s\u0259l\u0259nin siyasi yollarla &ccedil;&ouml;z&uuml;lm\u0259sind\u0259 f\u0259al rol oynamal\u0131d\u0131r&rdquo;.<\/strong><\/p>\n<p>Bunu Az\u0259rbaycan Prezidenti \u0130lham \u018fliyev &ldquo;Haber Global&rdquo; telekanal\u0131na m&uuml;sahib\u0259sind\u0259 bildirib.<\/p>\n<p>D&ouml;vl\u0259t ba\u015f&ccedil;\u0131s\u0131 deyib ki, T&uuml;rkiy\u0259nin b\u0259zi m\u0259tbuat orqanlar\u0131nda yaz\u0131l\u0131r ki, n\u0259 &uuml;&ccedil;&uuml;n T&uuml;rkiy\u0259 Moskvada olmay\u0131b: &ldquo;T\u0259bii ki, bu, indiki m\u0259rh\u0259l\u0259d\u0259 n\u0259z\u0259rd\u0259 tutulmurdu, he&ccedil; T&uuml;rkiy\u0259nin qar\u015f\u0131s\u0131nda da bel\u0259 bir v\u0259zif\u0259 durmurdu. Bu, dan\u0131\u015f\u0131qlar prosesi deyil, bu, sad\u0259c\u0259, humanitar \u0259saslarla t\u0259tbiq olunan at\u0259\u015fk\u0259sdir. Y\u0259ni bu, dan\u0131\u015f\u0131qlar\u0131n ke&ccedil;irilm\u0259si &uuml;&ccedil;&uuml;n t\u0259\u015fkil edilmi\u015f t\u0259dbir deyildi. Dan\u0131\u015f\u0131qlar bu g&uuml;n\u0259 q\u0259d\u0259r Minsk Qrupu &ccedil;\u0259r&ccedil;iv\u0259sind\u0259 apar\u0131l\u0131r, ancaq bu dan\u0131\u015f\u0131qlar\u0131n s\u0259m\u0259r\u0259si, n\u0259tic\u0259si yoxdur. 30 il\u0259 yax\u0131nd\u0131r ki, bir santimetr torpaq biz\u0259 m&uuml;zakir\u0259 yolu il\u0259 qaytar\u0131lmad\u0131. Ona g&ouml;r\u0259 d\u0259 m\u0259n tam haql\u0131 olaraq dedim ki, bir halda ki, Minsk Qrupu 1992-ci ild\u0259 formala\u015fd\u0131, o zaman bu, hans\u0131 \u0259saslarda formala\u015fd\u0131, bu haqda bizd\u0259 bir m\u0259lumat yoxdur. \u018fg\u0259r Minsk Qrupunun&nbsp; t\u0259rkibin\u0259 baxsan\u0131z, g&ouml;r\u0259rsiniz ki, orada bu b&ouml;lg\u0259d\u0259n uzaqlarda yerl\u0259\u015f\u0259n, bu b&ouml;lg\u0259 il\u0259 he&ccedil; bir \u0259laq\u0259si olmayan, m&uuml;naqi\u015f\u0259 il\u0259 he&ccedil; zaman maraqlanmayan &ouml;lk\u0259l\u0259r d\u0259 var. Onlar\u0131n Minsk Qrupunda m&ouml;vcudlu\u011fu formal xarakter da\u015f\u0131y\u0131r. \u018fg\u0259r biz bu m&uuml;naqi\u015f\u0259nin h\u0259llini ist\u0259yiriks\u0259, biz ist\u0259yirik, orada el\u0259 &ouml;lk\u0259l\u0259r olmal\u0131d\u0131r ki, onlar\u0131n g&uuml;c&uuml; d\u0259, t\u0259siri d\u0259 olsun v\u0259 bu t\u0259rkib birt\u0259r\u0259fli olmas\u0131n. Minsk Qrupu h\u0259ms\u0259drl\u0259rinin &ouml;lk\u0259l\u0259rind\u0259 erm\u0259ni diasporlar\u0131n\u0131n f\u0259aliyy\u0259tin\u0259 diqq\u0259t yetirin. H\u0259r 3 &ouml;lk\u0259d\u0259 erm\u0259ni diaspor t\u0259\u015fkilatlar\u0131 b&ouml;y&uuml;k siyasi imkanlara malikdir. O siyasi imkanlar n\u0259tic\u0259sind\u0259 onlar o &ouml;lk\u0259l\u0259rin v\u0259zif\u0259li \u015f\u0259xsl\u0259rin\u0259 t\u0259sir edirl\u0259r. Bu, n\u0259 q\u0259d\u0259r \u0259dal\u0259tlidir? T&uuml;rkiy\u0259 onsuz da Minsk Qrupunun &uuml;zv&uuml;d&uuml;r, n\u0259 &uuml;&ccedil;&uuml;n T&uuml;rkiy\u0259 d\u0259 h\u0259ms\u0259dr olmas\u0131n?! Ona g&ouml;r\u0259 d\u0259 bizim siyas\u0259timizd\u0259 tam m\u0259ntiq v\u0259 n\u0259tic\u0259y\u0259 hesablanm\u0131\u015f yana\u015fma var&rdquo;.<\/p>\n<p>D&ouml;vl\u0259t ba\u015f&ccedil;\u0131s\u0131 n\u0259z\u0259r\u0259 &ccedil;atd\u0131r\u0131b ki, geosiyasi reall\u0131qlar d\u0259yi\u015fib: &ldquo;1992-ci ill\u0259 bug&uuml;nk&uuml; v\u0259ziyy\u0259ti m&uuml;qayis\u0259 etm\u0259k olmaz. Bu g&uuml;n T&uuml;rkiy\u0259 n\u0259inki b&ouml;lg\u0259d\u0259, d&uuml;nya miqyas\u0131nda g&uuml;c m\u0259rk\u0259zidir. Bunu Q\u0259rbd\u0259 bir &ccedil;oxlar\u0131 q\u0259bul etm\u0259k ist\u0259mirl\u0259r, onlar\u0131 q\u0131c\u0131qland\u0131r\u0131r. Onlar &ouml;yr\u0259\u015fibl\u0259r, ke&ccedil;\u0259n \u0259srd\u0259 b\u0259zi hallarda onlar\u0131n s&ouml;z&uuml; T&uuml;rkiy\u0259 siyas\u0259tind\u0259 &ccedil;ox b&ouml;y&uuml;k d\u0259y\u0259r t\u0259\u015fkil edib. Ancaq bu g&uuml;n T&uuml;rkiy\u0259 tam m&uuml;st\u0259qil siyas\u0259t apar\u0131r v\u0259 d&uuml;nya miqyas\u0131nda g&uuml;c\u0259 &ccedil;evrilib. Bizim b&ouml;lg\u0259mizd\u0259 hans\u0131 m\u0259s\u0259l\u0259 T&uuml;rkiy\u0259siz h\u0259llini tapd\u0131? Suriyada, Liviyada, Orta \u015e\u0259rqd\u0259, bizim b&ouml;lg\u0259d\u0259 T&uuml;rkiy\u0259 s&ouml;z sahibidir. Bu, reall\u0131qd\u0131r v\u0259 onunla hesabla\u015fmaq laz\u0131md\u0131r. Ona g&ouml;r\u0259 d\u0259 m&uuml;zakir\u0259l\u0259rin n\u0259 zaman ba\u015flaya bil\u0259c\u0259yini m\u0259n indi dey\u0259 bilm\u0259r\u0259m. &Ccedil;&uuml;nki bir halda ki, Erm\u0259nistan bu at\u0259\u015fk\u0259si pozur, inanm\u0131ram ki, dan\u0131\u015f\u0131qlarda da s\u0259mimi olsun. Ancaq ist\u0259nil\u0259n halda, &ldquo;de-yure&rdquo;, ya da &ldquo;de-fakto&rdquo; T&uuml;rkiy\u0259 m&uuml;tl\u0259q bu problemin &ccedil;&ouml;z&uuml;lm\u0259sind\u0259 olmal\u0131d\u0131r v\u0259 zat\u0259n var. &Ccedil;&uuml;nki bu g&uuml;n sirr deyil ki, biz T&uuml;rkiy\u0259 il\u0259 m&uuml;nt\u0259z\u0259m m\u0259sl\u0259h\u0259tl\u0259\u015fm\u0259l\u0259r apar\u0131r\u0131q. Bu proses i&ccedil;\u0259risind\u0259 27 sentyabrdan bu g&uuml;n q\u0259d\u0259r daima biz \u0259laq\u0259d\u0259yik. T&uuml;rkiy\u0259nin y&uuml;ks\u0259k s\u0259viyy\u0259li r\u0259smil\u0259ri bir &ccedil;ox &ouml;lk\u0259l\u0259rin d&ouml;vl\u0259t v\u0259 h&ouml;kum\u0259t ba\u015f&ccedil;\u0131lar\u0131 il\u0259 s\u0131x t\u0259masdad\u0131rlar. Ona g&ouml;r\u0259 bu, art\u0131q reall\u0131qd\u0131r. Sad\u0259c\u0259, biz &ldquo;de-fakto&rdquo; reall\u0131\u011f\u0131 &ldquo;de-yure&rdquo; reall\u0131\u011fa &ccedil;evirm\u0259liyik&rdquo;.\/\/\/Apa<\/p>\n","protected":false},"excerpt":{"rendered":"<p>&ldquo;Bu, bizim m&ouml;vqeyimizdir v\u0259 m\u0259n bunu bir ne&ccedil;\u0259 d\u0259f\u0259 a&ccedil;\u0131qlam\u0131\u015fam. Bir d\u0259 dem\u0259k ist\u0259yir\u0259m ki, m&uuml;tl\u0259q T&uuml;rkiy\u0259 bu m\u0259s\u0259l\u0259nin siyasi yollarla &ccedil;&ouml;z&uuml;lm\u0259sind\u0259 f\u0259al rol oynamal\u0131d\u0131r&rdquo;. Bunu Az\u0259rbaycan Prezidenti \u0130lham \u018fliyev&hellip;<\/p>\n","protected":false},"author":1,"featured_media":251278,"comment_status":"open","ping_status":"open","sticky":false,"template":"","format":"standard","meta":{"_lmt_disableupdate":"","_lmt_disable":"","footnotes":""},"categories":[],"tags":[],"class_list":["post-105661","post","type-post","status-publish","format-standard","has-post-thumbnail","hentry"],"_links":{"self":[{"href":"https:\/\/ucnoqta.az\/index.php?rest_route=\/wp\/v2\/posts\/105661","targetHints":{"allow":["GET"]}}],"collection":[{"href":"https:\/\/ucnoqta.az\/index.php?rest_route=\/wp\/v2\/posts"}],"about":[{"href":"https:\/\/ucnoqta.az\/index.php?rest_route=\/wp\/v2\/types\/post"}],"author":[{"embeddable":true,"href":"https:\/\/ucnoqta.az\/index.php?rest_route=\/wp\/v2\/users\/1"}],"replies":[{"embeddable":true,"href":"https:\/\/ucnoqta.az\/index.php?rest_route=%2Fwp%2Fv2%2Fcomments&post=105661"}],"version-history":[{"count":0,"href":"https:\/\/ucnoqta.az\/index.php?rest_route=\/wp\/v2\/posts\/105661\/revisions"}],"wp:featuredmedia":[{"embeddable":true,"href":"https:\/\/ucnoqta.az\/index.php?rest_route=\/wp\/v2\/media\/251278"}],"wp:attachment":[{"href":"https:\/\/ucnoqta.az\/index.php?rest_route=%2Fwp%2Fv2%2Fmedia&parent=105661"}],"wp:term":[{"taxonomy":"category","embeddable":true,"href":"https:\/\/ucnoqta.az\/index.php?rest_route=%2Fwp%2Fv2%2Fcategories&post=105661"},{"taxonomy":"post_tag","embeddable":true,"href":"https:\/\/ucnoqta.az\/index.php?rest_route=%2Fwp%2Fv2%2Ftags&post=105661"}],"curies":[{"name":"wp","href":"https:\/\/api.w.org\/{rel}","templated":true}]}}