{"id":105660,"date":"2020-10-12T17:00:47","date_gmt":"2020-10-12T13:00:47","guid":{"rendered":""},"modified":"-0001-11-30T00:00:00","modified_gmt":"-0001-11-29T20:00:00","slug":"","status":"publish","type":"post","link":"https:\/\/ucnoqta.az\/?p=105660","title":{"rendered":"Rusiya v\u0259 Erm\u0259nistan X\u0130N ba\u015f\u00e7\u0131lar\u0131 m\u00fcnaqi\u015f\u0259nin nizamlanmas\u0131n\u0131 m\u00fczakir\u0259 edibl\u0259r"},"content":{"rendered":"<p><strong>Moskvada Rusiya v\u0259 Erm\u0259nistan\u0131n xarici i\u015fl\u0259r nazirl\u0259ri &#8211;&nbsp;Sergey Lavrov&nbsp;il\u0259 Z&ouml;hrab Mnatsakanyan aras\u0131nda dan\u0131\u015f\u0131qlar ba\u015f tutub.<\/strong><\/p>\n<p>&ldquo;Report&rdquo;un m\u0259lumat\u0131na g&ouml;r\u0259, dan\u0131\u015f\u0131qlardan sonra nazirl\u0259rin birg\u0259 m\u0259tbuat konfrans\u0131 ke&ccedil;irilib.<\/p>\n<p>S.Lavrov erm\u0259ni nazirin Rusiyaya s\u0259f\u0259rinin &ccedil;oxdan raz\u0131la\u015fd\u0131r\u0131ld\u0131\u011f\u0131n\u0131 v\u0259 t\u0259r\u0259fl\u0259rin yaln\u0131z Da\u011fl\u0131q Qaraba\u011fdak\u0131 v\u0259ziyy\u0259ti deyil, h\u0259m d\u0259 &ouml;lk\u0259l\u0259r aras\u0131nda ikit\u0259r\u0259fli \u0259m\u0259kda\u015fl\u0131\u011f\u0131n b&uuml;t&uuml;n spektrini m&uuml;zakir\u0259 etdikl\u0259rini vur\u011fulay\u0131b.<\/p>\n<p>Xat\u0131rladaq ki, bu g&uuml;n Erm\u0259nistan xarici i\u015fl\u0259r nazirinin AT\u018fT-in Minsk qrupu h\u0259ms\u0259drl\u0259ri il\u0259 d\u0259 g&ouml;r&uuml;\u015f&uuml; planla\u015fd\u0131r\u0131l\u0131r.<\/p>\n","protected":false},"excerpt":{"rendered":"<p>Moskvada Rusiya v\u0259 Erm\u0259nistan\u0131n xarici i\u015fl\u0259r nazirl\u0259ri &#8211;&nbsp;Sergey Lavrov&nbsp;il\u0259 Z&ouml;hrab Mnatsakanyan aras\u0131nda dan\u0131\u015f\u0131qlar ba\u015f tutub. &ldquo;Report&rdquo;un m\u0259lumat\u0131na g&ouml;r\u0259, dan\u0131\u015f\u0131qlardan sonra nazirl\u0259rin birg\u0259 m\u0259tbuat konfrans\u0131 ke&ccedil;irilib. S.Lavrov erm\u0259ni nazirin Rusiyaya s\u0259f\u0259rinin&hellip;<\/p>\n","protected":false},"author":1,"featured_media":251278,"comment_status":"open","ping_status":"open","sticky":false,"template":"","format":"standard","meta":{"_lmt_disableupdate":"","_lmt_disable":"","footnotes":""},"categories":[89],"tags":[],"class_list":["post-105660","post","type-post","status-publish","format-standard","has-post-thumbnail","hentry","category-dunya-butun-xeberler"],"_links":{"self":[{"href":"https:\/\/ucnoqta.az\/index.php?rest_route=\/wp\/v2\/posts\/105660","targetHints":{"allow":["GET"]}}],"collection":[{"href":"https:\/\/ucnoqta.az\/index.php?rest_route=\/wp\/v2\/posts"}],"about":[{"href":"https:\/\/ucnoqta.az\/index.php?rest_route=\/wp\/v2\/types\/post"}],"author":[{"embeddable":true,"href":"https:\/\/ucnoqta.az\/index.php?rest_route=\/wp\/v2\/users\/1"}],"replies":[{"embeddable":true,"href":"https:\/\/ucnoqta.az\/index.php?rest_route=%2Fwp%2Fv2%2Fcomments&post=105660"}],"version-history":[{"count":0,"href":"https:\/\/ucnoqta.az\/index.php?rest_route=\/wp\/v2\/posts\/105660\/revisions"}],"wp:featuredmedia":[{"embeddable":true,"href":"https:\/\/ucnoqta.az\/index.php?rest_route=\/wp\/v2\/media\/251278"}],"wp:attachment":[{"href":"https:\/\/ucnoqta.az\/index.php?rest_route=%2Fwp%2Fv2%2Fmedia&parent=105660"}],"wp:term":[{"taxonomy":"category","embeddable":true,"href":"https:\/\/ucnoqta.az\/index.php?rest_route=%2Fwp%2Fv2%2Fcategories&post=105660"},{"taxonomy":"post_tag","embeddable":true,"href":"https:\/\/ucnoqta.az\/index.php?rest_route=%2Fwp%2Fv2%2Ftags&post=105660"}],"curies":[{"name":"wp","href":"https:\/\/api.w.org\/{rel}","templated":true}]}}