{"id":105659,"date":"2020-10-12T16:45:51","date_gmt":"2020-10-12T12:45:51","guid":{"rendered":""},"modified":"-0001-11-30T00:00:00","modified_gmt":"-0001-11-29T20:00:00","slug":"","status":"publish","type":"post","link":"https:\/\/ucnoqta.az\/?p=105659","title":{"rendered":"Erm\u0259nistan\u0131n G\u0259nc\u0259ni at\u0259\u015f\u0259 tutmas\u0131 n\u0259tic\u0259sind\u0259 bir \u0259sr yar\u0131m ya\u015f\u0131 olan pravoslav kils\u0259si d\u0259 z\u0259r\u0259r g\u00f6r\u00fcb"},"content":{"rendered":"<p><strong>Bu g&uuml;n G\u0259nc\u0259y\u0259 s\u0259f\u0259r ed\u0259n xarici diplomatlar Erm\u0259nistan\u0131n h\u0259rbi-siyasi r\u0259hb\u0259rliyinin, ordusunun v\u0259h\u015filiyi v\u0259 vandalizminin \u015fahidi oldular. D&uuml;\u015fm\u0259nin G\u0259nc\u0259ni a\u011f\u0131r artilleriyadan at\u0259\u015f\u0259 tutmas\u0131 n\u0259tic\u0259sind\u0259 m&uuml;lki \u015f\u0259xsl\u0259r aras\u0131nda &ouml;l\u0259n v\u0259 yaralananlar var, tarixi abid\u0259l\u0259rimiz\u0259, o c&uuml;ml\u0259d\u0259n bir \u0259sr yar\u0131m ya\u015f\u0131 olan pravoslav kils\u0259sin\u0259 d\u0259 z\u0259r\u0259r d\u0259yib.<\/strong><\/p>\n<p>Bunu G\u0259nc\u0259d\u0259 jurnalistl\u0259r\u0259 a&ccedil;\u0131qlamas\u0131nda \u0130mamzad\u0259 ziyar\u0259tgah\u0131n\u0131n m&uuml;t\u0259v\u0259llisi, Qafqaz M&uuml;s\u0259lmanlar\u0131 \u0130dar\u0259si s\u0259drinin Q\u0259rb b&ouml;lg\u0259si &uuml;zr\u0259 s\u0259lahiyy\u0259tli n&uuml;may\u0259nd\u0259si Hac\u0131 Tahir Abbasov deyib.<\/p>\n<p>O bildirib ki, q\u0259dim G\u0259nc\u0259 \u015f\u0259h\u0259ri d&uuml;nyada Nizami, M\u0259sh\u0259ti kimi b&ouml;y&uuml;k \u015fairl\u0259ri, aliml\u0259ri, qonaqp\u0259rv\u0259rliyi v\u0259 s&uuml;lhp\u0259rv\u0259rliyi il\u0259 tan\u0131n\u0131r: &ldquo;Erm\u0259nistan Xocal\u0131da t&ouml;r\u0259tdiyi soyq\u0131r\u0131m\u0131n\u0131n ox\u015far\u0131n\u0131 G\u0259nc\u0259d\u0259 h\u0259yata ke&ccedil;irm\u0259k ist\u0259yir. At\u0131lan raketl\u0259r m\u0259sum u\u015faqlar\u0131, qad\u0131nlar\u0131, ya\u015fl\u0131lar\u0131 h\u0259d\u0259f al\u0131b. Son raket z\u0259rb\u0259si n\u0259tic\u0259sind\u0259 9 dinc sakin h\u0259lak oldu, xeyli insan yaraland\u0131, evl\u0259rimiz da\u011f\u0131ld\u0131&rdquo;.<\/p>\n<p>Az\u0259rbaycan\u0131n tolerant &ouml;lk\u0259 oldu\u011funu vur\u011fulayan Hac\u0131 Tahir deyib: &ldquo;G\u0259nc\u0259d\u0259 &ccedil;oxlu kils\u0259l\u0259r, m\u0259scidl\u0259r, sinaqoq v\u0259 dini m\u0259rk\u0259zl\u0259r var. Erm\u0259nistandan at\u0131lan raketl\u0259rd\u0259n biri G\u0259nc\u0259d\u0259 IX \u0259srd\u0259n qalma \u0130slam pey\u011f\u0259mb\u0259rinin 5-ci n\u0259v\u0259sinin m\u0259zar\u0131 v\u0259 \u0259traf\u0131ndak\u0131 b&ouml;y&uuml;k m\u0259scidin yan\u0131na d&uuml;\u015f&uuml;b v\u0259 oraya z\u0259r\u0259r vurub. Bundan ba\u015fqa, G\u0259nc\u0259d\u0259 bir \u0259sr yar\u0131m ya\u015f\u0131 olan pravoslav kils\u0259sinin d\u0259 \u0259traf\u0131na raket d&uuml;\u015f&uuml;b v\u0259 kils\u0259 z\u0259r\u0259r g&ouml;r&uuml;b. Bu da onu g&ouml;st\u0259rir ki, erm\u0259nil\u0259r he&ccedil; bir din\u0259, inanca baxm\u0131rlar, onlar &uuml;&ccedil;&uuml;n m&uuml;q\u0259dd\u0259s he&ccedil; n\u0259 yoxdur&rdquo;.\/\/\/trend<\/p>\n<p>&nbsp;<\/p>\n","protected":false},"excerpt":{"rendered":"<p>Bu g&uuml;n G\u0259nc\u0259y\u0259 s\u0259f\u0259r ed\u0259n xarici diplomatlar Erm\u0259nistan\u0131n h\u0259rbi-siyasi r\u0259hb\u0259rliyinin, ordusunun v\u0259h\u015filiyi v\u0259 vandalizminin \u015fahidi oldular. D&uuml;\u015fm\u0259nin G\u0259nc\u0259ni a\u011f\u0131r artilleriyadan at\u0259\u015f\u0259 tutmas\u0131 n\u0259tic\u0259sind\u0259 m&uuml;lki \u015f\u0259xsl\u0259r aras\u0131nda &ouml;l\u0259n v\u0259 yaralananlar var,&hellip;<\/p>\n","protected":false},"author":1,"featured_media":251278,"comment_status":"open","ping_status":"open","sticky":false,"template":"","format":"standard","meta":{"_lmt_disableupdate":"","_lmt_disable":"","footnotes":""},"categories":[],"tags":[],"class_list":["post-105659","post","type-post","status-publish","format-standard","has-post-thumbnail","hentry"],"_links":{"self":[{"href":"https:\/\/ucnoqta.az\/index.php?rest_route=\/wp\/v2\/posts\/105659","targetHints":{"allow":["GET"]}}],"collection":[{"href":"https:\/\/ucnoqta.az\/index.php?rest_route=\/wp\/v2\/posts"}],"about":[{"href":"https:\/\/ucnoqta.az\/index.php?rest_route=\/wp\/v2\/types\/post"}],"author":[{"embeddable":true,"href":"https:\/\/ucnoqta.az\/index.php?rest_route=\/wp\/v2\/users\/1"}],"replies":[{"embeddable":true,"href":"https:\/\/ucnoqta.az\/index.php?rest_route=%2Fwp%2Fv2%2Fcomments&post=105659"}],"version-history":[{"count":0,"href":"https:\/\/ucnoqta.az\/index.php?rest_route=\/wp\/v2\/posts\/105659\/revisions"}],"wp:featuredmedia":[{"embeddable":true,"href":"https:\/\/ucnoqta.az\/index.php?rest_route=\/wp\/v2\/media\/251278"}],"wp:attachment":[{"href":"https:\/\/ucnoqta.az\/index.php?rest_route=%2Fwp%2Fv2%2Fmedia&parent=105659"}],"wp:term":[{"taxonomy":"category","embeddable":true,"href":"https:\/\/ucnoqta.az\/index.php?rest_route=%2Fwp%2Fv2%2Fcategories&post=105659"},{"taxonomy":"post_tag","embeddable":true,"href":"https:\/\/ucnoqta.az\/index.php?rest_route=%2Fwp%2Fv2%2Ftags&post=105659"}],"curies":[{"name":"wp","href":"https:\/\/api.w.org\/{rel}","templated":true}]}}