{"id":105658,"date":"2020-10-12T16:12:18","date_gmt":"2020-10-12T12:12:18","guid":{"rendered":""},"modified":"-0001-11-30T00:00:00","modified_gmt":"-0001-11-29T20:00:00","slug":"","status":"publish","type":"post","link":"https:\/\/ucnoqta.az\/?p=105658","title":{"rendered":"\u201c\u018fcn\u0259bi diplomatlar G\u0259nc\u0259d\u0259 dinc sakinl\u0259r\u0259 qar\u015f\u0131 h\u0259rbi cinay\u0259ti \u00f6z g\u00f6zl\u0259ri il\u0259 g\u00f6rd\u00fcl\u0259r\u201d- <font color=red><b>Hikm\u0259t Hac\u0131yev<\/b><\/font>"},"content":{"rendered":"<p><strong>&ldquo;\u018fcn\u0259bi diplomatlar v\u0259 Bak\u0131da akkredit\u0259 olunmu\u015f beyn\u0259lxalq t\u0259\u015fkilatlar\u0131n r\u0259hb\u0259rl\u0259ri Erm\u0259nistan\u0131n ba\u015f nazirinin G\u0259nc\u0259 \u015f\u0259h\u0259rinin dinc sakinl\u0259rin\u0259 qar\u015f\u0131 sifari\u015f verdiyi h\u0259rbi cinay\u0259ti &ouml;z g&ouml;zl\u0259ri il\u0259 g&ouml;rd&uuml;l\u0259r&rdquo;.<\/strong><\/p>\n<p>Bunu Az\u0259rbaycan Prezidentinin k&ouml;m\u0259k&ccedil;isi &#8211; Prezident Administrasiyas\u0131n\u0131n Xarici siyas\u0259t m\u0259s\u0259l\u0259l\u0259ri \u015f&ouml;b\u0259sinin m&uuml;diri Hikm\u0259t Hac\u0131yev &ldquo;Twitter&rdquo; hesab\u0131nda yaz\u0131b.<\/p>\n<p>&ldquo;G&uuml;nahs\u0131z qurbanlar\u0131n xatir\u0259sini yad etm\u0259k &uuml;&ccedil;&uuml;n \u0259raziy\u0259 &ccedil;i&ccedil;\u0259kl\u0259r qoydular&rdquo;, &#8211; dey\u0259 Prezidentin k&ouml;m\u0259k&ccedil;isi qeyd edib.\/\/\/oxu.az<\/p>\n<blockquote class=\"twitter-tweet\">\n<p dir=\"ltr\" lang=\"en\">Foreign diplomats and heads of international organizations accredited in Baku have seen with their own eyes war crimes commissioned by Armenia&#39;s prime minister against civilians of Ganja city. They also put flowers to incident area to pay tribute to memory of innocent victims. <a href=\"https:\/\/t.co\/MupfsENbM2\">pic.twitter.com\/MupfsENbM2<\/a><\/p>\n<p>&mdash; Hikmet Hajiyev (@HikmetHajiyev) <a href=\"https:\/\/twitter.com\/HikmetHajiyev\/status\/1315614201189208066?ref_src=twsrc%5Etfw\">October 12, 2020<\/a><\/p><\/blockquote>\n<p><script async src=\"https:\/\/platform.twitter.com\/widgets.js\" charset=\"utf-8\"><\/script><\/p>\n","protected":false},"excerpt":{"rendered":"<p>&ldquo;\u018fcn\u0259bi diplomatlar v\u0259 Bak\u0131da akkredit\u0259 olunmu\u015f beyn\u0259lxalq t\u0259\u015fkilatlar\u0131n r\u0259hb\u0259rl\u0259ri Erm\u0259nistan\u0131n ba\u015f nazirinin G\u0259nc\u0259 \u015f\u0259h\u0259rinin dinc sakinl\u0259rin\u0259 qar\u015f\u0131 sifari\u015f verdiyi h\u0259rbi cinay\u0259ti &ouml;z g&ouml;zl\u0259ri il\u0259 g&ouml;rd&uuml;l\u0259r&rdquo;. Bunu Az\u0259rbaycan Prezidentinin k&ouml;m\u0259k&ccedil;isi &#8211;&hellip;<\/p>\n","protected":false},"author":1,"featured_media":251278,"comment_status":"open","ping_status":"open","sticky":false,"template":"","format":"standard","meta":{"_lmt_disableupdate":"","_lmt_disable":"","footnotes":""},"categories":[],"tags":[],"class_list":["post-105658","post","type-post","status-publish","format-standard","has-post-thumbnail","hentry"],"_links":{"self":[{"href":"https:\/\/ucnoqta.az\/index.php?rest_route=\/wp\/v2\/posts\/105658","targetHints":{"allow":["GET"]}}],"collection":[{"href":"https:\/\/ucnoqta.az\/index.php?rest_route=\/wp\/v2\/posts"}],"about":[{"href":"https:\/\/ucnoqta.az\/index.php?rest_route=\/wp\/v2\/types\/post"}],"author":[{"embeddable":true,"href":"https:\/\/ucnoqta.az\/index.php?rest_route=\/wp\/v2\/users\/1"}],"replies":[{"embeddable":true,"href":"https:\/\/ucnoqta.az\/index.php?rest_route=%2Fwp%2Fv2%2Fcomments&post=105658"}],"version-history":[{"count":0,"href":"https:\/\/ucnoqta.az\/index.php?rest_route=\/wp\/v2\/posts\/105658\/revisions"}],"wp:featuredmedia":[{"embeddable":true,"href":"https:\/\/ucnoqta.az\/index.php?rest_route=\/wp\/v2\/media\/251278"}],"wp:attachment":[{"href":"https:\/\/ucnoqta.az\/index.php?rest_route=%2Fwp%2Fv2%2Fmedia&parent=105658"}],"wp:term":[{"taxonomy":"category","embeddable":true,"href":"https:\/\/ucnoqta.az\/index.php?rest_route=%2Fwp%2Fv2%2Fcategories&post=105658"},{"taxonomy":"post_tag","embeddable":true,"href":"https:\/\/ucnoqta.az\/index.php?rest_route=%2Fwp%2Fv2%2Ftags&post=105658"}],"curies":[{"name":"wp","href":"https:\/\/api.w.org\/{rel}","templated":true}]}}