{"id":105655,"date":"2020-10-12T15:56:49","date_gmt":"2020-10-12T11:56:49","guid":{"rendered":""},"modified":"-0001-11-30T00:00:00","modified_gmt":"-0001-11-29T20:00:00","slug":"","status":"publish","type":"post","link":"https:\/\/ucnoqta.az\/?p=105655","title":{"rendered":"\u201cHadrutda bu gec\u0259 Erm\u0259nistan\u0131n verdiyi itkil\u0259r Pa\u015finyan\u0131n qurbanlar\u0131d\u0131r\u201d &#8211; <font color=red><b>Video<\/b><\/font>"},"content":{"rendered":"<p><strong>Prezident \u0130lham \u018fliyev Erm\u0259nistan silahl\u0131 q&uuml;vv\u0259l\u0259rinin bu g&uuml;n Hadruta h&uuml;cumu bar\u0259d\u0259 dan\u0131\u015f\u0131b.<\/strong><\/p>\n<p>&nbsp;\u0130.\u018fliyev &ldquo;Haber Global&rdquo; telekanal\u0131na m&uuml;sab\u0259sind\u0259 bildirib ki, Erm\u0259nistan\u0131n terror mahiyy\u0259tini n\u0259z\u0259r\u0259 almaq laz\u0131md\u0131r: &ldquo;Onlar d&ouml;y&uuml;\u015f meydan\u0131nda uduzurlar. M&uuml;z\u0259ff\u0259r Az\u0259rbaycan ordusu h\u0259r g&uuml;n yeni h\u0259rbi u\u011furlara imza at\u0131r. H\u0259r g&uuml;n dem\u0259k olar ki, ya hans\u0131sa \u015f\u0259h\u0259r, ya da k\u0259nd i\u015f\u011faldan azad edilir. Yaxud da ki, o k\u0259ndl\u0259rin \u0259razisi n\u0259zar\u0259t alt\u0131na al\u0131n\u0131r. Bir ne&ccedil;\u0259 ya\u015fay\u0131\u015f m\u0259nt\u0259q\u0259si indi bizim tam n\u0259zar\u0259timizd\u0259dir, sad\u0259c\u0259 olaraq o ya\u015fay\u0131\u015f m\u0259nt\u0259q\u0259sin\u0259 h\u0259l\u0259 girm\u0259mi\u015fik.<\/p>\n<p>&Ccedil;&uuml;nki h\u0259rbi n&ouml;qteyi-n\u0259z\u0259rd\u0259n buna ehtiyac yoxdur. Ancaq m&uuml;\u0259yy\u0259n m&uuml;dd\u0259td\u0259n sonra biz n&ouml;vb\u0259ti elanlar\u0131 ed\u0259c\u0259yik. Ona g&ouml;r\u0259 b&uuml;t&uuml;n c\u0259bh\u0259 boyu istiqam\u0259tl\u0259rd\u0259 Erm\u0259nistan m\u0259\u011flubiyy\u0259t\u0259 u\u011fray\u0131r. Bel\u0259 olan halda Erm\u0259nistan &ouml;z heyfini, &ouml;z m\u0259\u011flubiyy\u0259tini sivill\u0259rd\u0259n &ccedil;\u0131xarmaq ist\u0259yir. Bu, onlar\u0131n xisl\u0259tidir. Xocal\u0131 soyq\u0131r\u0131m\u0131n\u0131 t&ouml;r\u0259d\u0259nl\u0259r G\u0259nc\u0259y\u0259 h&uuml;cumu da edibl\u0259r. G\u0259nc\u0259 h&uuml;cumunun s\u0259b\u0259bkar\u0131 Erm\u0259nistan\u0131n h\u0259rbi-siyasi r\u0259hb\u0259rliyidir. Bizd\u0259 olan m\u0259lumata g&ouml;r\u0259, bu q\u0259rar \u015f\u0259xs\u0259n Pa\u015finyan t\u0259r\u0259find\u0259n verilib. Bizd\u0259 d\u0259qiq m\u0259lumat var ki, Pa\u015finyan haz\u0131rda &ccedil;ox psixoloji sars\u0131nt\u0131lar ke&ccedil;irir, onun m\u0259n\u0259vi-psixoloji durumu &ccedil;ox g\u0259rgindir v\u0259 qeyri-adekvat q\u0259rarlar verir.<\/p>\n<p>M\u0259s\u0259l &uuml;&ccedil;&uuml;n, bir ne&ccedil;\u0259 d\u0259f\u0259 Hadrutu yen\u0259 i\u015f\u011fal alt\u0131na salma\u011fa c\u0259hd edibl\u0259r. M\u0259n\u0259 bu s\u0259h\u0259r veril\u0259n m\u0259lumata g&ouml;r\u0259, bu gec\u0259 b&ouml;y&uuml;k, &ouml;z\u0259l komando qruplar\u0131ndan ibar\u0259t olan Erm\u0259nistandan g\u0259lmi\u015f bir qrup Hadrutu yenid\u0259n i\u015f\u011fal etm\u0259y\u0259 &ccedil;al\u0131\u015f\u0131b. Strateji n&ouml;qteyi-n\u0259z\u0259rd\u0259n bunun Erm\u0259nistan &uuml;&ccedil;&uuml;n o q\u0259d\u0259r d\u0259 b&ouml;y&uuml;k &ouml;n\u0259mi yoxdur. Sad\u0259c\u0259 olaraq gedib orada selfi &ccedil;\u0259kdirm\u0259k, yaxud da ki, &ouml;z \u0259halisin\u0259 raport verm\u0259k &uuml;&ccedil;&uuml;nd&uuml;r. Az\u0259rbaycan Ordusu o qrupu z\u0259r\u0259rsizl\u0259\u015fdirdi v\u0259 orada bu gec\u0259 Erm\u0259nistan\u0131n verdiyi qurbanlar s\u0131rf Pa\u015finyan\u0131n m\u0259suliyy\u0259tsiz v\u0259 y\u0131rt\u0131c\u0131 siyas\u0259tinin qurbanlar\u0131d\u0131r&rdquo;.<\/p>\n<p><iframe allowfullscreen=\"\" frameborder=\"0\" height=\"360\" scrolling=\"no\" src=\"https:\/\/qafqazinfo.az\/news\/player?id=301559&amp;l=\/uploads\/files\/Kay\u0131t_2020_10_12_14_25_29_643.mp4\" width=\"100%\"><\/iframe><br \/>\n\u200b\/\/\/qafqazinfo<\/p>\n","protected":false},"excerpt":{"rendered":"<p>Prezident \u0130lham \u018fliyev Erm\u0259nistan silahl\u0131 q&uuml;vv\u0259l\u0259rinin bu g&uuml;n Hadruta h&uuml;cumu bar\u0259d\u0259 dan\u0131\u015f\u0131b. &nbsp;\u0130.\u018fliyev &ldquo;Haber Global&rdquo; telekanal\u0131na m&uuml;sab\u0259sind\u0259 bildirib ki, Erm\u0259nistan\u0131n terror mahiyy\u0259tini n\u0259z\u0259r\u0259 almaq laz\u0131md\u0131r: &ldquo;Onlar d&ouml;y&uuml;\u015f meydan\u0131nda uduzurlar. M&uuml;z\u0259ff\u0259r&hellip;<\/p>\n","protected":false},"author":1,"featured_media":251278,"comment_status":"open","ping_status":"open","sticky":false,"template":"","format":"standard","meta":{"_lmt_disableupdate":"","_lmt_disable":"","footnotes":""},"categories":[],"tags":[],"class_list":["post-105655","post","type-post","status-publish","format-standard","has-post-thumbnail","hentry"],"_links":{"self":[{"href":"https:\/\/ucnoqta.az\/index.php?rest_route=\/wp\/v2\/posts\/105655","targetHints":{"allow":["GET"]}}],"collection":[{"href":"https:\/\/ucnoqta.az\/index.php?rest_route=\/wp\/v2\/posts"}],"about":[{"href":"https:\/\/ucnoqta.az\/index.php?rest_route=\/wp\/v2\/types\/post"}],"author":[{"embeddable":true,"href":"https:\/\/ucnoqta.az\/index.php?rest_route=\/wp\/v2\/users\/1"}],"replies":[{"embeddable":true,"href":"https:\/\/ucnoqta.az\/index.php?rest_route=%2Fwp%2Fv2%2Fcomments&post=105655"}],"version-history":[{"count":0,"href":"https:\/\/ucnoqta.az\/index.php?rest_route=\/wp\/v2\/posts\/105655\/revisions"}],"wp:featuredmedia":[{"embeddable":true,"href":"https:\/\/ucnoqta.az\/index.php?rest_route=\/wp\/v2\/media\/251278"}],"wp:attachment":[{"href":"https:\/\/ucnoqta.az\/index.php?rest_route=%2Fwp%2Fv2%2Fmedia&parent=105655"}],"wp:term":[{"taxonomy":"category","embeddable":true,"href":"https:\/\/ucnoqta.az\/index.php?rest_route=%2Fwp%2Fv2%2Fcategories&post=105655"},{"taxonomy":"post_tag","embeddable":true,"href":"https:\/\/ucnoqta.az\/index.php?rest_route=%2Fwp%2Fv2%2Ftags&post=105655"}],"curies":[{"name":"wp","href":"https:\/\/api.w.org\/{rel}","templated":true}]}}