{"id":105649,"date":"2020-10-12T15:03:41","date_gmt":"2020-10-12T11:03:41","guid":{"rendered":""},"modified":"-0001-11-30T00:00:00","modified_gmt":"-0001-11-29T20:00:00","slug":"","status":"publish","type":"post","link":"https:\/\/ucnoqta.az\/?p=105649","title":{"rendered":"\u201cH\u0259r g\u00fcn biz yeni \u0259razil\u0259r azad edirik\u201d- <font color=red><b>Prezident<\/b><\/font>"},"content":{"rendered":"<p><strong>&ldquo;Onlar\u0131n m&ouml;vqel\u0259ri \u0259sas\u0259n t\u0259p\u0259l\u0259rd\u0259 idi v\u0259 bu istehkamlar\u0131 yarmaq &ccedil;\u0259tin bir i\u015f idi&rdquo;.<\/strong><\/p>\n<p>Bunu Prezident \u0130lham \u018fliyev &ldquo;Haber Global&rdquo; telekanal\u0131na m&uuml;sahib\u0259sind\u0259 deyib:<br \/>\n&ldquo;Biz bir ne&ccedil;\u0259 yerd\u0259n m&uuml;dafi\u0259ni yard\u0131q, art\u0131q hans\u0131 t\u0259mas x\u0259ttind\u0259n s&ouml;hb\u0259t ged\u0259 bil\u0259r? Az\u0259rbaycan ordusunun xilaskarl\u0131q missiyas\u0131 davam edir. H\u0259r g&uuml;n biz yeni \u0259razil\u0259r azad edirik. O m&ouml;vqel\u0259r \u015f\u0259rt deyil ki, k\u0259nd, yaxud \u015f\u0259h\u0259r olsun, t\u0259p\u0259 olsun, da\u011f olsun, o da &ouml;n\u0259mlidir. \u015e\u0259h\u0259rl\u0259r\u0259 biz onsuz da qay\u0131daca\u011f\u0131q. Bizim &uuml;&ccedil;&uuml;n \u0259sas m\u0259s\u0259l\u0259 starteji y&uuml;ks\u0259klikl\u0259ri almaqd\u0131r. \u0130ndi Hadrutun b&uuml;t&uuml;n \u0259traf\u0131 bizim n\u0259zar\u0259timizd\u0259dir, \u015f\u0259h\u0259rd\u0259 d\u0259 biz var\u0131q. Amma \u015f\u0259h\u0259r\u0259 gir\u0259k, ya girm\u0259y\u0259k, bu, ba\u015fqa m\u0259s\u0259l\u0259dir. Bizim qar\u015f\u0131m\u0131zda indi bel\u0259 bir siyasi v\u0259zif\u0259 yoxdur ki, m&uuml;tl\u0259q bu g&uuml;n oran\u0131 elan ed\u0259k, sabah oran\u0131 elan ed\u0259k. B\u0259zi hallarda biz k\u0259ndl\u0259ri, \u015f\u0259h\u0259rl\u0259ri azad edirik, bir-iki g&uuml;n sonra a&ccedil;\u0131qlama veririk. Bunun da taktikas\u0131 var&rdquo;.<\/p>\n","protected":false},"excerpt":{"rendered":"<p>&ldquo;Onlar\u0131n m&ouml;vqel\u0259ri \u0259sas\u0259n t\u0259p\u0259l\u0259rd\u0259 idi v\u0259 bu istehkamlar\u0131 yarmaq &ccedil;\u0259tin bir i\u015f idi&rdquo;. Bunu Prezident \u0130lham \u018fliyev &ldquo;Haber Global&rdquo; telekanal\u0131na m&uuml;sahib\u0259sind\u0259 deyib: &ldquo;Biz bir ne&ccedil;\u0259 yerd\u0259n m&uuml;dafi\u0259ni yard\u0131q, art\u0131q hans\u0131&hellip;<\/p>\n","protected":false},"author":1,"featured_media":251278,"comment_status":"open","ping_status":"open","sticky":false,"template":"","format":"standard","meta":{"_lmt_disableupdate":"","_lmt_disable":"","footnotes":""},"categories":[],"tags":[],"class_list":["post-105649","post","type-post","status-publish","format-standard","has-post-thumbnail","hentry"],"_links":{"self":[{"href":"https:\/\/ucnoqta.az\/index.php?rest_route=\/wp\/v2\/posts\/105649","targetHints":{"allow":["GET"]}}],"collection":[{"href":"https:\/\/ucnoqta.az\/index.php?rest_route=\/wp\/v2\/posts"}],"about":[{"href":"https:\/\/ucnoqta.az\/index.php?rest_route=\/wp\/v2\/types\/post"}],"author":[{"embeddable":true,"href":"https:\/\/ucnoqta.az\/index.php?rest_route=\/wp\/v2\/users\/1"}],"replies":[{"embeddable":true,"href":"https:\/\/ucnoqta.az\/index.php?rest_route=%2Fwp%2Fv2%2Fcomments&post=105649"}],"version-history":[{"count":0,"href":"https:\/\/ucnoqta.az\/index.php?rest_route=\/wp\/v2\/posts\/105649\/revisions"}],"wp:featuredmedia":[{"embeddable":true,"href":"https:\/\/ucnoqta.az\/index.php?rest_route=\/wp\/v2\/media\/251278"}],"wp:attachment":[{"href":"https:\/\/ucnoqta.az\/index.php?rest_route=%2Fwp%2Fv2%2Fmedia&parent=105649"}],"wp:term":[{"taxonomy":"category","embeddable":true,"href":"https:\/\/ucnoqta.az\/index.php?rest_route=%2Fwp%2Fv2%2Fcategories&post=105649"},{"taxonomy":"post_tag","embeddable":true,"href":"https:\/\/ucnoqta.az\/index.php?rest_route=%2Fwp%2Fv2%2Ftags&post=105649"}],"curies":[{"name":"wp","href":"https:\/\/api.w.org\/{rel}","templated":true}]}}