{"id":105648,"date":"2020-10-12T15:00:49","date_gmt":"2020-10-12T11:00:49","guid":{"rendered":""},"modified":"-0001-11-30T00:00:00","modified_gmt":"-0001-11-29T20:00:00","slug":"","status":"publish","type":"post","link":"https:\/\/ucnoqta.az\/?p=105648","title":{"rendered":"&#8220;T\u00fcrkiy\u0259 n\u0259 \u00fc\u00e7\u00fcn h\u0259ms\u0259dr olmas\u0131n?!&#8221;- <font color=red><b>\u0130lham \u018fliyev<\/b><\/font>"},"content":{"rendered":"<p><strong>&ldquo;Minsk qrupunun h\u0259ms\u0259dr &ouml;lk\u0259l\u0259rind\u0259 erm\u0259ni diasporlar\u0131n\u0131n f\u0259aliyy\u0259tin\u0259 diqq\u0259t yetirin. H\u0259r &uuml;&ccedil; &ouml;lk\u0259d\u0259 erm\u0259ni diaspor t\u0259\u015fkilatlar\u0131 b&ouml;y&uuml;k siyasi imkanlara malikdir&rdquo;.<\/strong><\/p>\n<p>Bunu T&uuml;rkiy\u0259nin &ldquo;Haber Global&rdquo; televiziya kanal\u0131na&nbsp;m&uuml;sahib\u0259sind\u0259 Az\u0259rbaycan Prezidenti&nbsp;\u0130lham \u018fliyev&nbsp;s&ouml;yl\u0259yib.<\/p>\n<p>&ldquo;Bu siyasi imkanlar n\u0259tic\u0259sind\u0259 onlar o &ouml;lk\u0259nin v\u0259zif\u0259li \u015f\u0259xsl\u0259rin\u0259 t\u0259sir edirl\u0259r. Bu n\u0259 q\u0259d\u0259r \u0259dal\u0259tlidir? T&uuml;rkiy\u0259 n\u0259 &uuml;&ccedil;&uuml;n h\u0259ms\u0259dr olmas\u0131n?! Bizim siyas\u0259timizd\u0259 tam m\u0259ntiq v\u0259 n\u0259tic\u0259y\u0259 hesablanm\u0131\u015f yana\u015fma var. Geosiyasi reall\u0131qlar d\u0259yi\u015fib. Bu g&uuml;n T&uuml;rkiy\u0259 n\u0259inki b&ouml;lg\u0259d\u0259, d&uuml;nya &ccedil;ap\u0131nda g&uuml;c m\u0259rk\u0259zidir. Bunu Q\u0259rbd\u0259 bir &ccedil;oxlar\u0131 q\u0259bul etm\u0259k ist\u0259mir. T&uuml;rkiy\u0259 s&ouml;z sahibidir v\u0259 bu reall\u0131qd\u0131r. Bununla hesabla\u015fmaq laz\u0131md\u0131r&rdquo;, &#8211; Prezident bildirib.\/\/\/report<\/p>\n","protected":false},"excerpt":{"rendered":"<p>&ldquo;Minsk qrupunun h\u0259ms\u0259dr &ouml;lk\u0259l\u0259rind\u0259 erm\u0259ni diasporlar\u0131n\u0131n f\u0259aliyy\u0259tin\u0259 diqq\u0259t yetirin. H\u0259r &uuml;&ccedil; &ouml;lk\u0259d\u0259 erm\u0259ni diaspor t\u0259\u015fkilatlar\u0131 b&ouml;y&uuml;k siyasi imkanlara malikdir&rdquo;. Bunu T&uuml;rkiy\u0259nin &ldquo;Haber Global&rdquo; televiziya kanal\u0131na&nbsp;m&uuml;sahib\u0259sind\u0259 Az\u0259rbaycan Prezidenti&nbsp;\u0130lham \u018fliyev&nbsp;s&ouml;yl\u0259yib. &ldquo;Bu siyasi&hellip;<\/p>\n","protected":false},"author":1,"featured_media":251278,"comment_status":"open","ping_status":"open","sticky":false,"template":"","format":"standard","meta":{"_lmt_disableupdate":"","_lmt_disable":"","footnotes":""},"categories":[],"tags":[],"class_list":["post-105648","post","type-post","status-publish","format-standard","has-post-thumbnail","hentry"],"_links":{"self":[{"href":"https:\/\/ucnoqta.az\/index.php?rest_route=\/wp\/v2\/posts\/105648","targetHints":{"allow":["GET"]}}],"collection":[{"href":"https:\/\/ucnoqta.az\/index.php?rest_route=\/wp\/v2\/posts"}],"about":[{"href":"https:\/\/ucnoqta.az\/index.php?rest_route=\/wp\/v2\/types\/post"}],"author":[{"embeddable":true,"href":"https:\/\/ucnoqta.az\/index.php?rest_route=\/wp\/v2\/users\/1"}],"replies":[{"embeddable":true,"href":"https:\/\/ucnoqta.az\/index.php?rest_route=%2Fwp%2Fv2%2Fcomments&post=105648"}],"version-history":[{"count":0,"href":"https:\/\/ucnoqta.az\/index.php?rest_route=\/wp\/v2\/posts\/105648\/revisions"}],"wp:featuredmedia":[{"embeddable":true,"href":"https:\/\/ucnoqta.az\/index.php?rest_route=\/wp\/v2\/media\/251278"}],"wp:attachment":[{"href":"https:\/\/ucnoqta.az\/index.php?rest_route=%2Fwp%2Fv2%2Fmedia&parent=105648"}],"wp:term":[{"taxonomy":"category","embeddable":true,"href":"https:\/\/ucnoqta.az\/index.php?rest_route=%2Fwp%2Fv2%2Fcategories&post=105648"},{"taxonomy":"post_tag","embeddable":true,"href":"https:\/\/ucnoqta.az\/index.php?rest_route=%2Fwp%2Fv2%2Ftags&post=105648"}],"curies":[{"name":"wp","href":"https:\/\/api.w.org\/{rel}","templated":true}]}}