{"id":105645,"date":"2020-10-12T14:32:28","date_gmt":"2020-10-12T10:32:28","guid":{"rendered":""},"modified":"-0001-11-30T00:00:00","modified_gmt":"-0001-11-29T20:00:00","slug":"","status":"publish","type":"post","link":"https:\/\/ucnoqta.az\/?p=105645","title":{"rendered":"Peqovla ba\u011fl\u0131 cinay\u0259t i\u015fi a\u00e7\u0131l\u0131b &#8211; <font color=red><b>Ba\u015f Prokurorluq<\/b><\/font>"},"content":{"rendered":"<p><strong>Erm\u0259nistan Respublikas\u0131n\u0131n i\u015f\u011fal&ccedil;\u0131 mahiyy\u0259tinin beyn\u0259lxalq m&uuml;st\u0259vid\u0259 bir daha if\u015fa edilm\u0259si, el\u0259c\u0259 d\u0259 ordumuza v\u0259 dinc \u0259haliy\u0259 qar\u015f\u0131 cinay\u0259tl\u0259r t&ouml;r\u0259tmi\u015f t\u0259xribat&ccedil;\u0131 erm\u0259ni birl\u0259\u015fm\u0259l\u0259rinin h\u0259rbi qulluq&ccedil;ular\u0131n\u0131n beyn\u0259lxalq h&uuml;quq normalar\u0131 &ccedil;\u0259r&ccedil;iv\u0259sind\u0259 m\u0259suliyy\u0259t\u0259 c\u0259lb edilm\u0259l\u0259ri &uuml;&ccedil;&uuml;n Az\u0259rbaycan Respublikas\u0131n\u0131n Ba\u015f Prokurorlu\u011fu t\u0259r\u0259find\u0259n z\u0259ruri t\u0259dbirl\u0259rin g&ouml;r&uuml;lm\u0259si davam etdirilir.<\/strong><\/p>\n<p>Ba\u015f Prokurorluqdan Ucnoqta.az-a veril\u0259n m\u0259lumata g&ouml;r\u0259, h\u0259yata ke&ccedil;iril\u0259n kompleks t\u0259dbirl\u0259rin davam\u0131 kimi, Az\u0259rbaycan Respublikas\u0131n\u0131n Ba\u015f prokurorlu\u011funda apar\u0131lm\u0131\u015f ara\u015fd\u0131rmalarla b\u0259zi internet resurslar\u0131nda &ouml;lk\u0259mizin \u0259razi b&uuml;t&ouml;vl&uuml;y&uuml;n&uuml;n par&ccedil;alanmas\u0131na y&ouml;n\u0259l\u0259n a&ccedil;\u0131q &ccedil;a\u011f\u0131r\u0131\u015flar edilm\u0259si il\u0259 ba\u011fl\u0131 yay\u0131lm\u0131\u015f videog&ouml;r&uuml;nt&uuml;l\u0259r t\u0259hlil edilmi\u015fdir.<\/p>\n<p>Ara\u015fd\u0131rmalarla 1985-ci il t\u0259v\u0259ll&uuml;dl&uuml; Rusiya Federasiyas\u0131n\u0131n v\u0259t\u0259nda\u015f\u0131 Semyon Vladimirovi&ccedil; Peqovun Erm\u0259nistanda v\u0259 Az\u0259rbaycan Respublikas\u0131n\u0131n i\u015f\u011fal olunmu\u015f \u0259razil\u0259rind\u0259 olan \u015f\u0259xsl\u0259rl\u0259 cinay\u0259t \u0259laq\u0259sin\u0259 girib cinay\u0259tkar birlik t\u0259rkibind\u0259 birl\u0259\u015f\u0259r\u0259k &ldquo;Az\u0259rbaycan Respublikas\u0131n\u0131n d&ouml;vl\u0259t s\u0259rh\u0259di haqq\u0131nda&rdquo; Qanunun v\u0259 Miqrasiya M\u0259c\u0259ll\u0259sinin t\u0259l\u0259bl\u0259rin\u0259 zidd olaraq Az\u0259rbaycan Respublikas\u0131n\u0131n beyn\u0259lxalq s\u0259viyy\u0259d\u0259 tan\u0131nm\u0131\u015f d&ouml;vl\u0259t s\u0259rh\u0259dini m&uuml;\u0259yy\u0259n edilmi\u015f s\u0259n\u0259dl\u0259r olmadan v\u0259 d&ouml;vl\u0259t s\u0259rh\u0259dinin n\u0259zar\u0259t-burax\u0131l\u0131\u015f m\u0259nt\u0259q\u0259l\u0259rind\u0259n k\u0259narda, y\u0259ni Erm\u0259nistan \u0259razisind\u0259n qanunsuz ke&ccedil;\u0259r\u0259k Xank\u0259ndi \u015f\u0259h\u0259ri v\u0259 i\u015f\u011fal alt\u0131nda olan dig\u0259r ya\u015fay\u0131\u015f m\u0259nt\u0259q\u0259l\u0259rin\u0259 g\u0259lm\u0259sin\u0259 \u0259sasl\u0131 \u015f&uuml;bh\u0259l\u0259r m&uuml;\u0259yy\u0259n edilib.<\/p>\n<p>Bundan ba\u015fqa, Semyon Peqovun Az\u0259rbaycan Respublikas\u0131n\u0131n i\u015f\u011fal edilmi\u015f \u0259razil\u0259rind\u0259 Erm\u0259nistan Respublikas\u0131 t\u0259r\u0259find\u0259n h\u0259rbi t\u0259cavuz v\u0259 milli ayr\u0131-se&ccedil;kiliyin n\u0259tic\u0259si kimi yarad\u0131lm\u0131\u015f &ldquo;Artsax&rdquo; adland\u0131r\u0131lan qanunsuz qondarma rejimin d\u0259st\u0259kl\u0259nm\u0259si m\u0259qs\u0259dil\u0259, guya h\u0259min qurumun m&uuml;dafi\u0259si &uuml;&ccedil;&uuml;n &ccedil;oxsayl\u0131 k&ouml;n&uuml;ll&uuml; erm\u0259ni g\u0259ncl\u0259rin s\u0259f\u0259rb\u0259r olduqlar\u0131n\u0131 bildir\u0259n &ccedil;\u0259kili\u015fl\u0259r etm\u0259sin\u0259, i\u015f\u011fal olunmu\u015f \u0259razil\u0259rimizd\u0259 qanunsuz yarad\u0131lm\u0131\u015f terror&ccedil;u silahl\u0131 qrupla\u015fman\u0131n &uuml;zvl\u0259rind\u0259n m&uuml;sahib\u0259l\u0259r al\u0131b bu bar\u0259d\u0259 m&uuml;\u0259llifi oldu\u011fu internet resurslar\u0131nda &ccedil;oxsayl\u0131 videog&ouml;r&uuml;nt&uuml;l\u0259r payla\u015fmaqla Rusiya Federasiyas\u0131n\u0131n v\u0259t\u0259nda\u015flar\u0131na s\u0259sl\u0259n\u0259r\u0259k Erm\u0259nistan Respublikas\u0131na k&ouml;m\u0259k m\u0259qs\u0259dil\u0259 d&ouml;y&uuml;\u015f \u0259m\u0259liyyatlar\u0131n\u0131n apar\u0131ld\u0131\u011f\u0131 b&ouml;lg\u0259y\u0259 g\u0259lm\u0259l\u0259rin\u0259, habel\u0259 &ouml;lk\u0259mizin \u0259razi b&uuml;t&ouml;vl&uuml;y&uuml;n&uuml;n par&ccedil;alanmas\u0131na y&ouml;n\u0259l\u0259n a&ccedil;\u0131q &ccedil;a\u011f\u0131r\u0131\u015flar ed\u0259r\u0259k bu c&uuml;r m\u0259zmunlu materiallar\u0131 qeyd olunan internet s\u0259hif\u0259sind\u0259 yaymas\u0131na \u015f&uuml;bh\u0259l\u0259r &uuml;&ccedil;&uuml;n \u0259saslar m&uuml;\u0259yy\u0259n edilmi\u015fdir.<\/p>\n<p>Faktla ba\u011fl\u0131 Az\u0259rbaycan Respublikas\u0131n\u0131n Ba\u015f prokuroru t\u0259r\u0259find\u0259n Az\u0259rbaycan Respublikas\u0131n\u0131n Cinay\u0259t M\u0259c\u0259ll\u0259sinin 214-2 (terror&ccedil;ulu\u011fa a&ccedil;\u0131q &ccedil;a\u011f\u0131r\u0131\u015flar), 281.1 (d&ouml;vl\u0259t \u0259leyhin\u0259 y&ouml;n\u0259l\u0259n a&ccedil;\u0131q &ccedil;a\u011f\u0131r\u0131\u015flar) v\u0259 318.2-ci (Az\u0259rbaycan Respublikas\u0131n\u0131n d&ouml;vl\u0259t s\u0259rh\u0259dini qanunsuz olaraq ke&ccedil;m\u0259) madd\u0259l\u0259ri il\u0259 cinay\u0259t i\u015fi ba\u015flan\u0131lm\u0131\u015f v\u0259 istintaq\u0131n apar\u0131lmas\u0131 Ba\u015f Prokurorlu\u011fun \u0130stintaq \u0130dar\u0259sin\u0259 tap\u015f\u0131r\u0131lm\u0131\u015fd\u0131r.<\/p>\n<p>Ba\u015f Prokurorluq t\u0259r\u0259find\u0259n qeyd edil\u0259n \u015f\u0259xsin v\u0259t\u0259nda\u015f\u0131 oldu\u011fu &ouml;lk\u0259nin s\u0259lahiyy\u0259tli qurumlar\u0131na h&uuml;quqi yard\u0131m haqq\u0131nda sor\u011fu g&ouml;nd\u0259rilmi\u015fdir.<br \/>\nHaz\u0131rda i\u015f &uuml;zr\u0259 intensiv istintaq-\u0259m\u0259liyyat t\u0259dbirl\u0259ri davam etdirilir.<\/p>\n","protected":false},"excerpt":{"rendered":"<p>Erm\u0259nistan Respublikas\u0131n\u0131n i\u015f\u011fal&ccedil;\u0131 mahiyy\u0259tinin beyn\u0259lxalq m&uuml;st\u0259vid\u0259 bir daha if\u015fa edilm\u0259si, el\u0259c\u0259 d\u0259 ordumuza v\u0259 dinc \u0259haliy\u0259 qar\u015f\u0131 cinay\u0259tl\u0259r t&ouml;r\u0259tmi\u015f t\u0259xribat&ccedil;\u0131 erm\u0259ni birl\u0259\u015fm\u0259l\u0259rinin h\u0259rbi qulluq&ccedil;ular\u0131n\u0131n beyn\u0259lxalq h&uuml;quq normalar\u0131 &ccedil;\u0259r&ccedil;iv\u0259sind\u0259 m\u0259suliyy\u0259t\u0259 c\u0259lb&hellip;<\/p>\n","protected":false},"author":1,"featured_media":251278,"comment_status":"open","ping_status":"open","sticky":false,"template":"","format":"standard","meta":{"_lmt_disableupdate":"","_lmt_disable":"","footnotes":""},"categories":[],"tags":[],"class_list":["post-105645","post","type-post","status-publish","format-standard","has-post-thumbnail","hentry"],"_links":{"self":[{"href":"https:\/\/ucnoqta.az\/index.php?rest_route=\/wp\/v2\/posts\/105645","targetHints":{"allow":["GET"]}}],"collection":[{"href":"https:\/\/ucnoqta.az\/index.php?rest_route=\/wp\/v2\/posts"}],"about":[{"href":"https:\/\/ucnoqta.az\/index.php?rest_route=\/wp\/v2\/types\/post"}],"author":[{"embeddable":true,"href":"https:\/\/ucnoqta.az\/index.php?rest_route=\/wp\/v2\/users\/1"}],"replies":[{"embeddable":true,"href":"https:\/\/ucnoqta.az\/index.php?rest_route=%2Fwp%2Fv2%2Fcomments&post=105645"}],"version-history":[{"count":0,"href":"https:\/\/ucnoqta.az\/index.php?rest_route=\/wp\/v2\/posts\/105645\/revisions"}],"wp:featuredmedia":[{"embeddable":true,"href":"https:\/\/ucnoqta.az\/index.php?rest_route=\/wp\/v2\/media\/251278"}],"wp:attachment":[{"href":"https:\/\/ucnoqta.az\/index.php?rest_route=%2Fwp%2Fv2%2Fmedia&parent=105645"}],"wp:term":[{"taxonomy":"category","embeddable":true,"href":"https:\/\/ucnoqta.az\/index.php?rest_route=%2Fwp%2Fv2%2Fcategories&post=105645"},{"taxonomy":"post_tag","embeddable":true,"href":"https:\/\/ucnoqta.az\/index.php?rest_route=%2Fwp%2Fv2%2Ftags&post=105645"}],"curies":[{"name":"wp","href":"https:\/\/api.w.org\/{rel}","templated":true}]}}