{"id":105644,"date":"2020-10-12T14:08:25","date_gmt":"2020-10-12T10:08:25","guid":{"rendered":""},"modified":"-0001-11-30T00:00:00","modified_gmt":"-0001-11-29T20:00:00","slug":"","status":"publish","type":"post","link":"https:\/\/ucnoqta.az\/?p=105644","title":{"rendered":"&#8220;At\u0259\u015fin dayand\u0131r\u0131lmas\u0131 bar\u0259d\u0259 raz\u0131la\u015fmalara tam \u0259m\u0259l olunmur- <font color=red><b>Lavrov<\/b><\/font>"},"content":{"rendered":"<p><strong>Da\u011fl\u0131q Qaraba\u011fda at\u0259\u015fin dayand\u0131r\u0131lmas\u0131 bar\u0259d\u0259 Moskvada \u0259ld\u0259 olunmu\u015f raz\u0131la\u015fmalara tam \u0259m\u0259l olunmur.<\/strong><\/p>\n<p>Bunu Rusiyan\u0131n xarici i\u015fl\u0259r naziri Sergey Lavrov erm\u0259nistanl\u0131 h\u0259mkar\u0131 Zoqrab Mnatsakanyanla g&ouml;r&uuml;\u015f&uuml; zaman\u0131 deyib.<\/p>\n<p>O bildirib ki, &ouml;t\u0259n c&uuml;m\u0259 v\u0259 \u015f\u0259nb\u0259 g&uuml;nl\u0259ri az\u0259rbaycanl\u0131 nazirl\u0259 birg\u0259 dan\u0131\u015f\u0131qlar ke&ccedil;irilib:<br \/>\n&ldquo;Prezident Vladimir Putinin t\u0259\u015f\u0259bb&uuml;s&uuml; il\u0259 vacib raz\u0131\u015fla\u015fma \u0259ld\u0259 olunub. Biz g&ouml;r&uuml;r&uuml;k ki, bu raz\u0131la\u015fmaya h\u0259l\u0259lik tam \u015f\u0259kild\u0259 \u0259m\u0259l olunmur v\u0259 d&ouml;y&uuml;\u015f \u0259m\u0259liyyatlar\u0131 davam edir&rdquo;.<\/p>\n<p>Nazir &uuml;midvar oldu\u011funu bildirib ki, Rusiyan\u0131n Az\u0259rbaycan v\u0259 Erm\u0259nistanla t\u0259maslar\u0131 Da\u011fl\u0131q Qaraba\u011f t\u0259nziml\u0259nm\u0259si &uuml;zr\u0259 Moskvada &uuml;&ccedil;t\u0259r\u0259fli formatda \u015f\u0259nb\u0259 gec\u0259si \u0259ld\u0259 olunmu\u015f raz\u0131la\u015fmalar\u0131n tam icras\u0131na xidm\u0259t ed\u0259c\u0259k.\/\/\/trend<\/p>\n","protected":false},"excerpt":{"rendered":"<p>Da\u011fl\u0131q Qaraba\u011fda at\u0259\u015fin dayand\u0131r\u0131lmas\u0131 bar\u0259d\u0259 Moskvada \u0259ld\u0259 olunmu\u015f raz\u0131la\u015fmalara tam \u0259m\u0259l olunmur. Bunu Rusiyan\u0131n xarici i\u015fl\u0259r naziri Sergey Lavrov erm\u0259nistanl\u0131 h\u0259mkar\u0131 Zoqrab Mnatsakanyanla g&ouml;r&uuml;\u015f&uuml; zaman\u0131 deyib. O bildirib ki, &ouml;t\u0259n&hellip;<\/p>\n","protected":false},"author":1,"featured_media":251278,"comment_status":"open","ping_status":"open","sticky":false,"template":"","format":"standard","meta":{"_lmt_disableupdate":"","_lmt_disable":"","footnotes":""},"categories":[89],"tags":[],"class_list":["post-105644","post","type-post","status-publish","format-standard","has-post-thumbnail","hentry","category-dunya-butun-xeberler"],"_links":{"self":[{"href":"https:\/\/ucnoqta.az\/index.php?rest_route=\/wp\/v2\/posts\/105644","targetHints":{"allow":["GET"]}}],"collection":[{"href":"https:\/\/ucnoqta.az\/index.php?rest_route=\/wp\/v2\/posts"}],"about":[{"href":"https:\/\/ucnoqta.az\/index.php?rest_route=\/wp\/v2\/types\/post"}],"author":[{"embeddable":true,"href":"https:\/\/ucnoqta.az\/index.php?rest_route=\/wp\/v2\/users\/1"}],"replies":[{"embeddable":true,"href":"https:\/\/ucnoqta.az\/index.php?rest_route=%2Fwp%2Fv2%2Fcomments&post=105644"}],"version-history":[{"count":0,"href":"https:\/\/ucnoqta.az\/index.php?rest_route=\/wp\/v2\/posts\/105644\/revisions"}],"wp:featuredmedia":[{"embeddable":true,"href":"https:\/\/ucnoqta.az\/index.php?rest_route=\/wp\/v2\/media\/251278"}],"wp:attachment":[{"href":"https:\/\/ucnoqta.az\/index.php?rest_route=%2Fwp%2Fv2%2Fmedia&parent=105644"}],"wp:term":[{"taxonomy":"category","embeddable":true,"href":"https:\/\/ucnoqta.az\/index.php?rest_route=%2Fwp%2Fv2%2Fcategories&post=105644"},{"taxonomy":"post_tag","embeddable":true,"href":"https:\/\/ucnoqta.az\/index.php?rest_route=%2Fwp%2Fv2%2Ftags&post=105644"}],"curies":[{"name":"wp","href":"https:\/\/api.w.org\/{rel}","templated":true}]}}