{"id":105641,"date":"2020-10-12T13:53:31","date_gmt":"2020-10-12T09:53:31","guid":{"rendered":""},"modified":"-0001-11-30T00:00:00","modified_gmt":"-0001-11-29T20:00:00","slug":"","status":"publish","type":"post","link":"https:\/\/ucnoqta.az\/?p=105641","title":{"rendered":"Diplomatlar G\u0259nc\u0259d\u0259 raket at\u0259\u015fin\u0259 m\u0259ruz qalm\u0131\u015f \u0259razid\u0259- <font color=red><b>FOTO<\/b><\/font>"},"content":{"rendered":"<p><strong>Az\u0259rbaycandak\u0131 diplomatik korpuslar\u0131n r\u0259hb\u0259rl\u0259ri, s\u0259firl\u0259r, h\u0259rbi atta\u015fel\u0259r, beyn\u0259lxalq t\u0259\u015fkilatlar\u0131n Az\u0259rbaycandak\u0131 n&uuml;may\u0259nd\u0259likl\u0259rinin r\u0259hb\u0259rl\u0259ri haz\u0131rda G\u0259nc\u0259d\u0259 Erm\u0259nistan ordusunun raket at\u0259\u015fin\u0259 m\u0259ruz qalm\u0131\u015f \u0259razid\u0259dirl\u0259r.<\/strong><\/p>\n<p>Onlar da\u011f\u0131nt\u0131lar t&ouml;r\u0259dilmi\u015f \u0259razid\u0259 m&uuml;\u015fahid\u0259 apar\u0131blar. Qonaqlara hadis\u0259 haqq\u0131nda \u0259trafl\u0131 m\u0259lumat verilib.<\/p>\n<p>Qeyd ed\u0259k ki, onlar\u0131 Az\u0259rbaycan Prezidentinin k&ouml;m\u0259k&ccedil;isi &#8211; Prezident Administrasiyas\u0131n\u0131n Xarici siyas\u0259t m\u0259s\u0259l\u0259l\u0259ri \u015f&ouml;b\u0259sinin m&uuml;diri Hikm\u0259t Hac\u0131yev m&uuml;\u015fayi\u0259t edir.<\/p>\n<p>Diplomatlar v\u0259 beyn\u0259lxalq qurumlar\u0131n t\u0259msil&ccedil;il\u0259ri Ming\u0259&ccedil;evir\u0259 d\u0259 ged\u0259c\u0259kl\u0259r.<\/p>\n<p>Xat\u0131rladaq ki, oktyabr\u0131n 11-d\u0259 Erm\u0259nistan ordusunun G\u0259nc\u0259d\u0259 ya\u015fay\u0131\u015f \u0259razisini raket at\u0259\u015fin\u0259 tutmas\u0131 n\u0259tic\u0259sind\u0259 9 m&uuml;lki \u015f\u0259xs &ouml;l&uuml;b, 40-dan &ccedil;ox insan yaralan\u0131b.\/\/\/Apa<\/p>\n","protected":false},"excerpt":{"rendered":"<p>Az\u0259rbaycandak\u0131 diplomatik korpuslar\u0131n r\u0259hb\u0259rl\u0259ri, s\u0259firl\u0259r, h\u0259rbi atta\u015fel\u0259r, beyn\u0259lxalq t\u0259\u015fkilatlar\u0131n Az\u0259rbaycandak\u0131 n&uuml;may\u0259nd\u0259likl\u0259rinin r\u0259hb\u0259rl\u0259ri haz\u0131rda G\u0259nc\u0259d\u0259 Erm\u0259nistan ordusunun raket at\u0259\u015fin\u0259 m\u0259ruz qalm\u0131\u015f \u0259razid\u0259dirl\u0259r. Onlar da\u011f\u0131nt\u0131lar t&ouml;r\u0259dilmi\u015f \u0259razid\u0259 m&uuml;\u015fahid\u0259 apar\u0131blar. Qonaqlara hadis\u0259 haqq\u0131nda&hellip;<\/p>\n","protected":false},"author":1,"featured_media":251278,"comment_status":"open","ping_status":"open","sticky":false,"template":"","format":"standard","meta":{"_lmt_disableupdate":"","_lmt_disable":"","footnotes":""},"categories":[],"tags":[],"class_list":["post-105641","post","type-post","status-publish","format-standard","has-post-thumbnail","hentry"],"_links":{"self":[{"href":"https:\/\/ucnoqta.az\/index.php?rest_route=\/wp\/v2\/posts\/105641","targetHints":{"allow":["GET"]}}],"collection":[{"href":"https:\/\/ucnoqta.az\/index.php?rest_route=\/wp\/v2\/posts"}],"about":[{"href":"https:\/\/ucnoqta.az\/index.php?rest_route=\/wp\/v2\/types\/post"}],"author":[{"embeddable":true,"href":"https:\/\/ucnoqta.az\/index.php?rest_route=\/wp\/v2\/users\/1"}],"replies":[{"embeddable":true,"href":"https:\/\/ucnoqta.az\/index.php?rest_route=%2Fwp%2Fv2%2Fcomments&post=105641"}],"version-history":[{"count":0,"href":"https:\/\/ucnoqta.az\/index.php?rest_route=\/wp\/v2\/posts\/105641\/revisions"}],"wp:featuredmedia":[{"embeddable":true,"href":"https:\/\/ucnoqta.az\/index.php?rest_route=\/wp\/v2\/media\/251278"}],"wp:attachment":[{"href":"https:\/\/ucnoqta.az\/index.php?rest_route=%2Fwp%2Fv2%2Fmedia&parent=105641"}],"wp:term":[{"taxonomy":"category","embeddable":true,"href":"https:\/\/ucnoqta.az\/index.php?rest_route=%2Fwp%2Fv2%2Fcategories&post=105641"},{"taxonomy":"post_tag","embeddable":true,"href":"https:\/\/ucnoqta.az\/index.php?rest_route=%2Fwp%2Fv2%2Ftags&post=105641"}],"curies":[{"name":"wp","href":"https:\/\/api.w.org\/{rel}","templated":true}]}}