{"id":105640,"date":"2020-10-12T13:46:38","date_gmt":"2020-10-12T09:46:38","guid":{"rendered":""},"modified":"-0001-11-30T00:00:00","modified_gmt":"-0001-11-29T20:00:00","slug":"","status":"publish","type":"post","link":"https:\/\/ucnoqta.az\/?p=105640","title":{"rendered":"Serbiya medias\u0131 Az\u0259rbaycan\u0131n haql\u0131 m\u00f6vqeyini geni\u015f i\u015f\u0131qland\u0131r\u0131r"},"content":{"rendered":"<p><strong>Serbiyada f\u0259aliyy\u0259t g&ouml;st\u0259r\u0259n Az\u0259rbaycan M\u0259d\u0259niyy\u0259t M\u0259rk\u0259zinin t\u0259\u015f\u0259bb&uuml;s&uuml; il\u0259 &ouml;lk\u0259 m\u0259tbuat\u0131nda Az\u0259rbaycan\u0131n haql\u0131 m&ouml;vqeyin\u0259 h\u0259sr olunmu\u015f silsil\u0259 x\u0259b\u0259rl\u0259r d\u0259rc edilib.<\/strong><\/p>\n<p>Diasporla \u0130\u015f &uuml;zr\u0259 D&ouml;vl\u0259t Komit\u0259sind\u0259n&nbsp;veril\u0259n m\u0259lumata g&ouml;r\u0259, bu x\u0259b\u0259rl\u0259rd\u0259 Qaraba\u011f\u0131n Az\u0259rbaycan\u0131n \u0259z\u0259li torpa\u011f\u0131 olmas\u0131, BMT v\u0259 Avropa Birliyinin i\u015f\u011fal&ccedil;\u0131 Erm\u0259nistan ordusunun i\u015f\u011fal olunmu\u015f torpaqlar\u0131m\u0131zdan d\u0259rhal v\u0259 qeyd-\u015f\u0259rtsiz &ccedil;\u0131xar\u0131lmas\u0131 bar\u0259d\u0259 q\u0259tnam\u0259 v\u0259 q\u0259rarlar\u0131, &ouml;lk\u0259mizin &ouml;z&uuml;n&uuml;m&uuml;dafi\u0259 v\u0259 \u0259razib&uuml;t&ouml;vl&uuml;y&uuml; h&uuml;quqlar\u0131n\u0131 h\u0259yata ke&ccedil;irdiyi, Erm\u0259nistan ordusunun c\u0259bh\u0259d\u0259n cox uzaqda olan \u015f\u0259h\u0259r v\u0259 rayonlar\u0131m\u0131za raket z\u0259rb\u0259l\u0259ri endirm\u0259si, m&uuml;lki az\u0259rbaycanl\u0131lar aras\u0131nda a\u011f\u0131r itkil\u0259r\u0259 s\u0259b\u0259b olmas\u0131 bar\u0259d\u0259 \u0259trafl\u0131 m\u0259lumatlar verilib.<\/p>\n<p>Serbiya medias\u0131 Az\u0259rbaycan Prezidenti \u0130lham \u018fliyevin, el\u0259c\u0259 d\u0259 Prezidentin k&ouml;m\u0259k&ccedil;isi, Prezident Administrasiyas\u0131n\u0131n xarici \u0259laq\u0259l\u0259r \u015f&ouml;b\u0259sinin m&uuml;diri Hikm\u0259t Hac\u0131yevin Az\u0259rbaycan TV-l\u0259rin\u0259 v\u0259 xarici &ouml;lk\u0259l\u0259rin m&uuml;xt\u0259lif telekanallar\u0131na m&uuml;sahib\u0259l\u0259rind\u0259 s\u0259sl\u0259ndirdiyi a&ccedil;\u0131qlamalara geni\u015f yer verib.<\/p>\n<p>X\u0259b\u0259rl\u0259ri a\u015fa\u011f\u0131dak\u0131 linkl\u0259rd\u0259n \u0259trafl\u0131 oxumaq olar:<\/p>\n<p><a href=\"https:\/\/www.danas.rs\/svet\/hadzijev-napadi-jermenije-predstavljaju-grubo-krsenje-medjunarodnog-humanitarnog-prava\">https:\/\/www.danas.rs\/svet\/hadzijev-napadi-jermenije-predstavljaju-grubo-krsenje-medjunarodnog-humanitarnog-prava<\/a><\/p>\n<p><a href=\"http:\/\/www.politika.rs\/scc\/clanak\/463500\/Azerbejdzanski-predsednik-Turski-avioni-F-16-ne-ucestvuju-u-borbama-oko-Nagorno-Karabaha\">http:\/\/www.politika.rs\/scc\/clanak\/463500\/Azerbejdzanski-predsednik-Turski-avioni-F-16-ne-ucestvuju-u-borbama-oko-Nagorno-Karabaha<\/a><\/p>\n<p><a href=\"https:\/\/www.danas.rs\/svet\/sve-akcije-koje-azerbejdzan-preduzima-su-u-okviru-sopstvenih-medjunarodno-priznatih-granica-karabah-je-azerbejdzan\">https:\/\/www.danas.rs\/svet\/sve-akcije-koje-azerbejdzan-preduzima-su-u-okviru-sopstvenih-medjunarodno-priznatih-granica-karabah-je-azerbejdzan<\/a><\/p>\n<p><a href=\"https:\/\/www.danas.rs\/svet\/predsednik-azerbejdzana-trazi-povlacenje-jermenskih-snaga-iz-nagorno-karabaha\">https:\/\/www.danas.rs\/svet\/predsednik-azerbejdzana-trazi-povlacenje-jermenskih-snaga-iz-nagorno-karabaha<\/a><\/p>\n","protected":false},"excerpt":{"rendered":"<p>Serbiyada f\u0259aliyy\u0259t g&ouml;st\u0259r\u0259n Az\u0259rbaycan M\u0259d\u0259niyy\u0259t M\u0259rk\u0259zinin t\u0259\u015f\u0259bb&uuml;s&uuml; il\u0259 &ouml;lk\u0259 m\u0259tbuat\u0131nda Az\u0259rbaycan\u0131n haql\u0131 m&ouml;vqeyin\u0259 h\u0259sr olunmu\u015f silsil\u0259 x\u0259b\u0259rl\u0259r d\u0259rc edilib. Diasporla \u0130\u015f &uuml;zr\u0259 D&ouml;vl\u0259t Komit\u0259sind\u0259n&nbsp;veril\u0259n m\u0259lumata g&ouml;r\u0259, bu x\u0259b\u0259rl\u0259rd\u0259 Qaraba\u011f\u0131n Az\u0259rbaycan\u0131n&hellip;<\/p>\n","protected":false},"author":1,"featured_media":251278,"comment_status":"open","ping_status":"open","sticky":false,"template":"","format":"standard","meta":{"_lmt_disableupdate":"","_lmt_disable":"","footnotes":""},"categories":[],"tags":[],"class_list":["post-105640","post","type-post","status-publish","format-standard","has-post-thumbnail","hentry"],"_links":{"self":[{"href":"https:\/\/ucnoqta.az\/index.php?rest_route=\/wp\/v2\/posts\/105640","targetHints":{"allow":["GET"]}}],"collection":[{"href":"https:\/\/ucnoqta.az\/index.php?rest_route=\/wp\/v2\/posts"}],"about":[{"href":"https:\/\/ucnoqta.az\/index.php?rest_route=\/wp\/v2\/types\/post"}],"author":[{"embeddable":true,"href":"https:\/\/ucnoqta.az\/index.php?rest_route=\/wp\/v2\/users\/1"}],"replies":[{"embeddable":true,"href":"https:\/\/ucnoqta.az\/index.php?rest_route=%2Fwp%2Fv2%2Fcomments&post=105640"}],"version-history":[{"count":0,"href":"https:\/\/ucnoqta.az\/index.php?rest_route=\/wp\/v2\/posts\/105640\/revisions"}],"wp:featuredmedia":[{"embeddable":true,"href":"https:\/\/ucnoqta.az\/index.php?rest_route=\/wp\/v2\/media\/251278"}],"wp:attachment":[{"href":"https:\/\/ucnoqta.az\/index.php?rest_route=%2Fwp%2Fv2%2Fmedia&parent=105640"}],"wp:term":[{"taxonomy":"category","embeddable":true,"href":"https:\/\/ucnoqta.az\/index.php?rest_route=%2Fwp%2Fv2%2Fcategories&post=105640"},{"taxonomy":"post_tag","embeddable":true,"href":"https:\/\/ucnoqta.az\/index.php?rest_route=%2Fwp%2Fv2%2Ftags&post=105640"}],"curies":[{"name":"wp","href":"https:\/\/api.w.org\/{rel}","templated":true}]}}