{"id":105634,"date":"2020-10-12T12:47:10","date_gmt":"2020-10-12T08:47:10","guid":{"rendered":""},"modified":"-0001-11-30T00:00:00","modified_gmt":"-0001-11-29T20:00:00","slug":"","status":"publish","type":"post","link":"https:\/\/ucnoqta.az\/?p=105634","title":{"rendered":"Az\u0259rbaycandak\u0131 diplomatik korpuslar\u0131n r\u0259hb\u0259rl\u0259ri G\u0259nc\u0259d\u0259dir"},"content":{"rendered":"<p><strong>Az\u0259rbaycandak\u0131 diplomatik korpuslar\u0131n r\u0259hb\u0259rl\u0259ri, s\u0259firl\u0259r, h\u0259rbi atta\u015fel\u0259r, beyn\u0259lxalq t\u0259\u015fkilatlar\u0131n Az\u0259rbaycandak\u0131 n&uuml;may\u0259nd\u0259likl\u0259rinin r\u0259hb\u0259rl\u0259ri G\u0259nc\u0259 \u015f\u0259h\u0259rin\u0259 s\u0259f\u0259r\u0259 gedibl\u0259r.<\/strong><\/p>\n<p>Onlar\u0131 Az\u0259rbaycan Prezidentinin k&ouml;m\u0259k&ccedil;isi &#8211; Prezident Administrasiyas\u0131n\u0131n Xarici siyas\u0259t m\u0259s\u0259l\u0259l\u0259ri \u015f&ouml;b\u0259sinin m&uuml;diri&nbsp;Hikm\u0259t Hac\u0131yev&nbsp;m&uuml;\u015fayi\u0259t edir.<\/p>\n<p>S\u0259f\u0259rin m\u0259qs\u0259di onlar\u0131 Erm\u0259nistan\u0131n g&uuml;nahs\u0131z m&uuml;lki insanlara v\u0259 enerji infrastrukturuna qar\u015f\u0131 h\u0259yata ke&ccedil;irdiyi m\u0259suliyy\u0259tsiz raket h&uuml;cumlar\u0131n\u0131n s\u0259b\u0259b oldu\u011fu cinay\u0259t s\u0259hn\u0259l\u0259ri il\u0259 tan\u0131\u015f etm\u0259kdir.<\/p>\n<p>Xat\u0131rladaq ki, Erm\u0259nistan silahl\u0131 q&uuml;vv\u0259l\u0259rinin oktyabr\u0131n 11-d\u0259 gec\u0259 saat 2 rad\u0259l\u0259rind\u0259 c\u0259bh\u0259 zonas\u0131ndan k\u0259narda yerl\u0259\u015f\u0259n, Az\u0259rbaycan Respublikas\u0131n\u0131n ikinci b&ouml;y&uuml;k \u015f\u0259h\u0259ri olan G\u0259nc\u0259nin m\u0259rk\u0259zi hiss\u0259sind\u0259 yerl\u0259\u015f\u0259n &ccedil;ox m\u0259nzilli ya\u015fay\u0131\u015f binalar\u0131n\u0131 raket at\u0259\u015fin\u0259 tutmas\u0131 n\u0259tic\u0259sind\u0259&nbsp;9&nbsp;dinc sakin h\u0259lak olub,&nbsp;35&nbsp;n\u0259f\u0259r yaralan\u0131b.\/\/\/report<\/p>\n","protected":false},"excerpt":{"rendered":"<p>Az\u0259rbaycandak\u0131 diplomatik korpuslar\u0131n r\u0259hb\u0259rl\u0259ri, s\u0259firl\u0259r, h\u0259rbi atta\u015fel\u0259r, beyn\u0259lxalq t\u0259\u015fkilatlar\u0131n Az\u0259rbaycandak\u0131 n&uuml;may\u0259nd\u0259likl\u0259rinin r\u0259hb\u0259rl\u0259ri G\u0259nc\u0259 \u015f\u0259h\u0259rin\u0259 s\u0259f\u0259r\u0259 gedibl\u0259r. Onlar\u0131 Az\u0259rbaycan Prezidentinin k&ouml;m\u0259k&ccedil;isi &#8211; Prezident Administrasiyas\u0131n\u0131n Xarici siyas\u0259t m\u0259s\u0259l\u0259l\u0259ri \u015f&ouml;b\u0259sinin m&uuml;diri&nbsp;Hikm\u0259t Hac\u0131yev&nbsp;m&uuml;\u015fayi\u0259t edir.&hellip;<\/p>\n","protected":false},"author":1,"featured_media":251278,"comment_status":"open","ping_status":"open","sticky":false,"template":"","format":"standard","meta":{"_lmt_disableupdate":"","_lmt_disable":"","footnotes":""},"categories":[],"tags":[],"class_list":["post-105634","post","type-post","status-publish","format-standard","has-post-thumbnail","hentry"],"_links":{"self":[{"href":"https:\/\/ucnoqta.az\/index.php?rest_route=\/wp\/v2\/posts\/105634","targetHints":{"allow":["GET"]}}],"collection":[{"href":"https:\/\/ucnoqta.az\/index.php?rest_route=\/wp\/v2\/posts"}],"about":[{"href":"https:\/\/ucnoqta.az\/index.php?rest_route=\/wp\/v2\/types\/post"}],"author":[{"embeddable":true,"href":"https:\/\/ucnoqta.az\/index.php?rest_route=\/wp\/v2\/users\/1"}],"replies":[{"embeddable":true,"href":"https:\/\/ucnoqta.az\/index.php?rest_route=%2Fwp%2Fv2%2Fcomments&post=105634"}],"version-history":[{"count":0,"href":"https:\/\/ucnoqta.az\/index.php?rest_route=\/wp\/v2\/posts\/105634\/revisions"}],"wp:featuredmedia":[{"embeddable":true,"href":"https:\/\/ucnoqta.az\/index.php?rest_route=\/wp\/v2\/media\/251278"}],"wp:attachment":[{"href":"https:\/\/ucnoqta.az\/index.php?rest_route=%2Fwp%2Fv2%2Fmedia&parent=105634"}],"wp:term":[{"taxonomy":"category","embeddable":true,"href":"https:\/\/ucnoqta.az\/index.php?rest_route=%2Fwp%2Fv2%2Fcategories&post=105634"},{"taxonomy":"post_tag","embeddable":true,"href":"https:\/\/ucnoqta.az\/index.php?rest_route=%2Fwp%2Fv2%2Ftags&post=105634"}],"curies":[{"name":"wp","href":"https:\/\/api.w.org\/{rel}","templated":true}]}}