{"id":105628,"date":"2020-10-12T11:14:27","date_gmt":"2020-10-12T07:14:27","guid":{"rendered":""},"modified":"-0001-11-30T00:00:00","modified_gmt":"-0001-11-29T20:00:00","slug":"","status":"publish","type":"post","link":"https:\/\/ucnoqta.az\/?p=105628","title":{"rendered":"Ankarada Qaraba\u011f mitinqi ke\u00e7irilib"},"content":{"rendered":"<p><strong>T&uuml;rkiy\u0259nin paytaxt\u0131 Ankarada Qars-\u018frd\u0259han-\u0130\u011fd\u0131r C\u0259miyy\u0259tl\u0259ri Federasiyas\u0131n\u0131n t\u0259\u015fkil etdiyi Az\u0259rbaycana d\u0259st\u0259k m\u0259qs\u0259dil\u0259 Qaraba\u011f mitinqi ke&ccedil;irilib.<\/strong><\/p>\n<p>\nMitinqd\u0259 T&uuml;rkiy\u0259 prezidentinin ba\u015f m&uuml;\u015faviri Yal&ccedil;\u0131n Top&ccedil;u i\u015ftirak edib.<\/p>\n<p>Y.Top&ccedil;u bildirib ki, Erm\u0259nistan BMT T\u0259hl&uuml;k\u0259sizlik \u015euras\u0131n\u0131n q\u0259tnam\u0259l\u0259rini, el\u0259c\u0259 d\u0259 at\u0259\u015fk\u0259si n\u0259z\u0259r\u0259 alaraq &ouml;z qo\u015funlar\u0131n\u0131 i\u015f\u011fal etdiyi Az\u0259rbaycan \u0259razil\u0259rind\u0259n d\u0259rhal geri &ccedil;\u0259km\u0259lidir:<\/p>\n<p>&ldquo;Erm\u0259nistan\u0131n i\u015f\u011fal etdiyi \u0259razil\u0259rd\u0259n qo\u015funlar\u0131n\u0131 &ccedil;\u0131xarmas\u0131 b&uuml;t&uuml;n d&uuml;nyan\u0131n xeyrin\u0259 olacaq. \u018fg\u0259r Erm\u0259nistan r\u0259hb\u0259rliyinin vicdan\u0131 varsa, indiy\u0259 q\u0259d\u0259r h\u0259yata ke&ccedil;irdiyi b&uuml;t&uuml;n h\u0259rbi cinay\u0259tl\u0259r\u0259 v\u0259 h&uuml;quq pozuntular\u0131na g&ouml;r\u0259 Az\u0259rbaycana t\u0259zminat &ouml;d\u0259yib, Az\u0259rbaycandan v\u0259 BMT-d\u0259n &uuml;zr ist\u0259m\u0259lidir&rdquo;.<\/p>\n","protected":false},"excerpt":{"rendered":"<p>T&uuml;rkiy\u0259nin paytaxt\u0131 Ankarada Qars-\u018frd\u0259han-\u0130\u011fd\u0131r C\u0259miyy\u0259tl\u0259ri Federasiyas\u0131n\u0131n t\u0259\u015fkil etdiyi Az\u0259rbaycana d\u0259st\u0259k m\u0259qs\u0259dil\u0259 Qaraba\u011f mitinqi ke&ccedil;irilib. Mitinqd\u0259 T&uuml;rkiy\u0259 prezidentinin ba\u015f m&uuml;\u015faviri Yal&ccedil;\u0131n Top&ccedil;u i\u015ftirak edib. Y.Top&ccedil;u bildirib ki, Erm\u0259nistan BMT T\u0259hl&uuml;k\u0259sizlik \u015euras\u0131n\u0131n&hellip;<\/p>\n","protected":false},"author":1,"featured_media":251278,"comment_status":"open","ping_status":"open","sticky":false,"template":"","format":"standard","meta":{"_lmt_disableupdate":"","_lmt_disable":"","footnotes":""},"categories":[89],"tags":[],"class_list":["post-105628","post","type-post","status-publish","format-standard","has-post-thumbnail","hentry","category-dunya-butun-xeberler"],"_links":{"self":[{"href":"https:\/\/ucnoqta.az\/index.php?rest_route=\/wp\/v2\/posts\/105628","targetHints":{"allow":["GET"]}}],"collection":[{"href":"https:\/\/ucnoqta.az\/index.php?rest_route=\/wp\/v2\/posts"}],"about":[{"href":"https:\/\/ucnoqta.az\/index.php?rest_route=\/wp\/v2\/types\/post"}],"author":[{"embeddable":true,"href":"https:\/\/ucnoqta.az\/index.php?rest_route=\/wp\/v2\/users\/1"}],"replies":[{"embeddable":true,"href":"https:\/\/ucnoqta.az\/index.php?rest_route=%2Fwp%2Fv2%2Fcomments&post=105628"}],"version-history":[{"count":0,"href":"https:\/\/ucnoqta.az\/index.php?rest_route=\/wp\/v2\/posts\/105628\/revisions"}],"wp:featuredmedia":[{"embeddable":true,"href":"https:\/\/ucnoqta.az\/index.php?rest_route=\/wp\/v2\/media\/251278"}],"wp:attachment":[{"href":"https:\/\/ucnoqta.az\/index.php?rest_route=%2Fwp%2Fv2%2Fmedia&parent=105628"}],"wp:term":[{"taxonomy":"category","embeddable":true,"href":"https:\/\/ucnoqta.az\/index.php?rest_route=%2Fwp%2Fv2%2Fcategories&post=105628"},{"taxonomy":"post_tag","embeddable":true,"href":"https:\/\/ucnoqta.az\/index.php?rest_route=%2Fwp%2Fv2%2Ftags&post=105628"}],"curies":[{"name":"wp","href":"https:\/\/api.w.org\/{rel}","templated":true}]}}