{"id":105627,"date":"2020-10-12T11:12:04","date_gmt":"2020-10-12T07:12:04","guid":{"rendered":""},"modified":"-0001-11-30T00:00:00","modified_gmt":"-0001-11-29T20:00:00","slug":"","status":"publish","type":"post","link":"https:\/\/ucnoqta.az\/?p=105627","title":{"rendered":"Hikm\u0259t Hac\u0131yev G\u0259nc\u0259d\u0259 Erm\u0259nistan\u0131n terroru il\u0259 ba\u011fl\u0131 \u201cEuronews\u201da dan\u0131\u015fd\u0131"},"content":{"rendered":"<p><strong>Bazar ert\u0259si g&uuml;n&uuml; Avropa \u0130ttifaq\u0131na (A\u0130) &uuml;zv d&ouml;vl\u0259tl\u0259rin Xarici i\u015fl\u0259r nazirl\u0259ri (X\u0130N)&nbsp;Da\u011fl\u0131q Qaraba\u011fdak\u0131 v\u0259ziyy\u0259ti v\u0259 Erm\u0259nistanla&nbsp;Az\u0259rbaycan X\u0130N r\u0259hb\u0259rl\u0259ri aras\u0131nda Da\u011fl\u0131q Qaraba\u011f m&uuml;naqi\u015f\u0259si il\u0259 ba\u011fl\u0131 Moskvada humanitar m\u0259qs\u0259dl\u0259r &uuml;&ccedil;&uuml;n at\u0259\u015fk\u0259s\u0259 dair raz\u0131la\u015fman\u0131n n\u0259tic\u0259l\u0259rini m&uuml;zakir\u0259 ed\u0259c\u0259kl\u0259r.<\/strong><\/p>\n<p>Bu bar\u0259d\u0259 &ldquo;Euronews&rdquo; x\u0259b\u0259r verir.<br \/>\nAz\u0259rbaycan Prezidentinin m&uuml;\u015faviri Hikm\u0259t Hac\u0131yevin qeyd edib ki, &ldquo;humanitar m\u0259qs\u0259dl\u0259r &uuml;&ccedil;&uuml;n at\u0259\u015fk\u0259s haqq\u0131nda bir s\u0259n\u0259d var. Ert\u0259si g&uuml;n erm\u0259ni silahl\u0131 q&uuml;vv\u0259l\u0259ri G\u0259nc\u0259nin ya\u015fay\u0131\u015f m\u0259sk\u0259nl\u0259rini raketl\u0259 at\u0259\u015f\u0259 tuturlar. Bu h\u0259rbi cinay\u0259tdir. V\u0259 bu bir daha erm\u0259ni t\u0259r\u0259finin iki&uuml;zl&uuml;l&uuml;y&uuml;n&uuml; n&uuml;mayi\u015f etdirir&rdquo;.<\/p>\n<p><iframe allow=\"autoplay; encrypted-media\" allowfullscreen=\"\" frameborder=\"0\" height=\"315\" src=\"https:\/\/player.baku.tv\/embed\/25970\" width=\"560\"><\/iframe><\/p>\n","protected":false},"excerpt":{"rendered":"<p>Bazar ert\u0259si g&uuml;n&uuml; Avropa \u0130ttifaq\u0131na (A\u0130) &uuml;zv d&ouml;vl\u0259tl\u0259rin Xarici i\u015fl\u0259r nazirl\u0259ri (X\u0130N)&nbsp;Da\u011fl\u0131q Qaraba\u011fdak\u0131 v\u0259ziyy\u0259ti v\u0259 Erm\u0259nistanla&nbsp;Az\u0259rbaycan X\u0130N r\u0259hb\u0259rl\u0259ri aras\u0131nda Da\u011fl\u0131q Qaraba\u011f m&uuml;naqi\u015f\u0259si il\u0259 ba\u011fl\u0131 Moskvada humanitar m\u0259qs\u0259dl\u0259r &uuml;&ccedil;&uuml;n at\u0259\u015fk\u0259s\u0259 dair&hellip;<\/p>\n","protected":false},"author":1,"featured_media":251278,"comment_status":"open","ping_status":"open","sticky":false,"template":"","format":"standard","meta":{"_lmt_disableupdate":"","_lmt_disable":"","footnotes":""},"categories":[],"tags":[],"class_list":["post-105627","post","type-post","status-publish","format-standard","has-post-thumbnail","hentry"],"_links":{"self":[{"href":"https:\/\/ucnoqta.az\/index.php?rest_route=\/wp\/v2\/posts\/105627","targetHints":{"allow":["GET"]}}],"collection":[{"href":"https:\/\/ucnoqta.az\/index.php?rest_route=\/wp\/v2\/posts"}],"about":[{"href":"https:\/\/ucnoqta.az\/index.php?rest_route=\/wp\/v2\/types\/post"}],"author":[{"embeddable":true,"href":"https:\/\/ucnoqta.az\/index.php?rest_route=\/wp\/v2\/users\/1"}],"replies":[{"embeddable":true,"href":"https:\/\/ucnoqta.az\/index.php?rest_route=%2Fwp%2Fv2%2Fcomments&post=105627"}],"version-history":[{"count":0,"href":"https:\/\/ucnoqta.az\/index.php?rest_route=\/wp\/v2\/posts\/105627\/revisions"}],"wp:featuredmedia":[{"embeddable":true,"href":"https:\/\/ucnoqta.az\/index.php?rest_route=\/wp\/v2\/media\/251278"}],"wp:attachment":[{"href":"https:\/\/ucnoqta.az\/index.php?rest_route=%2Fwp%2Fv2%2Fmedia&parent=105627"}],"wp:term":[{"taxonomy":"category","embeddable":true,"href":"https:\/\/ucnoqta.az\/index.php?rest_route=%2Fwp%2Fv2%2Fcategories&post=105627"},{"taxonomy":"post_tag","embeddable":true,"href":"https:\/\/ucnoqta.az\/index.php?rest_route=%2Fwp%2Fv2%2Ftags&post=105627"}],"curies":[{"name":"wp","href":"https:\/\/api.w.org\/{rel}","templated":true}]}}