{"id":105611,"date":"2020-10-11T22:55:20","date_gmt":"2020-10-11T18:55:20","guid":{"rendered":""},"modified":"-0001-11-30T00:00:00","modified_gmt":"-0001-11-29T20:00:00","slug":"","status":"publish","type":"post","link":"https:\/\/ucnoqta.az\/?p=105611","title":{"rendered":"Ceyhun Bayramov diplomatik korpusun r\u0259hb\u0259rl\u0259ri qar\u015f\u0131s\u0131nda brifinq il\u0259 \u00e7\u0131x\u0131\u015f edib"},"content":{"rendered":"<p><strong>Bu ilin 11 oktyabr tarixind\u0259 Az\u0259rbaycan Respublikas\u0131n\u0131n Xarici \u0130\u015fl\u0259r naziri Ceyhun Bayramov &ouml;lk\u0259mizd\u0259ki diplomatik korpusun r\u0259hb\u0259rl\u0259ri qar\u015f\u0131s\u0131nda brifinq il\u0259 &ccedil;\u0131x\u0131\u015f edib.<\/strong><\/p>\n<p>X\u0130N-d\u0259n&nbsp;veril\u0259n m\u0259lumata g&ouml;r\u0259, nazir Ceyhun Bayramov Erm\u0259nistan\u0131n bu ilin 10 oktyabr tarixind\u0259n humanitar at\u0259\u015fk\u0259sl\u0259 ba\u011fl\u0131 Moskva raz\u0131la\u015fmas\u0131n\u0131 kobud \u015f\u0259kild\u0259 pozaraq, Az\u0259rbaycan\u0131n ya\u015fay\u0131\u015f m\u0259nt\u0259q\u0259l\u0259rini v\u0259 m&uuml;lki \u015f\u0259xsl\u0259rini m\u0259qs\u0259dli \u015f\u0259kild\u0259 at\u0259\u015f\u0259 tutmas\u0131 bar\u0259d\u0259 m\u0259lumat verib. Humanitar at\u0259\u015fk\u0259sin m&uuml;\u0259yy\u0259n olundu\u011fu vaxtdan sonra Erm\u0259nistan silahl\u0131 q&uuml;vv\u0259l\u0259ri t\u0259r\u0259find\u0259n t\u0259mas x\u0259ttind\u0259n xeyli uzaq yerl\u0259\u015f\u0259n, Az\u0259rbaycan\u0131n ikinci b&ouml;y&uuml;k \u015f\u0259h\u0259ri olan G\u0259nc\u0259 \u015f\u0259h\u0259rinin Erm\u0259nistan silahl\u0131 q&uuml;vv\u0259l\u0259ri t\u0259r\u0259find\u0259n raket at\u0259\u015fin\u0259 m\u0259ruz qald\u0131\u011f\u0131 v\u0259 bu h&uuml;cum n\u0259tic\u0259sind\u0259 9 m&uuml;lki \u015f\u0259xsin h\u0259lak oldu\u011fu, o c&uuml;ml\u0259d\u0259n aralar\u0131nda azya\u015fl\u0131 u\u015faqlar olmaqla, 35 n\u0259f\u0259rin yaraland\u0131\u011f\u0131 diqq\u0259t\u0259 &ccedil;atd\u0131r\u0131l\u0131b. Nazir, Erm\u0259nistan\u0131n Az\u0259rbaycana qar\u015f\u0131 t\u0259cav&uuml;zkar siyas\u0259ti &ccedil;\u0259r&ccedil;iv\u0259sind\u0259 dinc insanlar\u0131, evl\u0259ri, m&uuml;lki obyektl\u0259ri, tibb i\u015f&ccedil;il\u0259rini m\u0259qs\u0259dli at\u0259\u015f\u0259 tutmas\u0131n\u0131n &ouml;lk\u0259nin beyn\u0259lxalq h&uuml;ququn fundamental normalar\u0131na, o c&uuml;ml\u0259d\u0259n beyn\u0259lxalq humanitar h&uuml;quq v\u0259 Cenevr\u0259 Konvensiyalar\u0131na m\u0259h\u0259l qoymamas\u0131n\u0131n bariz n&uuml;mun\u0259si oldu\u011funu vur\u011fulay\u0131b.<\/p>\n<p>Beyn\u0259lxalq ictimaiyy\u0259ti v\u0259 d&ouml;vl\u0259tl\u0259ri beyn\u0259lxalq h&uuml;quqa v\u0259 \u0259dal\u0259t\u0259 \u0259saslanan m&ouml;vqe s\u0259rgil\u0259m\u0259y\u0259 &ccedil;a\u011f\u0131ran xarici i\u015fl\u0259r naziir Ceyhun Bayramov, d&ouml;vl\u0259tl\u0259ri i\u015f\u011fal&ccedil;\u0131 Erm\u0259nistan\u0131 beyn\u0259lxalq &ouml;hd\u0259likl\u0259rin\u0259 riay\u0259t etm\u0259y\u0259 m\u0259cbur etm\u0259k &uuml;&ccedil;&uuml;n q\u0259tiyy\u0259tli add\u0131mlar atma\u011fa &ccedil;a\u011f\u0131r\u0131b.<\/p>\n<p>&nbsp;<\/p>\n","protected":false},"excerpt":{"rendered":"<p>Bu ilin 11 oktyabr tarixind\u0259 Az\u0259rbaycan Respublikas\u0131n\u0131n Xarici \u0130\u015fl\u0259r naziri Ceyhun Bayramov &ouml;lk\u0259mizd\u0259ki diplomatik korpusun r\u0259hb\u0259rl\u0259ri qar\u015f\u0131s\u0131nda brifinq il\u0259 &ccedil;\u0131x\u0131\u015f edib. X\u0130N-d\u0259n&nbsp;veril\u0259n m\u0259lumata g&ouml;r\u0259, nazir Ceyhun Bayramov Erm\u0259nistan\u0131n bu ilin&hellip;<\/p>\n","protected":false},"author":1,"featured_media":251278,"comment_status":"open","ping_status":"open","sticky":false,"template":"","format":"standard","meta":{"_lmt_disableupdate":"","_lmt_disable":"","footnotes":""},"categories":[],"tags":[],"class_list":["post-105611","post","type-post","status-publish","format-standard","has-post-thumbnail","hentry"],"_links":{"self":[{"href":"https:\/\/ucnoqta.az\/index.php?rest_route=\/wp\/v2\/posts\/105611","targetHints":{"allow":["GET"]}}],"collection":[{"href":"https:\/\/ucnoqta.az\/index.php?rest_route=\/wp\/v2\/posts"}],"about":[{"href":"https:\/\/ucnoqta.az\/index.php?rest_route=\/wp\/v2\/types\/post"}],"author":[{"embeddable":true,"href":"https:\/\/ucnoqta.az\/index.php?rest_route=\/wp\/v2\/users\/1"}],"replies":[{"embeddable":true,"href":"https:\/\/ucnoqta.az\/index.php?rest_route=%2Fwp%2Fv2%2Fcomments&post=105611"}],"version-history":[{"count":0,"href":"https:\/\/ucnoqta.az\/index.php?rest_route=\/wp\/v2\/posts\/105611\/revisions"}],"wp:featuredmedia":[{"embeddable":true,"href":"https:\/\/ucnoqta.az\/index.php?rest_route=\/wp\/v2\/media\/251278"}],"wp:attachment":[{"href":"https:\/\/ucnoqta.az\/index.php?rest_route=%2Fwp%2Fv2%2Fmedia&parent=105611"}],"wp:term":[{"taxonomy":"category","embeddable":true,"href":"https:\/\/ucnoqta.az\/index.php?rest_route=%2Fwp%2Fv2%2Fcategories&post=105611"},{"taxonomy":"post_tag","embeddable":true,"href":"https:\/\/ucnoqta.az\/index.php?rest_route=%2Fwp%2Fv2%2Ftags&post=105611"}],"curies":[{"name":"wp","href":"https:\/\/api.w.org\/{rel}","templated":true}]}}