{"id":105610,"date":"2020-10-11T21:40:00","date_gmt":"2020-10-11T17:40:00","guid":{"rendered":""},"modified":"-0001-11-30T00:00:00","modified_gmt":"-0001-11-29T20:00:00","slug":"","status":"publish","type":"post","link":"https:\/\/ucnoqta.az\/?p=105610","title":{"rendered":"&#8220;Monteneqrolu oyun\u00e7unun t\u0259xribat xarakterli payla\u015f\u0131m\u0131ndan m\u0259lumat\u0131m\u0131z var&#8221;- <font color=red><b>AFFA r\u0259smisi<\/b><\/font>"},"content":{"rendered":"<p><strong>AFFA monteneqrolu qap\u0131&ccedil;\u0131n\u0131n t\u0259xribat&ccedil;\u0131 h\u0259r\u0259k\u0259tin\u0259 reaksiya verdi<\/strong><\/p>\n<p>&quot;UEFA Mill\u0259tl\u0259r Liqas\u0131n\u0131n qrup m\u0259rh\u0259l\u0259sind\u0259 oktyabr\u0131n 10-da Podqoritsa \u015f\u0259h\u0259rind\u0259 ke&ccedil;irilmi\u015f Monteneqro &#8211; Az\u0259rbaycan oyunundan sonra monteneqrolu futbol&ccedil;u Andriya Draqoyevi&ccedil;in sosial \u015f\u0259b\u0259k\u0259 hesab\u0131nda t\u0259xribat xarakterli payla\u015f\u0131m etm\u0259si bar\u0259d\u0259 m\u0259lumat\u0131m\u0131z var&quot;.<\/p>\n<p>Ucnoqta.az x\u0259b\u0259r verir ki, bunu AFFA-n\u0131n icra&ccedil;\u0131 vitse-prezidenti Elxan M\u0259mm\u0259dov UEFA Mill\u0259tl\u0259r Liqas\u0131nda qrup m\u0259rh\u0259l\u0259sinin Az\u0259rbaycanla ev oyunundan sonra monteneqrolu qap\u0131&ccedil;\u0131 Andriya Draqoyevi&ccedil;in sosial \u015f\u0259b\u0259k\u0259d\u0259 t\u0259xribat&ccedil;\u0131 payla\u015f\u0131m\u0131 il\u0259 ba\u011fl\u0131 affa.az-a a&ccedil;\u0131qlamas\u0131nda deyib.<\/p>\n<p>E.M\u0259mm\u0259dov bildirib ki, bu, &uuml;&ccedil;&uuml;nc&uuml; t\u0259r\u0259f olan Milli Assosiasiyan\u0131n n&uuml;may\u0259nd\u0259sinin h\u0259r hans\u0131 \u015f\u0259kild\u0259 aidiyy\u0259ti olmad\u0131\u011f\u0131 m\u0259s\u0259l\u0259y\u0259 m&uuml;daxil\u0259si kimi qeyri-etik olmaqla yana\u015f\u0131, eyni zamanda, separat&ccedil;\u0131 rejimin t\u0259bli\u011fat\u0131na c\u0259hd oldu\u011fu &uuml;&ccedil;&uuml;n yolverilm\u0259zdir: &quot;AFFA bu h\u0259r\u0259k\u0259ti s\u0259rt \u015f\u0259kild\u0259 q\u0131nay\u0131r. Biz ara\u015fd\u0131rd\u0131q, h\u0259min futbol&ccedil;u Az\u0259rbaycan millisi il\u0259 oyunda Monteneqro komandas\u0131n\u0131n hey\u0259tind\u0259 olmasa da, bu, bizim m\u0259s\u0259l\u0259y\u0259 m&uuml;nasib\u0259timizi d\u0259yi\u015fmir. Do\u011frudur, h\u0259min oyunda Monteneqro millisinin ehtiyat oyun&ccedil;ular siyah\u0131s\u0131nda Draqoyevi&ccedil; soyadl\u0131 futbol&ccedil;u olub, lakin bu, dig\u0259r oyun&ccedil;udur &#8211; Milo\u015f Draqoyevi&ccedil;&quot;.<\/p>\n<p>\u0130cra&ccedil;\u0131 vitse-prezident oktyabr\u0131n 12-d\u0259 m\u0259s\u0259l\u0259 il\u0259 \u0259laq\u0259dar AFFA-n\u0131n r\u0259smi qaydada UEFA-ya m&uuml;raci\u0259t &uuml;nvanlayaca\u011f\u0131n\u0131 \u0259lav\u0259 edib: &quot;Art\u0131q UEFA-ya \u015fifahi m\u0259lumat verilib&quot;.<\/p>\n<p>Qeyd ed\u0259k ki, Monteneqro Az\u0259rbaycanla oyunda q\u0259l\u0259b\u0259 qazan\u0131b &#8211; 2:0.<\/p>\n","protected":false},"excerpt":{"rendered":"<p>AFFA monteneqrolu qap\u0131&ccedil;\u0131n\u0131n t\u0259xribat&ccedil;\u0131 h\u0259r\u0259k\u0259tin\u0259 reaksiya verdi &quot;UEFA Mill\u0259tl\u0259r Liqas\u0131n\u0131n qrup m\u0259rh\u0259l\u0259sind\u0259 oktyabr\u0131n 10-da Podqoritsa \u015f\u0259h\u0259rind\u0259 ke&ccedil;irilmi\u015f Monteneqro &#8211; Az\u0259rbaycan oyunundan sonra monteneqrolu futbol&ccedil;u Andriya Draqoyevi&ccedil;in sosial \u015f\u0259b\u0259k\u0259 hesab\u0131nda t\u0259xribat&hellip;<\/p>\n","protected":false},"author":1,"featured_media":251278,"comment_status":"open","ping_status":"open","sticky":false,"template":"","format":"standard","meta":{"_lmt_disableupdate":"","_lmt_disable":"","footnotes":""},"categories":[90],"tags":[],"class_list":["post-105610","post","type-post","status-publish","format-standard","has-post-thumbnail","hentry","category-idman-butun-xeberler"],"_links":{"self":[{"href":"https:\/\/ucnoqta.az\/index.php?rest_route=\/wp\/v2\/posts\/105610","targetHints":{"allow":["GET"]}}],"collection":[{"href":"https:\/\/ucnoqta.az\/index.php?rest_route=\/wp\/v2\/posts"}],"about":[{"href":"https:\/\/ucnoqta.az\/index.php?rest_route=\/wp\/v2\/types\/post"}],"author":[{"embeddable":true,"href":"https:\/\/ucnoqta.az\/index.php?rest_route=\/wp\/v2\/users\/1"}],"replies":[{"embeddable":true,"href":"https:\/\/ucnoqta.az\/index.php?rest_route=%2Fwp%2Fv2%2Fcomments&post=105610"}],"version-history":[{"count":0,"href":"https:\/\/ucnoqta.az\/index.php?rest_route=\/wp\/v2\/posts\/105610\/revisions"}],"wp:featuredmedia":[{"embeddable":true,"href":"https:\/\/ucnoqta.az\/index.php?rest_route=\/wp\/v2\/media\/251278"}],"wp:attachment":[{"href":"https:\/\/ucnoqta.az\/index.php?rest_route=%2Fwp%2Fv2%2Fmedia&parent=105610"}],"wp:term":[{"taxonomy":"category","embeddable":true,"href":"https:\/\/ucnoqta.az\/index.php?rest_route=%2Fwp%2Fv2%2Fcategories&post=105610"},{"taxonomy":"post_tag","embeddable":true,"href":"https:\/\/ucnoqta.az\/index.php?rest_route=%2Fwp%2Fv2%2Ftags&post=105610"}],"curies":[{"name":"wp","href":"https:\/\/api.w.org\/{rel}","templated":true}]}}