{"id":105606,"date":"2020-10-11T19:42:32","date_gmt":"2020-10-11T15:42:32","guid":{"rendered":""},"modified":"-0001-11-30T00:00:00","modified_gmt":"-0001-11-29T20:00:00","slug":"","status":"publish","type":"post","link":"https:\/\/ucnoqta.az\/?p=105606","title":{"rendered":"&#8220;\u018fks-h\u00fccum \u0259m\u0259liyyat\u0131 beyn\u0259lxalq h\u00fcquq normalar\u0131 \u00e7\u0259r\u00e7iv\u0259sind\u0259 h\u0259yata ke\u00e7irilir&#8221; &#8211; <font color=red><b>\u0130dar\u0259 r\u0259isi<\/b><\/font>"},"content":{"rendered":"<p><strong>Sentyabr\u0131n 27-d\u0259n Erm\u0259nistan\u0131n Az\u0259rbaycana qar\u015f\u0131 geni\u015fmiqyasl\u0131 t\u0259xribatlar\u0131 ba\u015flay\u0131b.<\/p>\n<p>&nbsp;<\/strong>Trend-in m\u0259lumat\u0131na g&ouml;r\u0259, bunu bu g&uuml;n Az\u0259rbaycan Respublikas\u0131nda akkredit\u0259 olunmu\u015f xarici h\u0259rbi atta\u015fel\u0259r\u0259 v\u0259 beyn\u0259lxalq t\u0259\u015fkilatlar\u0131n (BMT, A\u0130, BQXK) &ouml;lk\u0259mizd\u0259ki n&uuml;may\u0259nd\u0259l\u0259ri &uuml;&ccedil;&uuml;n ke&ccedil;iril\u0259n brifinqd\u0259 M&uuml;dafi\u0259 Nazirliyinin Beyn\u0259lxalq H\u0259rbi \u018fm\u0259kda\u015fl\u0131q \u0130dar\u0259sinin r\u0259isi general-mayor H&uuml;seyn Mahmudov bildirib.<\/p>\n<p>General-mayor H&uuml;seyn Mahmudov deyib ki, Az\u0259rbaycan v\u0259t\u0259nda\u015flar\u0131n\u0131n t\u0259hl&uuml;k\u0259sizliyini t\u0259min etm\u0259k &uuml;&ccedil;&uuml;n \u0259ks-h&uuml;cum \u0259m\u0259liyyatlar\u0131na ba\u015flay\u0131b: &quot;\u018fks-h&uuml;cum beyn\u0259lxalq h&uuml;quq normalar\u0131 &ccedil;\u0259r&ccedil;iv\u0259sind\u0259 h\u0259yata ke&ccedil;irilir. Az\u0259rbaycan Ordusu yaln\u0131z Erm\u0259nistan\u0131n h\u0259rbi texnikas\u0131n\u0131 h\u0259d\u0259f\u0259 al\u0131r. Lakin Erm\u0259nistan t\u0259r\u0259fi Az\u0259rbaycan\u0131n m&uuml;lki \u0259halisini h\u0259d\u0259f\u0259 al\u0131r, h\u0259tta t\u0259mas x\u0259ttind\u0259n uzaqda yerl\u0259\u015f\u0259n \u015f\u0259h\u0259rl\u0259r\u0259 raket at\u0131r&quot;.<\/p>\n<p>M&uuml;dafi\u0259 Nazirliyinin idar\u0259 r\u0259isi qeyd edib ki, bu g&uuml;n Erm\u0259nistan Az\u0259rbaycan\u0131n q\u0259dim v\u0259 b&ouml;y&uuml;k \u015f\u0259h\u0259rl\u0259rind\u0259n olan G\u0259nc\u0259ni raket at\u0259\u015fin\u0259 m\u0259ruz qoyub.<\/p>\n","protected":false},"excerpt":{"rendered":"<p>Sentyabr\u0131n 27-d\u0259n Erm\u0259nistan\u0131n Az\u0259rbaycana qar\u015f\u0131 geni\u015fmiqyasl\u0131 t\u0259xribatlar\u0131 ba\u015flay\u0131b. &nbsp;Trend-in m\u0259lumat\u0131na g&ouml;r\u0259, bunu bu g&uuml;n Az\u0259rbaycan Respublikas\u0131nda akkredit\u0259 olunmu\u015f xarici h\u0259rbi atta\u015fel\u0259r\u0259 v\u0259 beyn\u0259lxalq t\u0259\u015fkilatlar\u0131n (BMT, A\u0130, BQXK) &ouml;lk\u0259mizd\u0259ki n&uuml;may\u0259nd\u0259l\u0259ri &uuml;&ccedil;&uuml;n&hellip;<\/p>\n","protected":false},"author":1,"featured_media":251278,"comment_status":"open","ping_status":"open","sticky":false,"template":"","format":"standard","meta":{"_lmt_disableupdate":"","_lmt_disable":"","footnotes":""},"categories":[],"tags":[],"class_list":["post-105606","post","type-post","status-publish","format-standard","has-post-thumbnail","hentry"],"_links":{"self":[{"href":"https:\/\/ucnoqta.az\/index.php?rest_route=\/wp\/v2\/posts\/105606","targetHints":{"allow":["GET"]}}],"collection":[{"href":"https:\/\/ucnoqta.az\/index.php?rest_route=\/wp\/v2\/posts"}],"about":[{"href":"https:\/\/ucnoqta.az\/index.php?rest_route=\/wp\/v2\/types\/post"}],"author":[{"embeddable":true,"href":"https:\/\/ucnoqta.az\/index.php?rest_route=\/wp\/v2\/users\/1"}],"replies":[{"embeddable":true,"href":"https:\/\/ucnoqta.az\/index.php?rest_route=%2Fwp%2Fv2%2Fcomments&post=105606"}],"version-history":[{"count":0,"href":"https:\/\/ucnoqta.az\/index.php?rest_route=\/wp\/v2\/posts\/105606\/revisions"}],"wp:featuredmedia":[{"embeddable":true,"href":"https:\/\/ucnoqta.az\/index.php?rest_route=\/wp\/v2\/media\/251278"}],"wp:attachment":[{"href":"https:\/\/ucnoqta.az\/index.php?rest_route=%2Fwp%2Fv2%2Fmedia&parent=105606"}],"wp:term":[{"taxonomy":"category","embeddable":true,"href":"https:\/\/ucnoqta.az\/index.php?rest_route=%2Fwp%2Fv2%2Fcategories&post=105606"},{"taxonomy":"post_tag","embeddable":true,"href":"https:\/\/ucnoqta.az\/index.php?rest_route=%2Fwp%2Fv2%2Ftags&post=105606"}],"curies":[{"name":"wp","href":"https:\/\/api.w.org\/{rel}","templated":true}]}}