{"id":105604,"date":"2020-10-11T18:39:34","date_gmt":"2020-10-11T14:39:34","guid":{"rendered":""},"modified":"-0001-11-30T00:00:00","modified_gmt":"-0001-11-29T20:00:00","slug":"","status":"publish","type":"post","link":"https:\/\/ucnoqta.az\/?p=105604","title":{"rendered":"Ceyhun Bayramov rusiyal\u0131 h\u0259ms\u0259drl\u0259 telefonla dan\u0131\u015f\u0131b"},"content":{"rendered":"<p><strong>Bu ilin 11 oktyabr tarixind\u0259&nbsp;Az\u0259rbaycan t\u0259r\u0259finin t\u0259\u015f\u0259bb&uuml;s&uuml; il\u0259&nbsp;Az\u0259rbaycan Respublikas\u0131n\u0131n Xarici \u0130\u015fl\u0259r naziri Ceyhun Bayramov&nbsp;il\u0259&nbsp;&nbsp;AT\u018fT-in Minsk qrupunun Rusiyadan olan h\u0259ms\u0259dri&nbsp;\u0130qor Popov&nbsp;aras\u0131nda telefon dan\u0131\u015f\u0131\u011f\u0131 ba\u015f tutub.<\/strong><\/p>\n<p>Ucnoqta.az x\u0259b\u0259r verir ki, bu bar\u0259d\u0259 X\u0130N M\u0259tbuat xidm\u0259tind\u0259n bildirilib. M\u0259lumata g&ouml;r\u0259, nazir Ceyhun Bayramov humanitar at\u0259\u015fk\u0259sin m&uuml;\u0259yy\u0259n olundu\u011fu vaxtdan sonra&nbsp;bel\u0259&nbsp;Erm\u0259nistan\u0131n az\u0259rbaycanl\u0131 m&uuml;lki \u015f\u0259xsl\u0259ri v\u0259 obyektl\u0259ri q\u0259sd\u0259n at\u0259\u015f\u0259 tutmaqda davam etdiyi bar\u0259d\u0259 qar\u015f\u0131 t\u0259r\u0259f\u0259 m\u0259lumat verib.<\/p>\n<p>Nazir humanitar at\u0259\u015fk\u0259sin m&uuml;\u0259yy\u0259n olundu\u011fu vaxtdan&nbsp;bir ne&ccedil;\u0259 saat sonra Erm\u0259nistan silahl\u0131 q&uuml;vv\u0259l\u0259rinin c\u0259bh\u0259nin Hadrut v\u0259 C\u0259bray\u0131l istiqam\u0259tl\u0259rind\u0259 etdiyi h&uuml;cum c\u0259hdi,&nbsp;erm\u0259ni \u0259sg\u0259rl\u0259rinin c\u0259s\u0259dl\u0259rini y\u0131\u011fan v\u0259 &uuml;z\u0259rin\u0259 ayd\u0131n \u015f\u0259kild\u0259 a\u011f bayraq sanc\u0131lan sanitar ma\u015f\u0131n\u0131n Erm\u0259nistan silahl\u0131 q&uuml;vv\u0259l\u0259ri t\u0259r\u0259find\u0259n at\u0259\u015f\u0259 tutulmas\u0131 v\u0259&nbsp;t\u0259mas x\u0259ttind\u0259n uzaq yerl\u0259\u015f\u0259n&nbsp;Az\u0259rbaycan\u0131n ikinci b&ouml;y&uuml;k \u015f\u0259h\u0259ri olan G\u0259nc\u0259 \u015f\u0259h\u0259rinin Erm\u0259nistan silahl\u0131 q&uuml;vv\u0259l\u0259ri t\u0259r\u0259find\u0259n raket at\u0259\u015fin\u0259 m\u0259ruz&nbsp;qalmas\u0131n\u0131 diqq\u0259t\u0259 &ccedil;atd\u0131r\u0131b. Nazir G\u0259nc\u0259y\u0259 edil\u0259n&nbsp;h&uuml;cum n\u0259tic\u0259sind\u0259&nbsp;9&nbsp;m&uuml;lki \u015f\u0259xsin h\u0259lak oldu\u011fu, o c&uuml;ml\u0259d\u0259n aralar\u0131nda azya\u015fl\u0131 u\u015faqlar olmaqla, 35 n\u0259f\u0259rin yaraland\u0131\u011f\u0131 diqq\u0259t\u0259 &ccedil;atd\u0131r\u0131l\u0131b.<\/p>\n<p>Nazir b&ouml;lg\u0259d\u0259 yaranm\u0131\u015f v\u0259ziyy\u0259t\u0259 g&ouml;r\u0259 tam m\u0259suliyy\u0259tin Erm\u0259nistan siyasi-h\u0259rbi r\u0259hb\u0259rliyinin &uuml;z\u0259rind\u0259 oldu\u011funu bildirib.<br \/>\nAT\u018fT-in Minsk Qrupunun&nbsp;rusiyal\u0131 h\u0259ms\u0259dri&nbsp;\u0130qor Popov yaranm\u0131\u015f v\u0259ziyy\u0259tl\u0259 ba\u011fl\u0131 narahatl\u0131\u011f\u0131n\u0131 ifad\u0259 edib v\u0259 \u0259ld\u0259 edilmi\u015f Moskva raz\u0131la\u015fmas\u0131n\u0131n \u015f\u0259rtl\u0259rin\u0259 riay\u0259t edilm\u0259sinin vacibliyini vur\u011fulay\u0131b.<\/p>\n","protected":false},"excerpt":{"rendered":"<p>Bu ilin 11 oktyabr tarixind\u0259&nbsp;Az\u0259rbaycan t\u0259r\u0259finin t\u0259\u015f\u0259bb&uuml;s&uuml; il\u0259&nbsp;Az\u0259rbaycan Respublikas\u0131n\u0131n Xarici \u0130\u015fl\u0259r naziri Ceyhun Bayramov&nbsp;il\u0259&nbsp;&nbsp;AT\u018fT-in Minsk qrupunun Rusiyadan olan h\u0259ms\u0259dri&nbsp;\u0130qor Popov&nbsp;aras\u0131nda telefon dan\u0131\u015f\u0131\u011f\u0131 ba\u015f tutub. Ucnoqta.az x\u0259b\u0259r verir ki, bu bar\u0259d\u0259&hellip;<\/p>\n","protected":false},"author":1,"featured_media":251278,"comment_status":"open","ping_status":"open","sticky":false,"template":"","format":"standard","meta":{"_lmt_disableupdate":"","_lmt_disable":"","footnotes":""},"categories":[86],"tags":[],"class_list":["post-105604","post","type-post","status-publish","format-standard","has-post-thumbnail","hentry","category-siyaset"],"_links":{"self":[{"href":"https:\/\/ucnoqta.az\/index.php?rest_route=\/wp\/v2\/posts\/105604","targetHints":{"allow":["GET"]}}],"collection":[{"href":"https:\/\/ucnoqta.az\/index.php?rest_route=\/wp\/v2\/posts"}],"about":[{"href":"https:\/\/ucnoqta.az\/index.php?rest_route=\/wp\/v2\/types\/post"}],"author":[{"embeddable":true,"href":"https:\/\/ucnoqta.az\/index.php?rest_route=\/wp\/v2\/users\/1"}],"replies":[{"embeddable":true,"href":"https:\/\/ucnoqta.az\/index.php?rest_route=%2Fwp%2Fv2%2Fcomments&post=105604"}],"version-history":[{"count":0,"href":"https:\/\/ucnoqta.az\/index.php?rest_route=\/wp\/v2\/posts\/105604\/revisions"}],"wp:featuredmedia":[{"embeddable":true,"href":"https:\/\/ucnoqta.az\/index.php?rest_route=\/wp\/v2\/media\/251278"}],"wp:attachment":[{"href":"https:\/\/ucnoqta.az\/index.php?rest_route=%2Fwp%2Fv2%2Fmedia&parent=105604"}],"wp:term":[{"taxonomy":"category","embeddable":true,"href":"https:\/\/ucnoqta.az\/index.php?rest_route=%2Fwp%2Fv2%2Fcategories&post=105604"},{"taxonomy":"post_tag","embeddable":true,"href":"https:\/\/ucnoqta.az\/index.php?rest_route=%2Fwp%2Fv2%2Ftags&post=105604"}],"curies":[{"name":"wp","href":"https:\/\/api.w.org\/{rel}","templated":true}]}}