{"id":105594,"date":"2020-10-11T15:08:43","date_gmt":"2020-10-11T11:08:43","guid":{"rendered":""},"modified":"-0001-11-30T00:00:00","modified_gmt":"-0001-11-29T20:00:00","slug":"","status":"publish","type":"post","link":"https:\/\/ucnoqta.az\/?p=105594","title":{"rendered":"\u201cAT\u018fT-in Minsk qrupu G\u0259nc\u0259 terroruna qiym\u0259t verm\u0259lidir\u201d- <font color=red><b>Prezidentin k\u00f6m\u0259k\u00e7isi<\/b><\/font>"},"content":{"rendered":"<p>\u201cErm\u0259nistan t\u0259r\u0259find\u0259n t\u00f6r\u0259dilimi\u015f cinay\u0259tl\u0259r h\u0259rbi v\u0259 siyasi t\u0259xribat kimi qitm\u0259tl\u0259ndirilm\u0259lidir\u201d.<\/p>\n<p>&#8220;Report\u201d x\u0259b\u0259r verir ki, bunu Az\u0259rbaycan Respublikas\u0131 Prezidentinin k\u00f6m\u0259k\u00e7isi &#8211; Prezident Administrasiyas\u0131n\u0131n Xarici siyas\u0259t m\u0259s\u0259l\u0259l\u0259ri \u015f\u00f6b\u0259sinin m\u00fcdiri Hikm\u0259t Hac\u0131yev G\u0259nc\u0259d\u0259 ke\u00e7iril\u0259n brifinqd\u0259 bildirib.<\/p>\n<p>Onun s\u00f6zl\u0259rin\u0259 g\u00f6r\u0259, d\u00fc\u015fm\u0259nin m\u0259qs\u0259di m\u00fclki \u0259halini h\u0259d\u0259f alaraq, \u0259hali aras\u0131nda t\u0259\u015fvi\u015f v\u0259 panika yaratmaq olsa da, ancaq buna nail ola bilm\u0259y\u0259c\u0259k.<\/p>\n<p>H.Hac\u0131yevin s\u00f6zl\u0259rin\u0259 g\u00f6r\u0259, d\u00fc\u015fm\u0259nin siyasi m\u0259qs\u0259di \u00fc\u00e7\u00fcnc\u00fc t\u0259r\u0259fl\u0259ri m\u00fcnaqi\u015f\u0259y\u0259 c\u0259lb etm\u0259k, Az\u0259rbaycan\u0131 t\u0259hrik etm\u0259kdir ki, Silahl\u0131 Q\u00fcvv\u0259l\u0259rimiz t\u0259r\u0259find\u0259n Erm\u0259nistan\u0131n m\u00fclki m\u0259nt\u0259q\u0259l\u0259rin\u0259 z\u0259rb\u0259l\u0259r endirilsin v\u0259 bundan Az\u0259rbaycana qar\u015f\u0131 istifad\u0259 etsinl\u0259r:<\/p>\n<p>\u201cAncaq Az\u0259rbaycan Silahl\u0131 q\u00fcvv\u0259l\u0259ri d\u00f6y\u00fc\u015f m\u0259kan\u0131nda Az\u0259rbaycan\u0131n i\u015f\u011fal olunmu\u015f \u0259razil\u0259rind\u0259 s\u00fclh\u0259 m\u0259cburetm\u0259 \u0259m\u0259liyyatlar\u0131 \u00e7\u0259r\u00e7iv\u0259sind\u0259 legitim h\u0259rbi obyektl\u0259ri s\u0131radan \u00e7\u0131xarmaqdad\u0131r. Humanitar at\u0259\u015fk\u0259s imzalansa da, Erm\u0259nistan \u00f6z riyakarl\u0131\u011f\u0131n\u0131 bir daha g\u00f6st\u0259rdi v\u0259 G\u0259nc\u0259 \u015f\u0259h\u0259rin\u0259 h\u00fccum \u2013 terror akt\u0131 h\u0259yata ke\u00e7irdil\u0259r. Biz bunu q\u0259ti \u015f\u0259kild\u0259 pisl\u0259yirik v\u0259 vasit\u0259\u00e7ilik missiyas\u0131n\u0131 h\u0259yata ke\u00e7ir\u0259n t\u0259r\u0259fl\u0259r \u2013 AT\u018fT-in Minsk qrupunun \u00f6z\u00fc buna qiym\u0259t verilm\u0259lidir\u201d \u2013 dey\u0259 H.Hac\u0131yev bildirib.<\/p>\n","protected":false},"excerpt":{"rendered":"<p>\u201cErm\u0259nistan t\u0259r\u0259find\u0259n t\u00f6r\u0259dilimi\u015f cinay\u0259tl\u0259r h\u0259rbi v\u0259 siyasi t\u0259xribat kimi qitm\u0259tl\u0259ndirilm\u0259lidir\u201d. &#8220;Report\u201d x\u0259b\u0259r verir ki, bunu Az\u0259rbaycan Respublikas\u0131 Prezidentinin k\u00f6m\u0259k\u00e7isi &#8211; Prezident Administrasiyas\u0131n\u0131n Xarici siyas\u0259t m\u0259s\u0259l\u0259l\u0259ri \u015f\u00f6b\u0259sinin m\u00fcdiri Hikm\u0259t Hac\u0131yev G\u0259nc\u0259d\u0259&hellip;<\/p>\n","protected":false},"author":1,"featured_media":251278,"comment_status":"open","ping_status":"open","sticky":false,"template":"","format":"standard","meta":{"_lmt_disableupdate":"","_lmt_disable":"","footnotes":""},"categories":[],"tags":[],"class_list":["post-105594","post","type-post","status-publish","format-standard","has-post-thumbnail","hentry"],"_links":{"self":[{"href":"https:\/\/ucnoqta.az\/index.php?rest_route=\/wp\/v2\/posts\/105594","targetHints":{"allow":["GET"]}}],"collection":[{"href":"https:\/\/ucnoqta.az\/index.php?rest_route=\/wp\/v2\/posts"}],"about":[{"href":"https:\/\/ucnoqta.az\/index.php?rest_route=\/wp\/v2\/types\/post"}],"author":[{"embeddable":true,"href":"https:\/\/ucnoqta.az\/index.php?rest_route=\/wp\/v2\/users\/1"}],"replies":[{"embeddable":true,"href":"https:\/\/ucnoqta.az\/index.php?rest_route=%2Fwp%2Fv2%2Fcomments&post=105594"}],"version-history":[{"count":0,"href":"https:\/\/ucnoqta.az\/index.php?rest_route=\/wp\/v2\/posts\/105594\/revisions"}],"wp:featuredmedia":[{"embeddable":true,"href":"https:\/\/ucnoqta.az\/index.php?rest_route=\/wp\/v2\/media\/251278"}],"wp:attachment":[{"href":"https:\/\/ucnoqta.az\/index.php?rest_route=%2Fwp%2Fv2%2Fmedia&parent=105594"}],"wp:term":[{"taxonomy":"category","embeddable":true,"href":"https:\/\/ucnoqta.az\/index.php?rest_route=%2Fwp%2Fv2%2Fcategories&post=105594"},{"taxonomy":"post_tag","embeddable":true,"href":"https:\/\/ucnoqta.az\/index.php?rest_route=%2Fwp%2Fv2%2Ftags&post=105594"}],"curies":[{"name":"wp","href":"https:\/\/api.w.org\/{rel}","templated":true}]}}