{"id":105573,"date":"2020-10-10T22:58:52","date_gmt":"2020-10-10T18:58:52","guid":{"rendered":""},"modified":"-0001-11-30T00:00:00","modified_gmt":"-0001-11-29T20:00:00","slug":"","status":"publish","type":"post","link":"https:\/\/ucnoqta.az\/?p=105573","title":{"rendered":"Lavrov az\u0259rbaycanl\u0131 v\u0259 erm\u0259ni h\u0259mkar\u0131 il\u0259 telefonla dan\u0131\u015fd\u0131"},"content":{"rendered":"<p><strong>Rusiya Xarici \u0130\u015fl\u0259r naziri Sergey Lavrovun Az\u0259rbaycan\u0131n Xarici \u0130\u015fl\u0259r naziri Ceyhun Bayramov v\u0259 Erm\u0259nistan\u0131n Xarici \u0130\u015fl\u0259r naziri Z&ouml;hrab Mnatsakanyan il\u0259 telefon dan\u0131\u015f\u0131\u011f\u0131 ba\u015f tutub. <\/strong><\/p>\n<p>&ldquo;Report&rdquo; x\u0259b\u0259r verir ki, bu bar\u0259d\u0259 Rusiya X\u0130N m\u0259lumat yay\u0131b. Qeyd olunub ki, dan\u0131\u015f\u0131qlar zaman\u0131 t\u0259r\u0259fl\u0259r Da\u011fl\u0131q Qaraba\u011f m&uuml;naqi\u015f\u0259si zonas\u0131nda &uuml;&ccedil; &ouml;lk\u0259nin X\u0130N r\u0259hb\u0259rl\u0259rinin 9 oktyabr tarixind\u0259 Moskvada ke&ccedil;irdiyi m\u0259sl\u0259h\u0259tl\u0259\u015fm\u0259l\u0259rin ard\u0131ndan \u0259ld\u0259 olunan at\u0259\u015fk\u0259s raz\u0131la\u015fmalar\u0131na sadiq olduqlar\u0131n\u0131 t\u0259sdiql\u0259yibl\u0259r.<\/p>\n<p>Xat\u0131rladaq ki, humanitar at\u0259\u015fk\u0259s rejimin\u0259 \u0259m\u0259l etm\u0259y\u0259n Erm\u0259nistan silahl\u0131 q&uuml;vv\u0259l\u0259rinin b&ouml;lm\u0259l\u0259ri q&uuml;vv\u0259 v\u0259 vasit\u0259l\u0259ri c\u0259ml\u0259\u015fdir\u0259r\u0259k c\u0259bh\u0259nin m&uuml;xt\u0259lif istiqam\u0259tl\u0259rind\u0259 h&uuml;cum etm\u0259y\u0259 c\u0259hd g&ouml;st\u0259rib. B&ouml;lm\u0259l\u0259rimizin g&ouml;rd&uuml;y&uuml; qabaqlay\u0131c\u0131 t\u0259dbirl\u0259r n\u0259tic\u0259sind\u0259 xeyli canl\u0131 q&uuml;vv\u0259 v\u0259 d&ouml;y&uuml;\u015f texnikas\u0131n\u0131 itir\u0259n d&uuml;\u015fm\u0259n geri &ccedil;\u0259kilm\u0259y\u0259 m\u0259cbur edilib.<\/p>\n<p>M&uuml;dafi\u0259ni d&uuml;zg&uuml;n t\u0259\u015fkil ed\u0259n b&ouml;lm\u0259l\u0259rimiz d&uuml;\u015fm\u0259nin ir\u0259lil\u0259m\u0259sinin qar\u015f\u0131s\u0131n\u0131 al\u0131b, onu t\u0259l\u0259y\u0259 salaraq darmada\u011f\u0131n edib.<\/p>\n","protected":false},"excerpt":{"rendered":"<p>Rusiya Xarici \u0130\u015fl\u0259r naziri Sergey Lavrovun Az\u0259rbaycan\u0131n Xarici \u0130\u015fl\u0259r naziri Ceyhun Bayramov v\u0259 Erm\u0259nistan\u0131n Xarici \u0130\u015fl\u0259r naziri Z&ouml;hrab Mnatsakanyan il\u0259 telefon dan\u0131\u015f\u0131\u011f\u0131 ba\u015f tutub. &ldquo;Report&rdquo; x\u0259b\u0259r verir ki, bu bar\u0259d\u0259&hellip;<\/p>\n","protected":false},"author":1,"featured_media":251278,"comment_status":"open","ping_status":"open","sticky":false,"template":"","format":"standard","meta":{"_lmt_disableupdate":"","_lmt_disable":"","footnotes":""},"categories":[],"tags":[],"class_list":["post-105573","post","type-post","status-publish","format-standard","has-post-thumbnail","hentry"],"_links":{"self":[{"href":"https:\/\/ucnoqta.az\/index.php?rest_route=\/wp\/v2\/posts\/105573","targetHints":{"allow":["GET"]}}],"collection":[{"href":"https:\/\/ucnoqta.az\/index.php?rest_route=\/wp\/v2\/posts"}],"about":[{"href":"https:\/\/ucnoqta.az\/index.php?rest_route=\/wp\/v2\/types\/post"}],"author":[{"embeddable":true,"href":"https:\/\/ucnoqta.az\/index.php?rest_route=\/wp\/v2\/users\/1"}],"replies":[{"embeddable":true,"href":"https:\/\/ucnoqta.az\/index.php?rest_route=%2Fwp%2Fv2%2Fcomments&post=105573"}],"version-history":[{"count":0,"href":"https:\/\/ucnoqta.az\/index.php?rest_route=\/wp\/v2\/posts\/105573\/revisions"}],"wp:featuredmedia":[{"embeddable":true,"href":"https:\/\/ucnoqta.az\/index.php?rest_route=\/wp\/v2\/media\/251278"}],"wp:attachment":[{"href":"https:\/\/ucnoqta.az\/index.php?rest_route=%2Fwp%2Fv2%2Fmedia&parent=105573"}],"wp:term":[{"taxonomy":"category","embeddable":true,"href":"https:\/\/ucnoqta.az\/index.php?rest_route=%2Fwp%2Fv2%2Fcategories&post=105573"},{"taxonomy":"post_tag","embeddable":true,"href":"https:\/\/ucnoqta.az\/index.php?rest_route=%2Fwp%2Fv2%2Ftags&post=105573"}],"curies":[{"name":"wp","href":"https:\/\/api.w.org\/{rel}","templated":true}]}}