{"id":105563,"date":"2020-10-10T18:58:27","date_gmt":"2020-10-10T14:58:27","guid":{"rendered":""},"modified":"-0001-11-30T00:00:00","modified_gmt":"-0001-11-29T20:00:00","slug":"","status":"publish","type":"post","link":"https:\/\/ucnoqta.az\/?p=105563","title":{"rendered":"&#8220;Humanitar at\u0259\u015fk\u0259s erm\u0259ni t\u0259r\u0259fin\u0259 veril\u0259n sonuncu \u015fansd\u0131r&#8221;"},"content":{"rendered":"<p><strong>30 il \u0259rzind\u0259 Erm\u0259nistan&ndash;Az\u0259rbaycan m&uuml;naqi\u015f\u0259sind\u0259 indiy\u0259 kimi ilk d\u0259f\u0259 bu q\u0259d\u0259r geni\u015f miqyasda, daha do\u011frusu b&uuml;t&uuml;n c\u0259bh\u0259 boyu h\u0259rbi \u0259m\u0259liyyatlar davam etdi. Bu g&uuml;n ordumuzun g&uuml;c&uuml; hesab\u0131na tarixi \u0259dal\u0259t b\u0259rpa olunur.<\/strong><\/p>\n<p>He&ccedil; bir \u015f&uuml;bh\u0259 yoxdur ki, \u015fanl\u0131 Az\u0259rbaycan Ordusu b&uuml;t&uuml;n torpaqlar\u0131 &ouml;z \u0259z\u0259li sahibl\u0259rin\u0259-Az\u0259rbaycan xalq\u0131na qaytaracaqd\u0131r. &Ouml;lk\u0259 ba\u015f&ccedil;\u0131s\u0131n\u0131n da d\u0259f\u0259l\u0259rl\u0259 vur\u011fulad\u0131\u011f\u0131 kimi, Az\u0259rbaycan\u0131n ba\u015fqas\u0131n\u0131n torpa\u011f\u0131nda he&ccedil; vaxt g&ouml;z&uuml; olmay\u0131b. Az\u0259rbaycan yaln\u0131z tarix\u0259n ona m\u0259xsus olan torpaqlar\u0131n geri qaytar\u0131lmas\u0131n\u0131 ist\u0259yir.<\/p>\n<p>Bu g&uuml;n biz art\u0131q q\u0131l\u0131ncdan q\u0259l\u0259m\u0259 ke&ccedil;ib, h\u0259rbi u\u011furlar\u0131m\u0131z\u0131 diplomatiya meydan\u0131nda davam etdiririk. Az\u0259rbaycan h&ouml;kum\u0259ti indiy\u0259 kimi m&uuml;naqi\u015f\u0259nin s&uuml;lh yolu il\u0259 h\u0259lli &uuml;&ccedil;&uuml;n n\u0259 q\u0259d\u0259r &ccedil;al\u0131\u015fsa da, bu, m&uuml;mk&uuml;n olmad\u0131. Reall\u0131q da g&ouml;z qaba\u011f\u0131ndad\u0131r. \u0130ll\u0259rdir davam ed\u0259n s&uuml;lh dan\u0131\u015f\u0131qlar\u0131 n\u0259tic\u0259sizdir. Bundan sonra bu dan\u0131\u015f\u0131qlar\u0131n davam etm\u0259sinin biz\u0259 he&ccedil; bir xeyri yoxdur. &Ccedil;&uuml;nki Erm\u0259nistan t\u0259r\u0259fi &uuml;st-&uuml;st\u0259 t\u0259xribatlar t&ouml;r\u0259d\u0259r\u0259k bu dan\u0131\u015f\u0131qlar\u0131n \u0259b\u0259s oldu\u011funu s&uuml;but etdi.<\/p>\n<p>&Ouml;t\u0259n g&uuml;n Rusiya t\u0259r\u0259finin t\u0259\u015f\u0259bb&uuml;s&uuml; \u0259sas\u0131nda Moskva \u015f\u0259h\u0259rind\u0259 son 20 ild\u0259 Qaraba\u011fa dair \u0259n uzun m&uuml;dd\u0259tli dan\u0131\u015f\u0131qlar n\u0259tic\u0259sind\u0259 q\u0259bul edilmi\u015f &ldquo;Humanitar at\u0259\u015fk\u0259s&rdquo;l\u0259 ba\u011fl\u0131 olan b\u0259yanat art\u0131q erm\u0259ni t\u0259r\u0259fin\u0259 veril\u0259n sonuncu \u015fansd\u0131r. H\u0259r k\u0259s bilir ki, humanitar at\u0259\u015fk\u0259s m&uuml;v\u0259qq\u0259ti xarakter da\u015f\u0131y\u0131r. \u018fg\u0259r bundan sonra Erm\u0259nistan yen\u0259 d\u0259 &ouml;z siyas\u0259tini davam etdir\u0259c\u0259ks\u0259 v\u0259 i\u015f\u011fal olunmu\u015f \u0259razil\u0259rd\u0259n &ouml;z qo\u015funlar\u0131n\u0131 &ccedil;\u0131xarmayacaqsa, onda h\u0259rbi \u0259m\u0259liyyatlar\u0131n b\u0259rpa olunmas\u0131 h\u0259r zaman ba\u015f ver\u0259 bil\u0259r. Buna g&ouml;r\u0259 d\u0259 mahiyy\u0259tli dan\u0131\u015f\u0131qlar apar\u0131lmal\u0131 v\u0259 Erm\u0259nistan qo\u015funlar\u0131n\u0131n Az\u0259rbaycan\u0131n i\u015f\u011fal olunmu\u015f \u0259razil\u0259rind\u0259n &ccedil;\u0131xar\u0131lmas\u0131n\u0131 n\u0259z\u0259rd\u0259 tutan plan haz\u0131rlanmal\u0131d\u0131r. &Ouml;lk\u0259 ba\u015f&ccedil;\u0131s\u0131n\u0131n da vur\u011fulad\u0131\u011f\u0131 kimi, t\u0259mas x\u0259tti deyil\u0259n anlay\u0131\u015f yoxdur.<\/p>\n<p>M\u0259lum oldu\u011fu kimi, m&uuml;naqi\u015f\u0259nin h\u0259ll olunmamas\u0131 v\u0259 i\u015f\u011fala \u0259saslanan status-kvonu saxlamaq &uuml;&ccedil;&uuml;n Erm\u0259nistana d\u0259st\u0259k g&ouml;st\u0259rilir v\u0259 dan\u0131\u015f\u0131qlar prosesi imitasiya olunmu\u015f \u0259sasda apar\u0131l\u0131rd\u0131. M\u0259qs\u0259d t\u0259dric\u0259n Az\u0259rbaycan torpaqlar\u0131n\u0131n Erm\u0259nistan t\u0259r\u0259find\u0259n ilhaq\u0131na nail olmaq idi. Lakin Prezident \u0130lham \u018fliyev q\u0259ti siyasi irad\u0259 n&uuml;mayi\u015f etdir\u0259r\u0259k 30 il \u0259rzind\u0259 qurulmu\u015f v\u0259 daim m&ouml;hk\u0259ml\u0259ndiril\u0259n bu sistemi darmada\u011f\u0131n etdi, Az\u0259rbaycan\u0131n i\u015f\u011falla he&ccedil; zaman bar\u0131\u015fmayaca\u011f\u0131n\u0131 s&uuml;but etdi.<\/p>\n<p>C\u0259nab Prezident \u0130lham \u018fliyev h\u0259mi\u015f\u0259, o c&uuml;ml\u0259d\u0259n Erm\u0259nistan\u0131n h\u0259rbi t\u0259xribatlar\u0131na qar\u015f\u0131 ba\u015flan\u0131lan son \u0259ks-h&uuml;cum \u0259m\u0259liyyatlar\u0131n\u0131n gedi\u015find\u0259 yenilm\u0259z siyasi irad\u0259, \u0259zm, q\u0259tiyy\u0259t, prinsipiall\u0131q n&uuml;mayi\u015f etdirdi, d&uuml;\u015fm\u0259n &ouml;lk\u0259nin havadarlar\u0131 olan d&ouml;vl\u0259tl\u0259r v\u0259 b&ouml;y&uuml;k g&uuml;cl\u0259rin t\u0259zyiql\u0259rin\u0259 baxmayaraq, Az\u0259rbaycan\u0131n milli maraqlar\u0131n\u0131 q\u0259tiyy\u0259tl\u0259 m&uuml;dafi\u0259 etdi. Bir daha s&uuml;but olundu ki, Az\u0259rbaycan\u0131n milli maraqlar\u0131 &ouml;lk\u0259 ba\u015f&ccedil;\u0131s\u0131 &uuml;&ccedil;&uuml;n \u0259n ali d\u0259y\u0259rdir.<\/p>\n<p>Az\u0259rbaycan h\u0259rbi sah\u0259d\u0259 \u0259ld\u0259 etdiyi b&ouml;y&uuml;k u\u011furu h\u0259m d\u0259 diplomatik m&uuml;st\u0259viy\u0259 ke&ccedil;irdi. Erm\u0259nistan\u0131n dan\u0131\u015f\u0131qlar\u0131 format\u0131n\u0131 d\u0259yi\u015fdirm\u0259k v\u0259 Da\u011fl\u0131q Qaraba\u011fdak\u0131 qondarma rejiminin dan\u0131\u015f\u0131qlar prosesind\u0259 t\u0259r\u0259f kimi &ccedil;\u0131x\u0131\u015f etm\u0259sin\u0259 nail olmaq, o c&uuml;ml\u0259d\u0259n 1994-c&uuml; il Bi\u015fkek protokolunu \u0259lind\u0259 bayraq etm\u0259k iddias\u0131n\u0131n &uuml;z\u0259rind\u0259n bird\u0259f\u0259lik x\u0259tt &ccedil;\u0259kildi.<\/p>\n<p>Erm\u0259nistan etiraf etdi ki, bu m&uuml;naqi\u015f\u0259d\u0259 t\u0259r\u0259f olan Da\u011fl\u0131q Qaraba\u011fdak\u0131 qondarma rejim deyil, m\u0259hz Erm\u0259nistan d&ouml;vl\u0259tidir. Erm\u0259nistan ba\u015f naziri art\u0131q 7 \u015f\u0259rt ir\u0259li s&uuml;rm&uuml;r, ona dikt\u0259 edil\u0259n \u015f\u0259rtl\u0259ri q\u0259bul etm\u0259k zorundad\u0131r. Bu g&uuml;n dan\u0131\u015f\u0131qlar prosesind\u0259 m\u0259hz Az\u0259rbaycan &ouml;z irad\u0259sini dikt\u0259 edir v\u0259 \u015f\u0259rt ir\u0259li s&uuml;r&uuml;r.<\/p>\n<p>Prezident \u0130lham \u018fliyevin d\u0259 vur\u011fulad\u0131\u011f\u0131 kimi, &ldquo;Erm\u0259nistan\u0131n ba\u015f naziri biz\u0259 qrafik versin, i\u015f\u011fal edilmi\u015f torpaqlardan erm\u0259ni silahl\u0131 q&uuml;vv\u0259l\u0259rinin &ccedil;\u0131xar\u0131lmas\u0131 c\u0259dv\u0259li verilsin biz\u0259. Onda biz \u0259lb\u0259tt\u0259 ki, at\u0259\u015fk\u0259s rejimini b\u0259rpa ed\u0259c\u0259yik. Halbuki indi \u015fidd\u0259tli d&ouml;y&uuml;\u015fl\u0259r getdiyi zaman bunu etm\u0259k &ccedil;\u0259tindir. N\u0259 vaxt, n\u0259yi, nec\u0259 etm\u0259k laz\u0131md\u0131r, bunu biz bilirik. Yax\u0131n tarix d\u0259f\u0259l\u0259rl\u0259 bunu g&ouml;st\u0259rib, h\u0259m siyasi m&uuml;st\u0259vid\u0259, diplomatik m&uuml;st\u0259vid\u0259, eyni zamanda, d&ouml;y&uuml;\u015f meydan\u0131nda. N\u0259yi ediriks\u0259, d\u0259qiqlikl\u0259 edirik.<\/p>\n<p>Buna g&ouml;r\u0259 d\u0259 bu g&uuml;n\u0259d\u0259k apar\u0131lan siyas\u0259t, at\u0131lan ad\u0131mlar, o c&uuml;ml\u0259d\u0259n sentyabr\u0131n 27-d\u0259n ba\u015flayan \u0259ks-h&uuml;cum \u0259m\u0259liyyatlar\u0131 d&ouml;vl\u0259t ba\u015f&ccedil;\u0131s\u0131n\u0131n bu fikirl\u0259rinin tam \u0259sasl\u0131 oldu\u011funu t\u0259sdiq edir. \u0130st\u0259r dan\u0131\u015f\u0131qlar masas\u0131nda, ist\u0259rs\u0259 d\u0259 h\u0259rb meydan\u0131nda at\u0131lan h\u0259r bir d&uuml;\u015f&uuml;n&uuml;lm&uuml;\u015f v\u0259 d\u0259qiq add\u0131m bizi \u0259sas h\u0259d\u0259f\u0259 daha da yax\u0131nla\u015fd\u0131r\u0131r.<\/p>\n<p>Bununla da erm\u0259ni t\u0259r\u0259fi bird\u0259f\u0259lik d\u0259rk etm\u0259lidir ki, at\u0259\u015fk\u0259s s&uuml;lh deyil v\u0259 qar\u015f\u0131dan g\u0259l\u0259n iki g&uuml;n Erm\u0259nistana m&ouml;vcud reall\u0131\u011fa adekvat add\u0131mlar atmaq, iddialar\u0131ndan geri &ccedil;\u0259kilm\u0259k, i\u015f\u011fal siyas\u0259tin\u0259 son qoymaq, m&uuml;naqi\u015f\u0259nin beyn\u0259lxalq h&uuml;quq &ccedil;\u0259r&ccedil;iv\u0259sind\u0259 h\u0259lli istiqam\u0259tind\u0259 real add\u0131mlar atmaq &uuml;&ccedil;&uuml;n son \u015fansd\u0131r.<\/p>\n<p><strong>Anar M\u018fMM\u018fDOV<br \/>\nMilli M\u0259clisin deputat\u0131<\/strong><\/p>\n","protected":false},"excerpt":{"rendered":"<p>30 il \u0259rzind\u0259 Erm\u0259nistan&ndash;Az\u0259rbaycan m&uuml;naqi\u015f\u0259sind\u0259 indiy\u0259 kimi ilk d\u0259f\u0259 bu q\u0259d\u0259r geni\u015f miqyasda, daha do\u011frusu b&uuml;t&uuml;n c\u0259bh\u0259 boyu h\u0259rbi \u0259m\u0259liyyatlar davam etdi. Bu g&uuml;n ordumuzun g&uuml;c&uuml; hesab\u0131na tarixi \u0259dal\u0259t b\u0259rpa&hellip;<\/p>\n","protected":false},"author":1,"featured_media":251278,"comment_status":"open","ping_status":"open","sticky":false,"template":"","format":"standard","meta":{"_lmt_disableupdate":"","_lmt_disable":"","footnotes":""},"categories":[],"tags":[],"class_list":["post-105563","post","type-post","status-publish","format-standard","has-post-thumbnail","hentry"],"_links":{"self":[{"href":"https:\/\/ucnoqta.az\/index.php?rest_route=\/wp\/v2\/posts\/105563","targetHints":{"allow":["GET"]}}],"collection":[{"href":"https:\/\/ucnoqta.az\/index.php?rest_route=\/wp\/v2\/posts"}],"about":[{"href":"https:\/\/ucnoqta.az\/index.php?rest_route=\/wp\/v2\/types\/post"}],"author":[{"embeddable":true,"href":"https:\/\/ucnoqta.az\/index.php?rest_route=\/wp\/v2\/users\/1"}],"replies":[{"embeddable":true,"href":"https:\/\/ucnoqta.az\/index.php?rest_route=%2Fwp%2Fv2%2Fcomments&post=105563"}],"version-history":[{"count":0,"href":"https:\/\/ucnoqta.az\/index.php?rest_route=\/wp\/v2\/posts\/105563\/revisions"}],"wp:featuredmedia":[{"embeddable":true,"href":"https:\/\/ucnoqta.az\/index.php?rest_route=\/wp\/v2\/media\/251278"}],"wp:attachment":[{"href":"https:\/\/ucnoqta.az\/index.php?rest_route=%2Fwp%2Fv2%2Fmedia&parent=105563"}],"wp:term":[{"taxonomy":"category","embeddable":true,"href":"https:\/\/ucnoqta.az\/index.php?rest_route=%2Fwp%2Fv2%2Fcategories&post=105563"},{"taxonomy":"post_tag","embeddable":true,"href":"https:\/\/ucnoqta.az\/index.php?rest_route=%2Fwp%2Fv2%2Ftags&post=105563"}],"curies":[{"name":"wp","href":"https:\/\/api.w.org\/{rel}","templated":true}]}}