{"id":105560,"date":"2020-10-10T17:58:30","date_gmt":"2020-10-10T13:58:30","guid":{"rendered":""},"modified":"-0001-11-30T00:00:00","modified_gmt":"-0001-11-29T20:00:00","slug":"","status":"publish","type":"post","link":"https:\/\/ucnoqta.az\/?p=105560","title":{"rendered":"&#8220;M\u00fcharib\u0259 qurtarmay\u0131b, 13 g\u00fcnl\u00fck d\u00f6y\u00fc\u015fl\u0259r \u0259rzind\u0259 dostumuzu da, d\u00fc\u015fm\u0259nimizi d\u0259 g\u00f6rd\u00fck&#8221;"},"content":{"rendered":"<p>M&uuml;harib\u0259 qurtarmay\u0131b. Haqq davam\u0131z davam edir. M&uuml;harib\u0259nin u\u011furla n\u0259tic\u0259l\u0259nm\u0259sind\u0259 Ordu il\u0259 b\u0259rab\u0259r diplomatiyam\u0131z\u0131n da m&uuml;bariz\u0259si &ccedil;ox &ouml;n\u0259mlidir. D&uuml;n\u0259n Moskvada ke&ccedil;iril\u0259n g&ouml;r&uuml;\u015f\u0259 d\u0259 m\u0259hz siyasi-diplomatik m&uuml;bariz\u0259mizin bir hiss\u0259si kimi baxmaq laz\u0131md\u0131r. Bel\u0259 ki, son 12-13 g&uuml;n \u0259rzind\u0259 (y\u0259ni ki, sentyabr\u0131n 27-d\u0259n ba\u015flayaraq) davam ed\u0259n h\u0259rbi \u0259m\u0259liyyatlarda Az\u0259rbaycan Ordusu \u0259sl q\u0259hramanl\u0131q n&uuml;mun\u0259si g&ouml;st\u0259rdi. Bu m&uuml;dd\u0259t \u0259rzind\u0259 ged\u0259n d&ouml;y&uuml;\u015fl\u0259rd\u0259 C\u0259bray\u0131l rayonu, Hadrut q\u0259s\u0259b\u0259si, Suqovu\u015fan v\u0259 bir ne&ccedil;\u0259 k\u0259ndl\u0259rimizl\u0259 b\u0259rab\u0259r b&ouml;y&uuml;k strateji \u0259h\u0259miyy\u0259t\u0259 malik olan y&uuml;ks\u0259klikl\u0259r d\u0259 d&uuml;\u015fm\u0259n i\u015f\u011fal\u0131ndan azad edildi. D&uuml;\u015fm\u0259nin &ccedil;oxlu sayda canl\u0131 q&uuml;vv\u0259si, silah v\u0259 dig\u0259r h\u0259rbi texnikalar\u0131, istehkam qur\u011fular\u0131 m\u0259hv edilib, \u0259sg\u0259r v\u0259 zabitl\u0259ri \u0259sir g&ouml;t&uuml;r&uuml;l&uuml;b, xeyli h\u0259rbi texnikalar\u0131 v\u0259 silah-sursatlar\u0131 q\u0259nim\u0259t kimi \u0259l\u0259 ke&ccedil;irilib. D&uuml;\u015fm\u0259n ordusu Az\u0259rbaycan \u0259sg\u0259rinin qaba\u011f\u0131nda aciz qalaraq d&ouml;y&uuml;\u015f meydan\u0131ndan qa&ccedil;ma\u011fa m\u0259cbur olub. Bu \u0259ks-h&uuml;cum \u0259m\u0259liyyatlar\u0131nda d&uuml;\u015fm\u0259n m&ouml;vqel\u0259rini darmada\u011f\u0131n ed\u0259n Az\u0259rbaycan Ordusu torpaqlar\u0131m\u0131z\u0131 bir-birinin ard\u0131nca i\u015f\u011faldan azad etm\u0259kl\u0259 t\u0259kc\u0259 Erm\u0259nistana deyil, h\u0259m&ccedil;inin b&uuml;t&uuml;n d&uuml;nyaya &ouml;z g&uuml;c&uuml;n&uuml; v\u0259 q&uuml;dr\u0259tini n&uuml;mayi\u015f etdirdi. H\u0259rbi \u0259m\u0259liyyatlarda qazan\u0131lan u\u011fur v\u0259 q\u0259l\u0259b\u0259l\u0259r, siyas\u0131 v\u0259 diplomatik m&uuml;st\u0259vid\u0259 d\u0259 davam etdirilm\u0259kd\u0259dir.<br \/>\n&nbsp;<\/p>\n<p>Art\u0131q \u0259v\u0259lkind\u0259n f\u0259rqli olaraq indi \u015f\u0259rtl\u0259ri Erm\u0259nistan deyil, Az\u0259rbaycan &ouml;z&uuml; diqt\u0259 edir. D&uuml;n\u0259nki g&ouml;r&uuml;\u015f d\u0259 bunu bir daha s&uuml;but etdi. Okyabr\u0131n 9-da Rusiyan\u0131n vasit\u0259&ccedil;iliyi il\u0259 iki g&uuml;nl&uuml;k humanitar xarakter da\u015f\u0131yan at\u0259\u015fk\u0259s elan olundu. Bu iki g&uuml;n t\u0259r\u0259fl\u0259r\u0259 h\u0259lak olmu\u015f v\u0259 \u0259sir d&uuml;\u015fm&uuml;\u015f h\u0259rb&ccedil;il\u0259rin d\u0259yi\u015fdirilm\u0259si imkan\u0131n\u0131 verir. Bu iki g&uuml;n, m&ouml;ht\u0259r\u0259m Prezidentimiz \u0130lham \u018fliyevin s&ouml;z&uuml; il\u0259 des\u0259k, Erm\u0259nistana verilmi\u015f son \u015fansd\u0131r. Erm\u0259nistan m&uuml;naqi\u015f\u0259nin beyn\u0259lxalq h&uuml;quq &ccedil;\u0259r&ccedil;iv\u0259sind\u0259 h\u0259ll olunmas\u0131 &uuml;&ccedil;&uuml;n i\u015f\u011fal etdiyi \u0259razil\u0259rd\u0259n geri &ccedil;\u0259kilm\u0259lidir v\u0259 &ccedil;\u0259kil\u0259c\u0259k d\u0259. Odur ki, Moskva g&ouml;r&uuml;\u015f&uuml;nd\u0259 \u0259ld\u0259 edil\u0259n humanitar at\u0259\u015fk\u0259s\u0259 yanl\u0131\u015f don geyindirm\u0259k, bunu bizim geri &ccedil;\u0259kilm\u0259yimiz kimi, m\u0259\u011flubiyy\u0259timiz kimi d\u0259y\u0259rl\u0259ndirm\u0259k laz\u0131m deyil. Bu c&uuml;r d&uuml;\u015f&uuml;n\u0259nl\u0259r v\u0259 bu fikirl\u0259ri m\u0259qs\u0259dli \u015f\u0259kild\u0259 yayanlar c\u0259miyy\u0259td\u0259 ruh d&uuml;\u015fk&uuml;nl&uuml;y&uuml; yaratma\u011fa &ccedil;al\u0131\u015f\u0131rlar. Ancaq buna imkan verm\u0259k olmaz. C\u0259miyy\u0259td\u0259 &ccedil;a\u015f\u011f\u0131nl\u0131q yratma\u011fa he&ccedil; kimin ixtiyar\u0131 yoxdur. Son g&uuml;nl\u0259rd\u0259 c\u0259miyy\u0259td\u0259 v&uuml;s\u0259t alm\u0131\u015f birliyimiz\u0259, milli h\u0259mr\u0259yliyimiz\u0259, y&uuml;ks\u0259k d&ouml;y&uuml;\u015f \u0259hval-ruhiyy\u0259miz\u0259 he&ccedil; kim x\u0259l\u0259l g\u0259tirm\u0259m\u0259lidir. \u018fksin\u0259, biz bundan sonra daha da bir olmal\u0131, h\u0259mr\u0259ylik g&ouml;st\u0259rm\u0259liyik.<\/p>\n<p>&nbsp;<\/p>\n<p>\u018fsas odur ki, biz bu 13 g&uuml;nl&uuml;k d&ouml;y&uuml;\u015fl\u0259r \u0259rzind\u0259 dostumuzu da, d&uuml;\u015fm\u0259nimizi d\u0259 g&ouml;rd&uuml;k, yax\u0131ndan tan\u0131d\u0131q. D&uuml;\u015fm\u0259nl\u0259rimiz, bizi ist\u0259m\u0259y\u0259nl\u0259r h\u0259ddind\u0259n &ccedil;oxdur. Amma dostlar\u0131m\u0131z,&nbsp; m&uuml;tt\u0259fiql\u0259rimiz d\u0259 az deyil. Odur ki, bizi ruhdan salmaq m&uuml;mk&uuml;n deyil. Qoy buna &ccedil;al\u0131\u015fan daxld\u0259ki v\u0259 xaricd\u0259ki d&uuml;&ccedil;m\u0259nl\u0259rimiz d\u0259 bunu bilsin. Ham\u0131 bilm\u0259lidir ki, bu raz\u0131la\u015fma sad\u0259c\u0259 &ldquo;texniki at\u0259\u015fk\u0259s&rdquo; raz\u0131la\u015fmas\u0131d\u0131r, m&uuml;v\u0259qq\u0259ti anla\u015fmad\u0131r v\u0259 bu raz\u0131la\u015fma m\u0259hz Erm\u0259nistan t\u0259r\u0259finin israrl\u0131 yalvar\u0131\u015flar\u0131n\u0131n n\u0259tic\u0259sind\u0259 ba\u015f tutub. C\u0259nab Prezidentin d\u0259 qeyd etdiyi kimi, indi Erm\u0259nistan ba\u015f naziri diz &ccedil;&ouml;k&uuml;b yalvar\u0131r. Onun bu g&uuml;nl\u0259rd\u0259 d&ouml;ym\u0259diyi qap\u0131, g&ouml;nd\u0259rm\u0259diyi emissar qalmay\u0131b. Bu da kimin kim oldu\u011funu a&ccedil;\u0131q-ayd\u0131n g&ouml;st\u0259rir. Xalq\u0131m\u0131za da s&ouml;z&uuml;m&uuml;z budur ki, bu s&uuml;lh raz\u0131la\u015fmas\u0131 deyildir. M&uuml;harlb\u0259 d\u0259 bitm\u0259yib. \u015eanl\u0131 Ordumuz h\u0259r an t\u0259tik v\u0259ziyy\u0259tind\u0259dir. C\u0259nab Prezidentimiz d&uuml;n\u0259n xalqa m&uuml;raci\u0259tind\u0259 d\u0259 bir daha q\u0259tiyy\u0259tl\u0259 vur\u011fulad\u0131 ki, &ldquo;biz Qaraba\u011f\u0131 alacay\u0131q, ya m&uuml;har\u0131b\u0259 , ya s&uuml;lh yolu il\u0259&rdquo;. Biz Prezidentimizin bu q\u0259tiyy\u0259tli v\u0259 prinsipial m&ouml;vqeyin\u0259 inan\u0131r v\u0259 g&uuml;v\u0259nirik. B\u0259zi d&uuml;nya liderl\u0259ri v\u0259 Erm\u0259nistan\u0131n gizli-a&ccedil;\u0131q havadarlar\u0131 da art\u0131q bilm\u0259lidir ki, Erm\u0259nistan yen\u0259 d\u0259 s&ouml;z&uuml;n&uuml; tutmayaca\u011f\u0131 v\u0259 vasit\u0259&ccedil;il\u0259rin bundan sonra da \u0259dal\u0259tli m&ouml;vqe s\u0259rgil\u0259m\u0259y\u0259c\u0259yi t\u0259qdird\u0259 he&ccedil; k\u0259s hadis\u0259l\u0259rin h\u0259rbi m&uuml;st\u0259vid\u0259 inki\u015faf\u0131n\u0131n qar\u015f\u0131s\u0131n\u0131 ala bilm\u0259y\u0259c\u0259kdir.<\/p>\n<p>\nAz\u0259rbaycan xalq\u0131 &ouml;z d&ouml;vl\u0259tinin, &ouml;z Ordusunun yan\u0131ndad\u0131r. Bizim g&uuml;cl&uuml; ordumuz var. Bunu b&uuml;t&uuml;n d&uuml;nya g&ouml;rd&uuml;, b&uuml;t&uuml;n d&uuml;nya \u015fahid oldu ki, Az\u0259rbaycan Ordusu &ouml;z torpaqlar\u0131n\u0131 h\u0259rbi yolla azad etm\u0259k iqtidar\u0131ndad\u0131r. Sad\u0259c\u0259 olaraq biz qan t&ouml;k&uuml;lm\u0259sini ist\u0259mirik. Az\u0259rbaycan xalq\u0131 s&uuml;lhsev\u0259r xalqd\u0131r. Odur ki, i\u015f\u011fal&ccedil;\u0131 &ouml;lk\u0259y\u0259 t\u0259r\u0259fimizd\u0259n sonuncu d\u0259f\u0259 \u015fans verildi ki, h\u0259m d&ouml;y&uuml;\u015f meydan\u0131nda y\u0131\u011f\u0131l\u0131b qalm\u0131\u015f minl\u0259rl\u0259 h\u0259rb&ccedil;il\u0259rinin meyitl\u0259rini g&ouml;t&uuml;rs&uuml;n, h\u0259m d\u0259 i\u015f\u011fal&ccedil;\u0131l\u0131q siyas\u0259tin\u0259 son qoymaq &uuml;&ccedil;&uuml;n real add\u0131mlar ats\u0131n. \u018fks t\u0259qdird\u0259 Az\u0259rbaycan Ordusui Erm\u0259nistan\u0131 s&uuml;lh\u0259 m\u0259cbur etm\u0259yin yolunu bilir.<\/p>\n<p><img decoding=\"async\" alt=\"\" src=\"https:\/\/buta.ws\/cdn\/2020\/september\/17\/elisahibhuseynov444.jpg\" style=\"border:0px;vertical-align:baseline;width:450px;height:291px;\" \/><br \/>\n<strong>\u018flisahib H&uuml;seynov,<br \/>\nMilli H\u0259mr\u0259ylik Partiyas\u0131n\u0131n (MHP) s\u0259dri<\/strong><\/p>\n","protected":false},"excerpt":{"rendered":"<p>M&uuml;harib\u0259 qurtarmay\u0131b. Haqq davam\u0131z davam edir. M&uuml;harib\u0259nin u\u011furla n\u0259tic\u0259l\u0259nm\u0259sind\u0259 Ordu il\u0259 b\u0259rab\u0259r diplomatiyam\u0131z\u0131n da m&uuml;bariz\u0259si &ccedil;ox &ouml;n\u0259mlidir. D&uuml;n\u0259n Moskvada ke&ccedil;iril\u0259n g&ouml;r&uuml;\u015f\u0259 d\u0259 m\u0259hz siyasi-diplomatik m&uuml;bariz\u0259mizin bir hiss\u0259si kimi baxmaq laz\u0131md\u0131r.&hellip;<\/p>\n","protected":false},"author":1,"featured_media":251278,"comment_status":"open","ping_status":"open","sticky":false,"template":"","format":"standard","meta":{"_lmt_disableupdate":"","_lmt_disable":"","footnotes":""},"categories":[86],"tags":[],"class_list":["post-105560","post","type-post","status-publish","format-standard","has-post-thumbnail","hentry","category-siyaset"],"_links":{"self":[{"href":"https:\/\/ucnoqta.az\/index.php?rest_route=\/wp\/v2\/posts\/105560","targetHints":{"allow":["GET"]}}],"collection":[{"href":"https:\/\/ucnoqta.az\/index.php?rest_route=\/wp\/v2\/posts"}],"about":[{"href":"https:\/\/ucnoqta.az\/index.php?rest_route=\/wp\/v2\/types\/post"}],"author":[{"embeddable":true,"href":"https:\/\/ucnoqta.az\/index.php?rest_route=\/wp\/v2\/users\/1"}],"replies":[{"embeddable":true,"href":"https:\/\/ucnoqta.az\/index.php?rest_route=%2Fwp%2Fv2%2Fcomments&post=105560"}],"version-history":[{"count":0,"href":"https:\/\/ucnoqta.az\/index.php?rest_route=\/wp\/v2\/posts\/105560\/revisions"}],"wp:featuredmedia":[{"embeddable":true,"href":"https:\/\/ucnoqta.az\/index.php?rest_route=\/wp\/v2\/media\/251278"}],"wp:attachment":[{"href":"https:\/\/ucnoqta.az\/index.php?rest_route=%2Fwp%2Fv2%2Fmedia&parent=105560"}],"wp:term":[{"taxonomy":"category","embeddable":true,"href":"https:\/\/ucnoqta.az\/index.php?rest_route=%2Fwp%2Fv2%2Fcategories&post=105560"},{"taxonomy":"post_tag","embeddable":true,"href":"https:\/\/ucnoqta.az\/index.php?rest_route=%2Fwp%2Fv2%2Ftags&post=105560"}],"curies":[{"name":"wp","href":"https:\/\/api.w.org\/{rel}","templated":true}]}}