{"id":105558,"date":"2020-10-10T16:41:04","date_gmt":"2020-10-10T12:41:04","guid":{"rendered":""},"modified":"-0001-11-30T00:00:00","modified_gmt":"-0001-11-29T20:00:00","slug":"","status":"publish","type":"post","link":"https:\/\/ucnoqta.az\/?p=105558","title":{"rendered":"Bi\u015fkekd\u0259 komendant saat\u0131 t\u0259tbiq edildi"},"content":{"rendered":"<p><strong>Q\u0131r\u011f\u0131z Respublikas\u0131n\u0131n paytaxt\u0131 Bi\u015fkek \u015f\u0259h\u0259rind\u0259 saat 21-d\u0259n 5-d\u0259k komendant saat\u0131 t\u0259tbiq olunur.<\/strong><\/p>\n<p>&ldquo;Report&rdquo; &ldquo;Kabar&rdquo;a istinad\u0259n x\u0259b\u0259r verir ki, bu bar\u0259d\u0259 \u015f\u0259h\u0259r komendant\u0131&nbsp;Almaz Oroz\u0259liyev&nbsp;\u0259mr imzalay\u0131b. Bununla yana\u015f\u0131, paytaxta giri\u015f-&ccedil;\u0131x\u0131\u015f\u0131n x&uuml;susi qaydalar\u0131 d\u0259 t\u0259tbiq olunub.<\/p>\n<p>Bundan \u0259vv\u0259l Prezident&nbsp;Sooronbay Jeyenbekov&nbsp;paytaxt Bi\u015fkekd\u0259 yaranm\u0131\u015f g\u0259rginliy\u0259 g&ouml;r\u0259 f&ouml;vq\u0259lad\u0259 v\u0259ziyy\u0259tin t\u0259tbiqin\u0259 dair f\u0259rman imzalam\u0131\u015fd\u0131.<\/p>\n<p>H\u0259m&ccedil;inin Bi\u015fk\u0259k \u015f\u0259h\u0259rind\u0259ki k&uuml;tl\u0259vi i\u011fti\u015fa\u015flara dair ba\u015flanan cinay\u0259t i\u015fi &ccedil;\u0259r&ccedil;iv\u0259sind\u0259 &nbsp;D&ouml;vl\u0259t Milli T\u0259hl&uuml;k\u0259sizlik Komit\u0259si v\u0259 Daxili \u0130\u015fl\u0259r Nazirliyinin birg\u0259 \u0259m\u0259liyyat\u0131 il\u0259 sabiq prezident&nbsp;Almazbek Atambayev, h\u0259m&ccedil;inin DMTK-nin sabiq \u0259m\u0259kda\u015f\u0131&nbsp;Kanat Sa\u011f\u0131mbayev&nbsp;v\u0259 DMTK-nin 9-cu idar\u0259sinin ke&ccedil;mi\u015f r\u0259hb\u0259ri&nbsp;D\u0259mir Musakeyev&nbsp;saxlan\u0131l\u0131b.<\/p>\n<p>Xat\u0131rladaq ki, oktyabr ay\u0131n\u0131n 4-d\u0259 ke&ccedil;iril\u0259n parlament se&ccedil;kil\u0259rind\u0259n sonra paytaxtda m&uuml;xalif\u0259t t\u0259r\u0259fdarlar\u0131 k&uuml;&ccedil;\u0259l\u0259r\u0259 &ccedil;\u0131xaraq parlament binas\u0131n\u0131 \u0259l\u0259 ke&ccedil;irmi\u015fdil\u0259r. Ba\u015f ver\u0259n toqqu\u015fmalar n\u0259tic\u0259sind\u0259 bir n\u0259f\u0259r &ouml;l&uuml;b, 1200d\u0259k d\u0259 x\u0259sar\u0259t al\u0131b. Ba\u015f nazir Kubatbek Boronov is\u0259 istefa verib.<\/p>\n","protected":false},"excerpt":{"rendered":"<p>Q\u0131r\u011f\u0131z Respublikas\u0131n\u0131n paytaxt\u0131 Bi\u015fkek \u015f\u0259h\u0259rind\u0259 saat 21-d\u0259n 5-d\u0259k komendant saat\u0131 t\u0259tbiq olunur. &ldquo;Report&rdquo; &ldquo;Kabar&rdquo;a istinad\u0259n x\u0259b\u0259r verir ki, bu bar\u0259d\u0259 \u015f\u0259h\u0259r komendant\u0131&nbsp;Almaz Oroz\u0259liyev&nbsp;\u0259mr imzalay\u0131b. Bununla yana\u015f\u0131, paytaxta giri\u015f-&ccedil;\u0131x\u0131\u015f\u0131n x&uuml;susi qaydalar\u0131&hellip;<\/p>\n","protected":false},"author":1,"featured_media":251278,"comment_status":"open","ping_status":"open","sticky":false,"template":"","format":"standard","meta":{"_lmt_disableupdate":"","_lmt_disable":"","footnotes":""},"categories":[89],"tags":[],"class_list":["post-105558","post","type-post","status-publish","format-standard","has-post-thumbnail","hentry","category-dunya-butun-xeberler"],"_links":{"self":[{"href":"https:\/\/ucnoqta.az\/index.php?rest_route=\/wp\/v2\/posts\/105558","targetHints":{"allow":["GET"]}}],"collection":[{"href":"https:\/\/ucnoqta.az\/index.php?rest_route=\/wp\/v2\/posts"}],"about":[{"href":"https:\/\/ucnoqta.az\/index.php?rest_route=\/wp\/v2\/types\/post"}],"author":[{"embeddable":true,"href":"https:\/\/ucnoqta.az\/index.php?rest_route=\/wp\/v2\/users\/1"}],"replies":[{"embeddable":true,"href":"https:\/\/ucnoqta.az\/index.php?rest_route=%2Fwp%2Fv2%2Fcomments&post=105558"}],"version-history":[{"count":0,"href":"https:\/\/ucnoqta.az\/index.php?rest_route=\/wp\/v2\/posts\/105558\/revisions"}],"wp:featuredmedia":[{"embeddable":true,"href":"https:\/\/ucnoqta.az\/index.php?rest_route=\/wp\/v2\/media\/251278"}],"wp:attachment":[{"href":"https:\/\/ucnoqta.az\/index.php?rest_route=%2Fwp%2Fv2%2Fmedia&parent=105558"}],"wp:term":[{"taxonomy":"category","embeddable":true,"href":"https:\/\/ucnoqta.az\/index.php?rest_route=%2Fwp%2Fv2%2Fcategories&post=105558"},{"taxonomy":"post_tag","embeddable":true,"href":"https:\/\/ucnoqta.az\/index.php?rest_route=%2Fwp%2Fv2%2Ftags&post=105558"}],"curies":[{"name":"wp","href":"https:\/\/api.w.org\/{rel}","templated":true}]}}