{"id":105557,"date":"2020-10-10T16:30:34","date_gmt":"2020-10-10T12:30:34","guid":{"rendered":""},"modified":"-0001-11-30T00:00:00","modified_gmt":"-0001-11-29T20:00:00","slug":"","status":"publish","type":"post","link":"https:\/\/ucnoqta.az\/?p=105557","title":{"rendered":"\u201c\u00d6lk\u0259miz\u0259 qar\u015f\u0131 m\u00fcxt\u0259lif t\u0259zyiql\u0259r var\u201d- <font color=red><b>Hikm\u0259t Hac\u0131yev<\/b><\/font>"},"content":{"rendered":"<p><strong>&ldquo;Erm\u0259nistan qo\u015funlar\u0131 Az\u0259rbaycan\u0131n i\u015f\u011fal olunmu\u015f torpaqlar\u0131ndan &ccedil;\u0131xmayanad\u0259k&nbsp;C\u0259nubi Qafqaz regionunda davaml\u0131 s&uuml;lh&uuml;n olmas\u0131 qeyri-m&uuml;mk&uuml;nd&uuml;r&rdquo;.<\/strong><\/p>\n<p>Bunu Prezidentin k&ouml;m\u0259k&ccedil;isi, Prezident Administrasiyas\u0131n\u0131n Xarici siyas\u0259t m\u0259s\u0259l\u0259l\u0259ri \u015f&ouml;b\u0259sinin m&uuml;diri Hikm\u0259t Hac\u0131yev Xarici \u0130\u015fl\u0259r Nazirliyind\u0259 ke&ccedil;iril\u0259n brifinqd\u0259 bildirib.<br \/>\nOnun s&ouml;zl\u0259rin\u0259 g&ouml;r\u0259, bu problemin g\u0259l\u0259c\u0259y\u0259 saxlanmas\u0131 yox, bu g&uuml;n h\u0259ll olunmas\u0131 laz\u0131md\u0131r:<\/p>\n<p>&ldquo;D&uuml;n\u0259n \u0130lham \u018fliyev&nbsp;Az\u0259rbaycan xalq\u0131na m&uuml;raci\u0259tind\u0259 n\u0259yin n\u0259 zaman edilm\u0259si il\u0259 ba\u011fl\u0131 fikirl\u0259rini &ccedil;atd\u0131rd\u0131. Bu g&uuml;n &ouml;lk\u0259miz\u0259 qar\u015f\u0131 m&uuml;xt\u0259lif t\u0259zyiql\u0259r var.<br \/>\nAli Ba\u015f Komandan bu t\u0259zyiql\u0259r\u0259 d\u0259 m\u0259rdi-m\u0259rdan\u0259, xalq\u0131m\u0131z\u0131n milli maraqlar\u0131 \u0259sas\u0131nda sin\u0259 g\u0259rm\u0259kd\u0259dir v\u0259 ax\u0131ra kimi d\u0259 sin\u0259 g\u0259r\u0259c\u0259k. &Ccedil;&uuml;nki prezidentimizin siyas\u0259tind\u0259 Az\u0259rbaycan Respublikas\u0131n\u0131n milli maraqlar\u0131 \u0259n hakim maraqlard\u0131r.<\/p>\n<p>Biz bu kimi t\u0259zyiql\u0259ri &ccedil;ox g&ouml;rm&uuml;\u015f&uuml;k. Bundan sonra da istisna deyil ki, bu t\u0259zyiql\u0259r olacaq. T\u0259\u0259ss&uuml;fl\u0259r olsun ki, beyn\u0259lxalq dair\u0259l\u0259rd\u0259 d\u0259 m&uuml;\u0259yy\u0259n q\u0259r\u0259zli yana\u015fma g&ouml;r&uuml;r&uuml;k&rdquo;.<\/p>\n<p>H.Hac\u0131yev deyib ki, Az\u0259rbaycan\u0131n he&ccedil; bir d&ouml;vl\u0259tin \u0259razisin\u0259 iddias\u0131 yoxdur:<br \/>\n&ldquo;T\u0259l\u0259bimiz \u0259razi b&uuml;t&ouml;vl&uuml;y&uuml;m&uuml;z&nbsp;v\u0259 s&uuml;verenliyimizin t\u0259min edilm\u0259sidir. \u018fg\u0259r Erm\u0259nistan at\u0259\u015fk\u0259sin pozulmas\u0131 &uuml;&ccedil;&uuml;n t\u0259xribatlar\u0131 davam etdir\u0259c\u0259ks\u0259, Az\u0259rbaycan &ouml;z&uuml;n&uuml;m&uuml;dafi\u0259 prinsipind\u0259n istifad\u0259 ed\u0259r\u0259k, cavab verm\u0259k m\u0259cburiyy\u0259tind\u0259dir&rdquo;.\/\/\/oxu.az<\/p>\n","protected":false},"excerpt":{"rendered":"<p>&ldquo;Erm\u0259nistan qo\u015funlar\u0131 Az\u0259rbaycan\u0131n i\u015f\u011fal olunmu\u015f torpaqlar\u0131ndan &ccedil;\u0131xmayanad\u0259k&nbsp;C\u0259nubi Qafqaz regionunda davaml\u0131 s&uuml;lh&uuml;n olmas\u0131 qeyri-m&uuml;mk&uuml;nd&uuml;r&rdquo;. Bunu Prezidentin k&ouml;m\u0259k&ccedil;isi, Prezident Administrasiyas\u0131n\u0131n Xarici siyas\u0259t m\u0259s\u0259l\u0259l\u0259ri \u015f&ouml;b\u0259sinin m&uuml;diri Hikm\u0259t Hac\u0131yev Xarici \u0130\u015fl\u0259r Nazirliyind\u0259 ke&ccedil;iril\u0259n brifinqd\u0259&hellip;<\/p>\n","protected":false},"author":1,"featured_media":251278,"comment_status":"open","ping_status":"open","sticky":false,"template":"","format":"standard","meta":{"_lmt_disableupdate":"","_lmt_disable":"","footnotes":""},"categories":[],"tags":[],"class_list":["post-105557","post","type-post","status-publish","format-standard","has-post-thumbnail","hentry"],"_links":{"self":[{"href":"https:\/\/ucnoqta.az\/index.php?rest_route=\/wp\/v2\/posts\/105557","targetHints":{"allow":["GET"]}}],"collection":[{"href":"https:\/\/ucnoqta.az\/index.php?rest_route=\/wp\/v2\/posts"}],"about":[{"href":"https:\/\/ucnoqta.az\/index.php?rest_route=\/wp\/v2\/types\/post"}],"author":[{"embeddable":true,"href":"https:\/\/ucnoqta.az\/index.php?rest_route=\/wp\/v2\/users\/1"}],"replies":[{"embeddable":true,"href":"https:\/\/ucnoqta.az\/index.php?rest_route=%2Fwp%2Fv2%2Fcomments&post=105557"}],"version-history":[{"count":0,"href":"https:\/\/ucnoqta.az\/index.php?rest_route=\/wp\/v2\/posts\/105557\/revisions"}],"wp:featuredmedia":[{"embeddable":true,"href":"https:\/\/ucnoqta.az\/index.php?rest_route=\/wp\/v2\/media\/251278"}],"wp:attachment":[{"href":"https:\/\/ucnoqta.az\/index.php?rest_route=%2Fwp%2Fv2%2Fmedia&parent=105557"}],"wp:term":[{"taxonomy":"category","embeddable":true,"href":"https:\/\/ucnoqta.az\/index.php?rest_route=%2Fwp%2Fv2%2Fcategories&post=105557"},{"taxonomy":"post_tag","embeddable":true,"href":"https:\/\/ucnoqta.az\/index.php?rest_route=%2Fwp%2Fv2%2Ftags&post=105557"}],"curies":[{"name":"wp","href":"https:\/\/api.w.org\/{rel}","templated":true}]}}