{"id":105556,"date":"2020-10-10T16:03:49","date_gmt":"2020-10-10T12:03:49","guid":{"rendered":""},"modified":"-0001-11-30T00:00:00","modified_gmt":"-0001-11-29T20:00:00","slug":"","status":"publish","type":"post","link":"https:\/\/ucnoqta.az\/?p=105556","title":{"rendered":"&#8220;Erm\u0259nistan\u0131n s\u00fclh\u0259 m\u0259cbur edilm\u0259si istiqam\u0259tind\u0259 h\u0259yata ke\u00e7iril\u0259n \u0259m\u0259liyyat\u0131n birinci m\u0259rh\u0259l\u0259si u\u011furla ba\u015fa \u00e7atd\u0131&#8221;"},"content":{"rendered":"<p><strong>Erm\u0259nistan\u0131n t\u0259xribat\u0131na v\u0259 m&uuml;lki Az\u0259rbaycan \u0259halisini h\u0259d\u0259f\u0259 almas\u0131na cavab olaraq ke&ccedil;iril\u0259n \u0259ks-h\u0259ml\u0259 \u0259m\u0259liyyat\u0131 n\u0259tic\u0259sind\u0259 10 g&uuml;nl&uuml;k m&uuml;dd\u0259t \u0259rzind\u0259 Erm\u0259nistan silahl\u0131 q&uuml;vv\u0259l\u0259rin\u0259 ciddi z\u0259rb\u0259 vuruldu.<\/strong><\/p>\n<p>Bu fikri Prezidentin k&ouml;m\u0259k&ccedil;isi &#8211; Prezident Administrasiyas\u0131n\u0131n Xarici siyas\u0259t m\u0259s\u0259l\u0259l\u0259ri \u015f&ouml;b\u0259sinin m&uuml;diri Hikm\u0259t Hac\u0131yev bildirib.<br \/>\nPrezidentin k&ouml;m\u0259k&ccedil;isi deyib: &ldquo;Son bir il \u0259rzind\u0259 ba\u015f ver\u0259n prosesl\u0259r onu g&ouml;st\u0259rirdi ki, Erm\u0259nistan az\u011f\u0131nla\u015fm\u0131\u015f v\u0259 Az\u0259rbaycan \u0259razil\u0259rinin i\u015f\u011fal\u0131n\u0131 art\u0131q bitmi\u015f i\u015f hesab edirdi. Erm\u0259nistan\u0131n ba\u015f naziri Nikol Pa\u015finyan\u0131n &ldquo;Qaraba\u011f Erm\u0259nistand\u0131r v\u0259 n&ouml;qt\u0259&rdquo; a&ccedil;\u0131qlamas\u0131 da buna hesablanm\u0131\u015fd\u0131. \u0130\u015f\u011fala \u0259saslanan status-kvo qalmaqda davam edirdi. Erm\u0259nistan b&uuml;t&uuml;n imkanlardan istifad\u0259 edib \u0259razil\u0259rin ilhaq\u0131n\u0131 h\u0259yata ke&ccedil;irirdi. Erm\u0259nil\u0259rin he&ccedil; zaman ya\u015famad\u0131\u011f\u0131 C\u0259bray\u0131l rayonunda m\u0259skunla\u015fma apar\u0131l\u0131rd\u0131.<\/p>\n<p>2016-c\u0131 ilin aprel d&ouml;y&uuml;\u015fl\u0259rind\u0259 ald\u0131\u011f\u0131 z\u0259rb\u0259y\u0259 baxmayaraq, Erm\u0259nistan\u0131n siyasi-h\u0259rbi r\u0259hb\u0259rliyi h\u0259l\u0259 d\u0259 &ouml;z&uuml;n&uuml; qalib t\u0259r\u0259f kimi g&ouml;st\u0259rm\u0259y\u0259 &ccedil;al\u0131\u015f\u0131rd\u0131.<br \/>\nAli Ba\u015f Komandan, Prezident \u0130lham \u018fliyevin r\u0259hb\u0259rliyi il\u0259 h\u0259rbi-strateji bax\u0131mdan Erm\u0259nistan\u0131n bu ill&uuml;ziyalar\u0131 darmada\u011f\u0131n edildi. On g&uuml;nl&uuml;k h\u0259rbi \u0259m\u0259liyyatlar d&ouml;vr&uuml;nd\u0259 Erm\u0259nistan silahl\u0131 q&uuml;vv\u0259l\u0259rinin \u0259sas idar\u0259etm\u0259 m\u0259rk\u0259zl\u0259ri, h\u0259rbi infrastrukturu, silah-sursat v\u0259 maddi-texniki t\u0259chizat bazas\u0131, d&ouml;y&uuml;\u015f texnikas\u0131, bahal\u0131 radio-elektron v\u0259 hava h&uuml;cumundan m&uuml;dafi\u0259 sisteml\u0259ri v\u0259 d&ouml;y&uuml;\u015fk\u0259n h\u0259rbi birl\u0259\u015fm\u0259l\u0259ri m\u0259hv edildi. Otuz illik d&ouml;vr \u0259rzind\u0259 Erm\u0259nistan t\u0259r\u0259find\u0259n milyardlarla v\u0259sait s\u0259rf olunaraq bu h\u0259rbi infrastruktur sistemi qurulmu\u015fdu. Co\u011frafi bax\u0131mdan qism\u0259n ki&ccedil;ik bir \u0259razid\u0259 Erm\u0259nistan t\u0259r\u0259find\u0259n b&ouml;y&uuml;k h\u0259cmd\u0259 silah-sursat v\u0259 h\u0259rbi texnika c\u0259ml\u0259\u015fdirilmi\u015fdi. \u015e\u0259rti olaraq des\u0259k, h\u0259r bir kvadratmetr \u0259razi at\u0259\u015f z\u0259rb\u0259si alt\u0131ndad\u0131r. &Ccedil;oxlu sayda t\u0259bii mane\u0259l\u0259r vard\u0131r. Erm\u0259nistan bu torpaqlar\u0131 h\u0259min d&ouml;vr&uuml;n reall\u0131\u011f\u0131nda 7-8 il\u0259 i\u015f\u011fal etmi\u015fdi. Q\u0131sa m&uuml;dd\u0259td\u0259 Erm\u0259nistan\u0131n bu d&ouml;y&uuml;\u015f texnikas\u0131n\u0131n b&ouml;y&uuml;k \u0259ks\u0259riyy\u0259ti m\u0259hv edildi. H\u0259rbi \u0259m\u0259liyyatlar\u0131n gedi\u015fi Erm\u0259nistan\u0131n iqtisadiyyat\u0131na &ccedil;ox ciddi z\u0259rb\u0259dir. Uzunm&uuml;dd\u0259tli d&ouml;vr \u0259rzind\u0259 Erm\u0259nistan\u0131n siyasi-diplomatik, h\u0259rbi v\u0259 iqtisadi bax\u0131mdan m&uuml;qavim\u0259t \u0259zmi s\u0131nd\u0131r\u0131l\u0131r.<\/p>\n<p>H\u0259rbi bax\u0131mdan status-kvo d\u0259yi\u015fdirildi. Art\u0131q t\u0259mas x\u0259tti anlay\u0131\u015f\u0131 yoxdur. Erm\u0259nistan t\u0259mas x\u0259ttini d&ouml;vl\u0259t s\u0259rh\u0259din\u0259 &ccedil;evirm\u0259y\u0259 &ccedil;al\u0131\u015f\u0131rd\u0131. Erm\u0259nistan\u0131n s&uuml;lh\u0259 m\u0259cbur edilm\u0259si istiqam\u0259tind\u0259 h\u0259yata ke&ccedil;iril\u0259n \u0259m\u0259liyyat\u0131n birinci m\u0259rh\u0259l\u0259si u\u011furla ba\u015fa &ccedil;atd\u0131. C\u0259bray\u0131l rayonu, &ccedil;ox b&ouml;y&uuml;k \u0259h\u0259miyy\u0259t\u0259 malik olan Suqovu\u015fan k\u0259ndi i\u015f\u011faldan azad edildi. Da\u011fl\u0131q Qaraba\u011f\u0131n inzibati \u0259razi vahidin\u0259 daxil olan Hadrut q\u0259s\u0259b\u0259si v\u0259 \u0259traf k\u0259ndl\u0259r i\u015f\u011faldan azad edildi. B&uuml;t&uuml;n bunlar h\u0259m d\u0259 Erm\u0259nistana b&ouml;y&uuml;k psixoloji z\u0259rb\u0259dir&rdquo;.<\/p>\n<p>Hikm\u0259t Hac\u0131yev qeyd edib ki, m&uuml;naqi\u015f\u0259l\u0259r yaln\u0131z h\u0259rbi yolla deyil, eyni zamanda, siyasi-diplomatik vasit\u0259l\u0259rl\u0259 h\u0259ll edilir. Erm\u0259nistan-Az\u0259rbaycan\u0131n m&uuml;naqi\u015f\u0259sinin Az\u0259rbaycan\u0131n maraqlar\u0131 \u0259sas\u0131nda h\u0259ll edilm\u0259si &uuml;&ccedil;&uuml;n h\u0259rbi-siyasi v\u0259 diplomatik f\u0259aliyy\u0259t s\u0259m\u0259r\u0259li v\u0259 d&uuml;\u015f&uuml;n&uuml;lm&uuml;\u015f \u015f\u0259kild\u0259 apar\u0131lmal\u0131d\u0131r.<\/p>\n<p>Siyasi bax\u0131mdan Erm\u0259nistan\u0131n dan\u0131\u015f\u0131qlar prosesind\u0259 \u015f\u0259rtl\u0259ri dikt\u0259 etm\u0259si v\u0259 i\u015f\u011fal\u0131n n\u0259tic\u0259l\u0259rini siyasi vasit\u0259l\u0259rl\u0259 m&ouml;hk\u0259ml\u0259ndirm\u0259k c\u0259hdl\u0259rinin qar\u015f\u0131s\u0131 al\u0131nd\u0131. Erm\u0259nistan\u0131n dan\u0131\u015f\u0131qlar prosesinin format\u0131n\u0131 d\u0259yi\u015fdirm\u0259k c\u0259hdl\u0259ri iflasa u\u011frad\u0131. Erm\u0259nistan ba\u015f naziri Az\u0259rbaycana \u015f\u0259rt qoyurdu ki, qondarma rejim dan\u0131\u015f\u0131qlar prosesind\u0259 i\u015ftirak etm\u0259lidir.<\/p>\n<p>Erm\u0259nistan xarici i\u015fl\u0259r naziri Az\u0259rbaycan xarici i\u015fl\u0259r naziri il\u0259 birlikd\u0259 Moskvada dan\u0131\u015f\u0131qlarda i\u015ftirak etm\u0259si v\u0259 humanitar at\u0259\u015fk\u0259s bar\u0259d\u0259 b\u0259yanat\u0131 q\u0259bul etm\u0259si Erm\u0259nistan\u0131n m&uuml;naqi\u015f\u0259 t\u0259r\u0259fi kimi rolunun bir daha t\u0259sbit olunmas\u0131d\u0131r. 1994-c&uuml; ilin at\u0259\u015fk\u0259s haqq\u0131nda s\u0259n\u0259dini Erm\u0259nistan h\u0259mi\u015f\u0259 &ouml;z bildiyi kimi t\u0259hrif edirdi.<\/p>\n<p>Moskvada q\u0259bul edilmi\u015f b\u0259yanatla humanitar \u0259saslarla m&uuml;v\u0259qq\u0259ti at\u0259\u015fk\u0259s elan olunmu\u015fdur. H\u0259rbi \u0259m\u0259liyyatlar\u0131n gedi\u015find\u0259 humanitar at\u0259\u015fk\u0259sin elan olunmas\u0131 t\u0259cr&uuml;b\u0259si vard\u0131r. Bu m&uuml;dd\u0259t \u0259rzind\u0259 d&ouml;y&uuml;\u015f meydan\u0131nda h\u0259lak olan h\u0259rbi qulluq&ccedil;ular\u0131n c\u0259naz\u0259l\u0259ri g&ouml;t&uuml;r&uuml;l&uuml;r, yaral\u0131lara yard\u0131m g&ouml;st\u0259rilir.<\/p>\n<p>At\u0259\u015fk\u0259s, x&uuml;susil\u0259 d\u0259 humanitar at\u0259\u015fk\u0259s s&uuml;lh deyil v\u0259 ola da bilm\u0259z. Humanitar at\u0259\u015fk\u0259sin elan olunmas\u0131n\u0131n ard\u0131nca d\u0259rhal mahiyy\u0259tli dan\u0131\u015f\u0131qlar ba\u015flanmal\u0131d\u0131r.<br \/>\nHumanitar \u0259saslarla at\u0259\u015fk\u0259sin elan edilm\u0259sin\u0259 baxmayaraq, Erm\u0259nistan silahl\u0131 q&uuml;vv\u0259l\u0259ri t\u0259r\u0259find\u0259n c\u0259bh\u0259nin m&uuml;xt\u0259lif istiqam\u0259tl\u0259ri boyunca at\u0259\u015fk\u0259sin pozulmas\u0131 davam edir. \u018fg\u0259r Erm\u0259nistan i\u015f\u011faldan azad edilmi\u015f \u0259razil\u0259rin yenid\u0259n i\u015f\u011fal edilm\u0259sin\u0259 c\u0259hd ed\u0259rs\u0259, yen\u0259 d\u0259 &ouml;z layiqli cavab\u0131n\u0131 alacaqd\u0131r.<\/p>\n<p>Humanitar at\u0259\u015fk\u0259sin ard\u0131nca d\u0259rhal mahiyy\u0259tli v\u0259 n\u0259tic\u0259li dan\u0131\u015f\u0131qlar apar\u0131lmal\u0131d\u0131r. Dan\u0131\u015f\u0131qlar prosesinin yol x\u0259rit\u0259si h\u0259r k\u0259s\u0259 m\u0259lumdur. Az\u0259rbaycan buna haz\u0131rd\u0131r. BMT T\u0259hl&uuml;k\u0259sizlik \u015euras\u0131n\u0131n 853 sayl\u0131 q\u0259tnam\u0259sinin mandat\u0131ndan &ccedil;\u0131x\u0131\u015f ed\u0259r\u0259k Erm\u0259nistan qo\u015funlar\u0131n\u0131n Az\u0259rbaycan\u0131n i\u015f\u011fal olunmu\u015f \u0259razil\u0259rind\u0259n &ccedil;\u0131xar\u0131lmas\u0131 t\u0259min olunmal\u0131d\u0131r. Yaranm\u0131\u015f v\u0259ziyy\u0259tin m&uuml;naqi\u015f\u0259nin k&ouml;kl&uuml; h\u0259llin\u0259 v\u0259 regionda davaml\u0131 s&uuml;lh&uuml;n t\u0259min olunmas\u0131na do\u011fru istiqam\u0259tl\u0259ndirm\u0259k laz\u0131md\u0131r.<\/p>\n<p>Ba\u015f ver\u0259nl\u0259r bir daha onu g&ouml;st\u0259rir ki, v\u0259ziyy\u0259tin h\u0259r zaman g\u0259rginl\u0259\u015fm\u0259si ba\u015f ver\u0259 bil\u0259r. B&uuml;t&uuml;n resurslar i\u015f\u011fal fakt\u0131n\u0131n v\u0259 Erm\u0259nistan qo\u015funlar\u0131n\u0131n Az\u0259rbaycan\u0131n i\u015f\u011fal olunmu\u015f \u0259razil\u0259rind\u0259n &ccedil;\u0131xar\u0131lmas\u0131na h\u0259d\u0259fl\u0259nm\u0259lidir. Bundan sonra regionda davaml\u0131 s&uuml;lh t\u0259min oluna bil\u0259r.\/\/\/trend<\/p>\n","protected":false},"excerpt":{"rendered":"<p>Erm\u0259nistan\u0131n t\u0259xribat\u0131na v\u0259 m&uuml;lki Az\u0259rbaycan \u0259halisini h\u0259d\u0259f\u0259 almas\u0131na cavab olaraq ke&ccedil;iril\u0259n \u0259ks-h\u0259ml\u0259 \u0259m\u0259liyyat\u0131 n\u0259tic\u0259sind\u0259 10 g&uuml;nl&uuml;k m&uuml;dd\u0259t \u0259rzind\u0259 Erm\u0259nistan silahl\u0131 q&uuml;vv\u0259l\u0259rin\u0259 ciddi z\u0259rb\u0259 vuruldu. Bu fikri Prezidentin k&ouml;m\u0259k&ccedil;isi &#8211; Prezident&hellip;<\/p>\n","protected":false},"author":1,"featured_media":251278,"comment_status":"open","ping_status":"open","sticky":false,"template":"","format":"standard","meta":{"_lmt_disableupdate":"","_lmt_disable":"","footnotes":""},"categories":[],"tags":[],"class_list":["post-105556","post","type-post","status-publish","format-standard","has-post-thumbnail","hentry"],"_links":{"self":[{"href":"https:\/\/ucnoqta.az\/index.php?rest_route=\/wp\/v2\/posts\/105556","targetHints":{"allow":["GET"]}}],"collection":[{"href":"https:\/\/ucnoqta.az\/index.php?rest_route=\/wp\/v2\/posts"}],"about":[{"href":"https:\/\/ucnoqta.az\/index.php?rest_route=\/wp\/v2\/types\/post"}],"author":[{"embeddable":true,"href":"https:\/\/ucnoqta.az\/index.php?rest_route=\/wp\/v2\/users\/1"}],"replies":[{"embeddable":true,"href":"https:\/\/ucnoqta.az\/index.php?rest_route=%2Fwp%2Fv2%2Fcomments&post=105556"}],"version-history":[{"count":0,"href":"https:\/\/ucnoqta.az\/index.php?rest_route=\/wp\/v2\/posts\/105556\/revisions"}],"wp:featuredmedia":[{"embeddable":true,"href":"https:\/\/ucnoqta.az\/index.php?rest_route=\/wp\/v2\/media\/251278"}],"wp:attachment":[{"href":"https:\/\/ucnoqta.az\/index.php?rest_route=%2Fwp%2Fv2%2Fmedia&parent=105556"}],"wp:term":[{"taxonomy":"category","embeddable":true,"href":"https:\/\/ucnoqta.az\/index.php?rest_route=%2Fwp%2Fv2%2Fcategories&post=105556"},{"taxonomy":"post_tag","embeddable":true,"href":"https:\/\/ucnoqta.az\/index.php?rest_route=%2Fwp%2Fv2%2Ftags&post=105556"}],"curies":[{"name":"wp","href":"https:\/\/api.w.org\/{rel}","templated":true}]}}