{"id":105553,"date":"2020-10-10T15:44:24","date_gmt":"2020-10-10T11:44:24","guid":{"rendered":""},"modified":"-0001-11-30T00:00:00","modified_gmt":"-0001-11-29T20:00:00","slug":"","status":"publish","type":"post","link":"https:\/\/ucnoqta.az\/?p=105553","title":{"rendered":"&#8220;Erm\u0259nistan Moskva dan\u0131\u015f\u0131qlar\u0131nda \u0259lav\u0259 t\u0259hl\u00fck\u0259sizlik qarantiyalar\u0131 ist\u0259yirdi&#8221;- <font color=red><b>Nazir<\/b><\/font>"},"content":{"rendered":"<p><strong>&ldquo;D&ouml;y&uuml;\u015f meydan\u0131nda \u0259ld\u0259 etdiyimiz q\u0259l\u0259b\u0259l\u0259r biz\u0259 siyasi-diplomatik m&uuml;st\u0259vid\u0259 &uuml;st&uuml;nl&uuml;kl\u0259r verm\u0259kd\u0259dir&rdquo;.<\/strong><\/p>\n<p>APA-n\u0131n m\u0259lumat\u0131na g&ouml;r\u0259, bunu bu g&uuml;n ke&ccedil;iril\u0259n brifinqd\u0259 Xarici \u0130\u015fl\u0259r naziri Ceyhun Bayramov bildirib.<br \/>\nC. Bayramov deyib ki, Moskvada imzalanan s\u0259n\u0259dd\u0259 Erm\u0259nistan humanitar at\u0259\u015fk\u0259s\u0259 m\u0259cbur edilib: &ldquo;Eyni zamanda m&uuml;naqi\u015f\u0259nin baza prinsipl\u0259ri d\u0259 s\u0259n\u0259dd\u0259 \u0259ksini tap\u0131b. &Ccedil;ox q\u0131sa m&uuml;dd\u0259td\u0259 baza prinsipl\u0259ri \u0259sas\u0131nda Erm\u0259nistan substansiv dan\u0131\u015f\u0131qlar\u0131n apar\u0131lmas\u0131n\u0131 &uuml;z\u0259rin\u0259 g&ouml;t&uuml;r&uuml;b. Erm\u0259nistan bundan \u0259vv\u0259l h\u0259min prinsipl\u0259ri r\u0259dd etmi\u015fdi. Son g&uuml;nl\u0259r d&ouml;y&uuml;\u015f meydan\u0131nda olan u\u011furlar imkan verdi ki, Erm\u0259nistan bu \u015f\u0259rti q\u0259bul etsin&rdquo;.<\/p>\n<p>Xarici \u0130\u015fl\u0259r naziri qeyd edib ki, Erm\u0259nistan bundan \u0259vv\u0259l 7 \u015f\u0259rt d\u0259 ir\u0259li s&uuml;rm&uuml;\u015fd&uuml;: &ldquo;Bunlardan biri d\u0259 dan\u0131\u015f\u0131qlar prosesind\u0259 Az\u0259rbaycan\u0131n Erm\u0259nistanla deyil, qondarma qurumla dan\u0131\u015f\u0131qlar\u0131n apar\u0131lmas\u0131 iddias\u0131 idi. Yen\u0259 d\u0259 Moskvada imzalanan s\u0259n\u0259dd\u0259 Erm\u0259nistan m\u0259cbur edildi ki, dan\u0131\u015f\u0131qlar prosesinin format\u0131n\u0131n d\u0259yi\u015fm\u0259z qald\u0131\u011f\u0131 t\u0259sdiql\u0259sin&rdquo;.<\/p>\n<p>C. Bayramov n\u0259z\u0259r\u0259 &ccedil;atd\u0131r\u0131b ki, Moskva dan\u0131\u015f\u0131qlar\u0131nda Erm\u0259nistan \u0259lav\u0259 t\u0259hl&uuml;k\u0259sizlik qarantiyalar\u0131 ist\u0259yirdi: &ldquo;Onlar\u0131n \u0259sas iddias\u0131 o idi ki, baza \u015f\u0259rtl\u0259ri qoyursunuz, ancaq siz biz\u0259 g&uuml;c t\u0259tbiq edirsiniz. Dan\u0131\u015f\u0131qlarda n\u0259z\u0259r\u0259 &ccedil;atd\u0131r\u0131ld\u0131 ki, Erm\u0259nistan beyn\u0259lxalq h&uuml;quqdan dan\u0131\u015fmaq haqq\u0131n\u0131 itirib, Az\u0259rbaycan\u0131n 20 faizd\u0259n &ccedil;ox torpa\u011f\u0131n\u0131 i\u015f\u011fal edib, 1 milyondan &ccedil;ox insan\u0131 m\u0259cburi k&ouml;&ccedil;k&uuml;n v\u0259ziyy\u0259tin\u0259 sal\u0131b. S\u0259n\u0259dd\u0259 at\u0259\u015fk\u0259sin t\u0259r\u0259fl\u0259r aras\u0131nda raz\u0131la\u015fd\u0131r\u0131lmas\u0131 \u0259ksini tap\u0131b. Erm\u0259nistan dan\u0131\u015f\u0131qlarda &uuml;&ccedil;&uuml;nc&uuml; q&uuml;vv\u0259l\u0259r vasit\u0259si il\u0259 at\u0259\u015fk\u0259sin t\u0259min olunmas\u0131n\u0131 ist\u0259yirdi. Bu, q\u0259bul edilm\u0259di, &ccedil;&uuml;nki Erm\u0259nistan status-kvonun qorunmas\u0131 &uuml;&ccedil;&uuml;n bundan istifad\u0259 ed\u0259c\u0259k. Yaln\u0131z i\u015f\u011fal olunmu\u015f \u0259razil\u0259rd\u0259n Erm\u0259nistan qo\u015funlar\u0131 &ccedil;\u0131xar\u0131ld\u0131qdan sonra bu m\u0259s\u0259l\u0259y\u0259 baxa bil\u0259r. Baza prinsipl\u0259ri m\u0259rh\u0259l\u0259li \u015f\u0259kild\u0259 Erm\u0259nistan qo\u015funlar\u0131n\u0131n \u0259razil\u0259rimizd\u0259n &ccedil;\u0131xar\u0131lmas\u0131n\u0131 &ouml;z&uuml;n\u0259 ehtiva edir. Bu, 5 rayon, daha sonra 2 rayondan Erm\u0259nistan qo\u015funlar\u0131n\u0131n &ccedil;\u0131xar\u0131lmas\u0131, Da\u011fl\u0131q Qaraba\u011fa az\u0259rbaycanl\u0131lar\u0131n qaytar\u0131lmas\u0131 kimi d\u0259 ola bil\u0259r&rdquo;.<\/p>\n","protected":false},"excerpt":{"rendered":"<p>&ldquo;D&ouml;y&uuml;\u015f meydan\u0131nda \u0259ld\u0259 etdiyimiz q\u0259l\u0259b\u0259l\u0259r biz\u0259 siyasi-diplomatik m&uuml;st\u0259vid\u0259 &uuml;st&uuml;nl&uuml;kl\u0259r verm\u0259kd\u0259dir&rdquo;. APA-n\u0131n m\u0259lumat\u0131na g&ouml;r\u0259, bunu bu g&uuml;n ke&ccedil;iril\u0259n brifinqd\u0259 Xarici \u0130\u015fl\u0259r naziri Ceyhun Bayramov bildirib. C. Bayramov deyib ki, Moskvada imzalanan&hellip;<\/p>\n","protected":false},"author":1,"featured_media":251278,"comment_status":"open","ping_status":"open","sticky":false,"template":"","format":"standard","meta":{"_lmt_disableupdate":"","_lmt_disable":"","footnotes":""},"categories":[],"tags":[],"class_list":["post-105553","post","type-post","status-publish","format-standard","has-post-thumbnail","hentry"],"_links":{"self":[{"href":"https:\/\/ucnoqta.az\/index.php?rest_route=\/wp\/v2\/posts\/105553","targetHints":{"allow":["GET"]}}],"collection":[{"href":"https:\/\/ucnoqta.az\/index.php?rest_route=\/wp\/v2\/posts"}],"about":[{"href":"https:\/\/ucnoqta.az\/index.php?rest_route=\/wp\/v2\/types\/post"}],"author":[{"embeddable":true,"href":"https:\/\/ucnoqta.az\/index.php?rest_route=\/wp\/v2\/users\/1"}],"replies":[{"embeddable":true,"href":"https:\/\/ucnoqta.az\/index.php?rest_route=%2Fwp%2Fv2%2Fcomments&post=105553"}],"version-history":[{"count":0,"href":"https:\/\/ucnoqta.az\/index.php?rest_route=\/wp\/v2\/posts\/105553\/revisions"}],"wp:featuredmedia":[{"embeddable":true,"href":"https:\/\/ucnoqta.az\/index.php?rest_route=\/wp\/v2\/media\/251278"}],"wp:attachment":[{"href":"https:\/\/ucnoqta.az\/index.php?rest_route=%2Fwp%2Fv2%2Fmedia&parent=105553"}],"wp:term":[{"taxonomy":"category","embeddable":true,"href":"https:\/\/ucnoqta.az\/index.php?rest_route=%2Fwp%2Fv2%2Fcategories&post=105553"},{"taxonomy":"post_tag","embeddable":true,"href":"https:\/\/ucnoqta.az\/index.php?rest_route=%2Fwp%2Fv2%2Ftags&post=105553"}],"curies":[{"name":"wp","href":"https:\/\/api.w.org\/{rel}","templated":true}]}}