{"id":105552,"date":"2020-10-10T15:37:11","date_gmt":"2020-10-10T11:37:11","guid":{"rendered":""},"modified":"-0001-11-30T00:00:00","modified_gmt":"-0001-11-29T20:00:00","slug":"","status":"publish","type":"post","link":"https:\/\/ucnoqta.az\/?p=105552","title":{"rendered":"&#8220;Erm\u0259nistan humanitar at\u0259\u015fk\u0259s rejimin\u0259 \u0259m\u0259l etm\u0259yib&#8221;- <font color=red><b>Ceyhun Bayramov<\/b><\/font>"},"content":{"rendered":"<p><strong>&ldquo;Humanitar at\u0259\u015fk\u0259sin elan olunmas\u0131 vacibdir. &Ouml;t\u0259n g&uuml;nl\u0259r \u0259rzind\u0259 Rusiya Prezindeti Vladimir Putin bu t\u0259\u015f\u0259bb&uuml;sl\u0259 &ccedil;\u0131x\u0131\u015f edib&rdquo;.<\/strong><\/p>\n<p>Bunu bu g&uuml;n ke&ccedil;iril\u0259n brifinqd\u0259 Xarici \u0130\u015fl\u0259r naziri&nbsp;Ceyhun Bayramov&nbsp;deyib.<br \/>\nOnun s&ouml;zl\u0259rin\u0259 g&ouml;r\u0259, \u0259sas m\u0259qs\u0259d humanitar at\u0259\u015fk\u0259sin t\u0259min edilm\u0259sidir: &ldquo;Bu, kifay\u0259t q\u0259d\u0259r m&uuml;r\u0259kk\u0259b v\u0259 spesifik \u0259m\u0259liyyatd\u0131r. B\u0259yannam\u0259d\u0259 bu i\u015fl\u0259r BQXK-n\u0131n &uuml;z\u0259rin\u0259 qoyulub. Amma Erm\u0259nistan humanitar at\u0259\u015fk\u0259s rejimin\u0259 \u0259m\u0259l etm\u0259yib&rdquo;.<\/p>\n<p>Nazir bildirib ki, Az\u0259rbaycan Silahl\u0131 Q&uuml;vv\u0259l\u0259rinin h\u0259rbi u\u011furlar\u0131 v\u0259 \u0259dal\u0259tli m&ouml;vqeyimiz\u0259 beyn\u0259lxalq d\u0259st\u0259k yeni imkanlar yarad\u0131r v\u0259 Az\u0259rbaycan\u0131n diplomatik s\u0259yl\u0259rini m&ouml;hk\u0259ml\u0259ndirir:<br \/>\n&ldquo;Bu, b\u0259yanat\u0131n 3-c&uuml; v\u0259 4-c&uuml; b\u0259nd\u0259ind\u0259 \u0259ksini tap\u0131b&rdquo;.<\/p>\n","protected":false},"excerpt":{"rendered":"<p>&ldquo;Humanitar at\u0259\u015fk\u0259sin elan olunmas\u0131 vacibdir. &Ouml;t\u0259n g&uuml;nl\u0259r \u0259rzind\u0259 Rusiya Prezindeti Vladimir Putin bu t\u0259\u015f\u0259bb&uuml;sl\u0259 &ccedil;\u0131x\u0131\u015f edib&rdquo;. Bunu bu g&uuml;n ke&ccedil;iril\u0259n brifinqd\u0259 Xarici \u0130\u015fl\u0259r naziri&nbsp;Ceyhun Bayramov&nbsp;deyib. Onun s&ouml;zl\u0259rin\u0259 g&ouml;r\u0259, \u0259sas m\u0259qs\u0259d&hellip;<\/p>\n","protected":false},"author":1,"featured_media":251278,"comment_status":"open","ping_status":"open","sticky":false,"template":"","format":"standard","meta":{"_lmt_disableupdate":"","_lmt_disable":"","footnotes":""},"categories":[],"tags":[],"class_list":["post-105552","post","type-post","status-publish","format-standard","has-post-thumbnail","hentry"],"_links":{"self":[{"href":"https:\/\/ucnoqta.az\/index.php?rest_route=\/wp\/v2\/posts\/105552","targetHints":{"allow":["GET"]}}],"collection":[{"href":"https:\/\/ucnoqta.az\/index.php?rest_route=\/wp\/v2\/posts"}],"about":[{"href":"https:\/\/ucnoqta.az\/index.php?rest_route=\/wp\/v2\/types\/post"}],"author":[{"embeddable":true,"href":"https:\/\/ucnoqta.az\/index.php?rest_route=\/wp\/v2\/users\/1"}],"replies":[{"embeddable":true,"href":"https:\/\/ucnoqta.az\/index.php?rest_route=%2Fwp%2Fv2%2Fcomments&post=105552"}],"version-history":[{"count":0,"href":"https:\/\/ucnoqta.az\/index.php?rest_route=\/wp\/v2\/posts\/105552\/revisions"}],"wp:featuredmedia":[{"embeddable":true,"href":"https:\/\/ucnoqta.az\/index.php?rest_route=\/wp\/v2\/media\/251278"}],"wp:attachment":[{"href":"https:\/\/ucnoqta.az\/index.php?rest_route=%2Fwp%2Fv2%2Fmedia&parent=105552"}],"wp:term":[{"taxonomy":"category","embeddable":true,"href":"https:\/\/ucnoqta.az\/index.php?rest_route=%2Fwp%2Fv2%2Fcategories&post=105552"},{"taxonomy":"post_tag","embeddable":true,"href":"https:\/\/ucnoqta.az\/index.php?rest_route=%2Fwp%2Fv2%2Ftags&post=105552"}],"curies":[{"name":"wp","href":"https:\/\/api.w.org\/{rel}","templated":true}]}}