{"id":105551,"date":"2020-10-10T15:28:35","date_gmt":"2020-10-10T11:28:35","guid":{"rendered":""},"modified":"-0001-11-30T00:00:00","modified_gmt":"-0001-11-29T20:00:00","slug":"","status":"publish","type":"post","link":"https:\/\/ucnoqta.az\/?p=105551","title":{"rendered":"&#8220;At\u0259\u015fk\u0259s s\u00fclh deyil&#8221;- <font color=red><b>Hikm\u0259t Hac\u0131yev<\/b><\/font>"},"content":{"rendered":"<p><strong>&quot;At\u0259\u015fk\u0259s &ouml;zl&uuml;y&uuml;nd\u0259 s&uuml;lh deyil, he&ccedil; zaman da ola bilm\u0259z&quot;.<\/strong><\/p>\n<p>Bunu Prezidentin k&ouml;m\u0259k&ccedil;isi-Prezident Administrasiyas\u0131n\u0131n Xarici siyas\u0259t m\u0259s\u0259l\u0259l\u0259ri \u015f&ouml;b\u0259sinin m&uuml;diri&nbsp;Hikm\u0259t Hac\u0131yev&nbsp;ke&ccedil;iril\u0259n brifinqd\u0259 deyib.<\/p>\n<p>&ldquo;At\u0259\u015fk\u0259s s&uuml;lh prosesinin ir\u0259li apar\u0131lmas\u0131 &uuml;&ccedil;&uuml;n vasit\u0259l\u0259rd\u0259n biri ola bil\u0259r. M&ouml;vcud d&ouml;vrd\u0259 Moskvada q\u0259bul olunmu\u015f b\u0259yanat humanitar \u0259saslarla q\u0259bul olunmu\u015f bir at\u0259\u015fk\u0259s rejimidir&rdquo;, &#8211; o qeyd edib.<br \/>\n&nbsp;<\/p>\n<p>&quot;Amma Erm\u0259nistan\u0131n siyasi r\u0259hb\u0259rliyi bundan da sui-istifad\u0259 etm\u0259y\u0259 &ccedil;al\u0131\u015f\u0131r. Bu g&uuml;n Erm\u0259nistan humanitar \u0259saslarla at\u0259\u015fk\u0259s yalvar\u0131\u015flar\u0131 il\u0259 g\u0259ldi v\u0259 Erm\u0259nistan d&ouml;vl\u0259ti &ouml;z&uuml; t\u0259r\u0259f kimi &ccedil;\u0131x\u0131\u015f etdi. Yekun h\u0259d\u0259fimiz Az\u0259rbaycan d&ouml;vl\u0259tinin beyn\u0259lxalq s\u0259viyy\u0259d\u0259 tan\u0131nm\u0131\u015f \u0259razi b&uuml;t&ouml;vl&uuml;y&uuml;n&uuml;n t\u0259min edilm\u0259sidir. Bunun &uuml;&ccedil;&uuml;n h\u0259rbi, siyasi, iqtisadi m&uuml;st\u0259vid\u0259 b&uuml;t&uuml;n add\u0131mlar at\u0131lacaq. Az\u0259rbaycan xalq\u0131 \u0259min olmal\u0131d\u0131r ki, Prezident \u0130lham \u018fliyevin r\u0259hb\u0259rliyi il\u0259 bu siyas\u0259t davam etdiril\u0259c\u0259k. Bundan sonra spesifik dan\u0131\u015f\u0131qlar davam etdirilm\u0259lidir. Erm\u0259nistan qo\u015funlar\u0131n\u0131n Az\u0259rbaycan torpaqlar\u0131ndan &ccedil;\u0131xar\u0131lmayanad\u0259k C\u0259nubi Qafqazda stabillik m&uuml;mk&uuml;n deyil. Bunu da deyim ki, d&ouml;vl\u0259timiz\u0259 qar\u015f\u0131 t\u0259zyiql\u0259r d\u0259 var, Prezident \u0130lham \u018fliyev bu t\u0259zyiql\u0259r\u0259 d\u0259 sin\u0259 g\u0259rir. Biz bu t\u0259zyiql\u0259ri &ccedil;ox g&ouml;rm&uuml;\u015f&uuml;k&quot;.<\/p>\n","protected":false},"excerpt":{"rendered":"<p>&quot;At\u0259\u015fk\u0259s &ouml;zl&uuml;y&uuml;nd\u0259 s&uuml;lh deyil, he&ccedil; zaman da ola bilm\u0259z&quot;. Bunu Prezidentin k&ouml;m\u0259k&ccedil;isi-Prezident Administrasiyas\u0131n\u0131n Xarici siyas\u0259t m\u0259s\u0259l\u0259l\u0259ri \u015f&ouml;b\u0259sinin m&uuml;diri&nbsp;Hikm\u0259t Hac\u0131yev&nbsp;ke&ccedil;iril\u0259n brifinqd\u0259 deyib. &ldquo;At\u0259\u015fk\u0259s s&uuml;lh prosesinin ir\u0259li apar\u0131lmas\u0131 &uuml;&ccedil;&uuml;n vasit\u0259l\u0259rd\u0259n biri ola&hellip;<\/p>\n","protected":false},"author":1,"featured_media":251278,"comment_status":"open","ping_status":"open","sticky":false,"template":"","format":"standard","meta":{"_lmt_disableupdate":"","_lmt_disable":"","footnotes":""},"categories":[],"tags":[],"class_list":["post-105551","post","type-post","status-publish","format-standard","has-post-thumbnail","hentry"],"_links":{"self":[{"href":"https:\/\/ucnoqta.az\/index.php?rest_route=\/wp\/v2\/posts\/105551","targetHints":{"allow":["GET"]}}],"collection":[{"href":"https:\/\/ucnoqta.az\/index.php?rest_route=\/wp\/v2\/posts"}],"about":[{"href":"https:\/\/ucnoqta.az\/index.php?rest_route=\/wp\/v2\/types\/post"}],"author":[{"embeddable":true,"href":"https:\/\/ucnoqta.az\/index.php?rest_route=\/wp\/v2\/users\/1"}],"replies":[{"embeddable":true,"href":"https:\/\/ucnoqta.az\/index.php?rest_route=%2Fwp%2Fv2%2Fcomments&post=105551"}],"version-history":[{"count":0,"href":"https:\/\/ucnoqta.az\/index.php?rest_route=\/wp\/v2\/posts\/105551\/revisions"}],"wp:featuredmedia":[{"embeddable":true,"href":"https:\/\/ucnoqta.az\/index.php?rest_route=\/wp\/v2\/media\/251278"}],"wp:attachment":[{"href":"https:\/\/ucnoqta.az\/index.php?rest_route=%2Fwp%2Fv2%2Fmedia&parent=105551"}],"wp:term":[{"taxonomy":"category","embeddable":true,"href":"https:\/\/ucnoqta.az\/index.php?rest_route=%2Fwp%2Fv2%2Fcategories&post=105551"},{"taxonomy":"post_tag","embeddable":true,"href":"https:\/\/ucnoqta.az\/index.php?rest_route=%2Fwp%2Fv2%2Ftags&post=105551"}],"curies":[{"name":"wp","href":"https:\/\/api.w.org\/{rel}","templated":true}]}}