{"id":102588,"date":"2020-08-21T18:19:42","date_gmt":"2020-08-21T14:19:42","guid":{"rendered":""},"modified":"-0001-11-30T00:00:00","modified_gmt":"-0001-11-29T20:00:00","slug":"","status":"publish","type":"post","link":"https:\/\/ucnoqta.az\/?p=102588","title":{"rendered":"T\u018fB\u0130B-d\u0259n toylarla ba\u011fl\u0131 <font color=red><b>A\u00c7IQLAMA<\/b><\/font>"},"content":{"rendered":"<p><em>&ldquo;Toylar\u0131n v\u0259 ya h\u0259r hans\u0131sa y\u0131\u011f\u0131ncaqlar\u0131n t\u0259\u015fkil olunmas\u0131 il\u0259 ba\u011fl\u0131 bildirm\u0259k ist\u0259yir\u0259m ki, &ouml;lk\u0259d\u0259 karantin rejimi qaydalar\u0131 Nazirl\u0259r Kabineti yan\u0131nda Operativ Q\u0259rargah &nbsp;t\u0259r\u0259find\u0259n t\u0259nziml\u0259nir. Bu q\u0259rarlar Ba\u015f Nazir t\u0259r\u0259find\u0259n, d&ouml;vl\u0259t t\u0259r\u0259find\u0259n verilir. Bu qaydalara riay\u0259t etm\u0259k h\u0259r k\u0259sin borcudur. M\u0259n buna sad\u0259c\u0259 olaraq h\u0259kim kimi m&uuml;nasib\u0259t bildir\u0259 bil\u0259r\u0259m&rdquo;.<\/em><\/p>\n<p>Bunu Tibbi \u018frazi B&ouml;lm\u0259l\u0259rini \u0130dar\u0259etm\u0259 Birliyinin (T\u018fB\u0130B) X\u0259st\u0259likl\u0259rin profilaktikas\u0131 v\u0259 kontrolu \u015f&ouml;b\u0259sinin m&uuml;diri Yaqut Qarayeva Nazirl\u0259r Kabineti yan\u0131nda Operativ Q\u0259rargah\u0131n brifinqind\u0259 &ouml;lk\u0259d\u0259 b\u0259zi \u015f\u0259xsl\u0259rin toy etm\u0259si bar\u0259d\u0259 sual\u0131 cavabland\u0131rark\u0259n deyib.<\/p>\n<p>&ldquo;Ba\u015fqa t\u0259r\u0259fd\u0259n, bu prosesl\u0259rin qiym\u0259tl\u0259ndirilm\u0259si aidiyyat\u0131 orqanlar t\u0259r\u0259find\u0259n apar\u0131l\u0131r. Bundan \u0259lav\u0259, aidiyyat\u0131 orqanlar reydl\u0259r ke&ccedil;irir. &Ccedil;at\u0131\u015fmazl\u0131qlar aradan qald\u0131r\u0131lmal\u0131d\u0131r. Biz yeni qaydalarla ya\u015fama\u011fa &ouml;yr\u0259nm\u0259liyik&rdquo;, o bildirib.\/\/\/report<\/p>\n","protected":false},"excerpt":{"rendered":"<p>&ldquo;Toylar\u0131n v\u0259 ya h\u0259r hans\u0131sa y\u0131\u011f\u0131ncaqlar\u0131n t\u0259\u015fkil olunmas\u0131 il\u0259 ba\u011fl\u0131 bildirm\u0259k ist\u0259yir\u0259m ki, &ouml;lk\u0259d\u0259 karantin rejimi qaydalar\u0131 Nazirl\u0259r Kabineti yan\u0131nda Operativ Q\u0259rargah &nbsp;t\u0259r\u0259find\u0259n t\u0259nziml\u0259nir. Bu q\u0259rarlar Ba\u015f Nazir t\u0259r\u0259find\u0259n, d&ouml;vl\u0259t&hellip;<\/p>\n","protected":false},"author":1,"featured_media":251278,"comment_status":"open","ping_status":"open","sticky":false,"template":"","format":"standard","meta":{"_lmt_disableupdate":"","_lmt_disable":"","footnotes":""},"categories":[],"tags":[],"class_list":["post-102588","post","type-post","status-publish","format-standard","has-post-thumbnail","hentry"],"_links":{"self":[{"href":"https:\/\/ucnoqta.az\/index.php?rest_route=\/wp\/v2\/posts\/102588","targetHints":{"allow":["GET"]}}],"collection":[{"href":"https:\/\/ucnoqta.az\/index.php?rest_route=\/wp\/v2\/posts"}],"about":[{"href":"https:\/\/ucnoqta.az\/index.php?rest_route=\/wp\/v2\/types\/post"}],"author":[{"embeddable":true,"href":"https:\/\/ucnoqta.az\/index.php?rest_route=\/wp\/v2\/users\/1"}],"replies":[{"embeddable":true,"href":"https:\/\/ucnoqta.az\/index.php?rest_route=%2Fwp%2Fv2%2Fcomments&post=102588"}],"version-history":[{"count":0,"href":"https:\/\/ucnoqta.az\/index.php?rest_route=\/wp\/v2\/posts\/102588\/revisions"}],"wp:featuredmedia":[{"embeddable":true,"href":"https:\/\/ucnoqta.az\/index.php?rest_route=\/wp\/v2\/media\/251278"}],"wp:attachment":[{"href":"https:\/\/ucnoqta.az\/index.php?rest_route=%2Fwp%2Fv2%2Fmedia&parent=102588"}],"wp:term":[{"taxonomy":"category","embeddable":true,"href":"https:\/\/ucnoqta.az\/index.php?rest_route=%2Fwp%2Fv2%2Fcategories&post=102588"},{"taxonomy":"post_tag","embeddable":true,"href":"https:\/\/ucnoqta.az\/index.php?rest_route=%2Fwp%2Fv2%2Ftags&post=102588"}],"curies":[{"name":"wp","href":"https:\/\/api.w.org\/{rel}","templated":true}]}}