{"id":102587,"date":"2020-08-21T18:09:51","date_gmt":"2020-08-21T14:09:51","guid":{"rendered":""},"modified":"-0001-11-30T00:00:00","modified_gmt":"-0001-11-29T20:00:00","slug":"","status":"publish","type":"post","link":"https:\/\/ucnoqta.az\/?p=102587","title":{"rendered":"Yoluxma say\u0131 art\u0131r, s\u0259rtl\u0259\u015fm\u0259 olacaqm\u0131? -T\u018fB\u0130B-d\u0259n <font color=red><b>A\u00c7IQLAMA<\/b><\/font>"},"content":{"rendered":"<p><strong>&ldquo;Yum\u015falmaya getm\u0259yimiz m\u0259rh\u0259l\u0259li \u015f\u0259kild\u0259 h\u0259yata ke&ccedil;irilir. M\u0259qs\u0259dimiz d\u0259 odur ki, sanitar-epidemioloji v\u0259ziyy\u0259t\u0259 n\u0259zar\u0259t ed\u0259k&rdquo;.<\/strong><\/p>\n<p>Ucnoqta.az x\u0259b\u0259r verir ki, bu fikirl\u0259ri Tibbi \u018frazi B&ouml;lm\u0259l\u0259rini \u0130dar\u0259etm\u0259 Birliyinin (T\u018fB\u0130B) X\u0259st\u0259likl\u0259rin profilaktikas\u0131 v\u0259 kontrolu \u015f&ouml;b\u0259sinin m&uuml;diri Yaqut Qarayeva Nazirl\u0259r Kabineti yan\u0131nda Operativ Q\u0259rargah\u0131n brifinqind\u0259 deyib.<\/p>\n<p>&ldquo;Haz\u0131rda situasiya n\u0259zar\u0259t alt\u0131ndad\u0131r. M&uuml;zakir\u0259l\u0259r apar\u0131l\u0131r. Yoluxma say\u0131nda art\u0131m is\u0259 g&ouml;z &ouml;n&uuml;nd\u0259dir. Bu g&uuml;n h\u0259r hans\u0131 bir s\u0259rtl\u0259\u015fm\u0259nin olub-olmamas\u0131 il\u0259 ba\u011fl\u0131 ciddi d\u0259yi\u015fiklik yoxdur. Bel\u0259 bir m\u0259s\u0259l\u0259 olarsa, ictimaiyy\u0259t\u0259 a&ccedil;\u0131qlanacaq. Amma h\u0259qiq\u0259t\u0259n d\u0259 bu g&uuml;n biz az-az da olsa, yoluxma say\u0131nda art\u0131ma meyillilik g&ouml;r&uuml;r&uuml;k. Ona g&ouml;r\u0259 d\u0259 b\u0259zi q\u0259rarlar\u0131n q\u0259bul olunmas\u0131 m&uuml;zakir\u0259 olunacaq&rdquo;, &#8211; o bildirib.<\/p>\n","protected":false},"excerpt":{"rendered":"<p>&ldquo;Yum\u015falmaya getm\u0259yimiz m\u0259rh\u0259l\u0259li \u015f\u0259kild\u0259 h\u0259yata ke&ccedil;irilir. M\u0259qs\u0259dimiz d\u0259 odur ki, sanitar-epidemioloji v\u0259ziyy\u0259t\u0259 n\u0259zar\u0259t ed\u0259k&rdquo;. Ucnoqta.az x\u0259b\u0259r verir ki, bu fikirl\u0259ri Tibbi \u018frazi B&ouml;lm\u0259l\u0259rini \u0130dar\u0259etm\u0259 Birliyinin (T\u018fB\u0130B) X\u0259st\u0259likl\u0259rin profilaktikas\u0131 v\u0259 kontrolu&hellip;<\/p>\n","protected":false},"author":1,"featured_media":251278,"comment_status":"open","ping_status":"open","sticky":false,"template":"","format":"standard","meta":{"_lmt_disableupdate":"","_lmt_disable":"","footnotes":""},"categories":[],"tags":[],"class_list":["post-102587","post","type-post","status-publish","format-standard","has-post-thumbnail","hentry"],"_links":{"self":[{"href":"https:\/\/ucnoqta.az\/index.php?rest_route=\/wp\/v2\/posts\/102587","targetHints":{"allow":["GET"]}}],"collection":[{"href":"https:\/\/ucnoqta.az\/index.php?rest_route=\/wp\/v2\/posts"}],"about":[{"href":"https:\/\/ucnoqta.az\/index.php?rest_route=\/wp\/v2\/types\/post"}],"author":[{"embeddable":true,"href":"https:\/\/ucnoqta.az\/index.php?rest_route=\/wp\/v2\/users\/1"}],"replies":[{"embeddable":true,"href":"https:\/\/ucnoqta.az\/index.php?rest_route=%2Fwp%2Fv2%2Fcomments&post=102587"}],"version-history":[{"count":0,"href":"https:\/\/ucnoqta.az\/index.php?rest_route=\/wp\/v2\/posts\/102587\/revisions"}],"wp:featuredmedia":[{"embeddable":true,"href":"https:\/\/ucnoqta.az\/index.php?rest_route=\/wp\/v2\/media\/251278"}],"wp:attachment":[{"href":"https:\/\/ucnoqta.az\/index.php?rest_route=%2Fwp%2Fv2%2Fmedia&parent=102587"}],"wp:term":[{"taxonomy":"category","embeddable":true,"href":"https:\/\/ucnoqta.az\/index.php?rest_route=%2Fwp%2Fv2%2Fcategories&post=102587"},{"taxonomy":"post_tag","embeddable":true,"href":"https:\/\/ucnoqta.az\/index.php?rest_route=%2Fwp%2Fv2%2Ftags&post=102587"}],"curies":[{"name":"wp","href":"https:\/\/api.w.org\/{rel}","templated":true}]}}