{"id":102586,"date":"2020-08-21T17:47:55","date_gmt":"2020-08-21T13:47:55","guid":{"rendered":""},"modified":"-0001-11-30T00:00:00","modified_gmt":"-0001-11-29T20:00:00","slug":"","status":"publish","type":"post","link":"https:\/\/ucnoqta.az\/?p=102586","title":{"rendered":"Kamran \u018fliyev Ankara Ba\u015f prokuroruna m\u00fcraci\u0259t etdi"},"content":{"rendered":"<p><strong>Az\u0259rbaycan Respublikas\u0131n\u0131n Ba\u015f prokuroru Kamran \u018fliyev Ankara C&uuml;mhuriyy\u0259t Ba\u015f prokuroru Y&uuml;ksel Kocamana m&uuml;raci\u0259t edib.<\/strong><\/p>\n<p>Bu bar\u0259d\u0259&nbsp;Az\u0259rbaycan Respublikas\u0131 Ba\u015f Prokurorlu\u011funun M\u0259tbuat xidm\u0259tind\u0259n bildirilib.<\/p>\n<p>Bel\u0259 ki, son g&uuml;nl\u0259r bir s\u0131ra k&uuml;tl\u0259vi informasiya vasit\u0259l\u0259ri v\u0259 sosial media s\u0259hif\u0259l\u0259rind\u0259 T&uuml;rkiy\u0259nin Ankara \u015f\u0259h\u0259rind\u0259 ya\u015fayan Nail\u0259 H\u0259s\u0259novan\u0131n 3 azya\u015fl\u0131 &ouml;vladlar\u0131 il\u0259 birlikd\u0259 8 il qeyri-r\u0259smi nikahda ya\u015fad\u0131\u011f\u0131 T&uuml;rkiy\u0259 v\u0259t\u0259nda\u015f\u0131 Ercan Kapan t\u0259r\u0259find\u0259n i\u015fg\u0259nc\u0259 v\u0259 zork\u0131l\u0131\u011fa m\u0259ruz qalmas\u0131, onun v\u0259 azya\u015fl\u0131 &ouml;vladlar\u0131n\u0131n h\u0259yat\u0131n\u0131n t\u0259hl&uuml;k\u0259d\u0259 olmas\u0131, bundan ba\u015fqa u\u015faqlar\u0131n biloji anas\u0131 oldu\u011fu halda E.Kapan\u0131n r\u0259smi nikahda oldu\u011fu arvad\u0131n\u0131 saxtakarl\u0131q yolu il\u0259 &uuml;&ccedil; u\u015fa\u011f\u0131n\u0131n anas\u0131 olaraq r\u0259smil\u0259\u015fdirdiyind\u0259n &ouml;vladlar\u0131n\u0131n q\u0259yyumlu\u011funu \u0259ld\u0259 ed\u0259 bilm\u0259m\u0259si, bununla \u0259laq\u0259dar olaraq onlar\u0131n v\u0259siq\u0259l\u0259rini d\u0259yi\u015fdir\u0259 bilm\u0259m\u0259si, bu faktorun t\u0259hsil h&uuml;quqlar\u0131n\u0131 h\u0259yata ke&ccedil;irm\u0259yin\u0259 v\u0259 el\u0259c\u0259 d\u0259 tibbi xidm\u0259td\u0259n yararlanmalar\u0131na mane olmas\u0131 bar\u0259d\u0259 m\u0259lumatlar yay\u0131l\u0131b.<\/p>\n<p>Bununla \u0259laq\u0259dar Az\u0259rbaycan Respublikas\u0131n\u0131n Ba\u015f prokuroru Kamran \u018fliyev Ankara C&uuml;mhuriyy\u0259t Ba\u015f prokuroru Y&uuml;ksel Kocamana r\u0259smi qaydada m&uuml;raci\u0259t ed\u0259r\u0259k qanunun aliliyi prinsipini r\u0259hb\u0259r tutmaqla qeyd edil\u0259n m\u0259s\u0259l\u0259nin n\u0259zar\u0259t\u0259 g&ouml;t&uuml;r&uuml;l&uuml;b ara\u015fd\u0131r\u0131lmas\u0131 istiqam\u0259tind\u0259 m&uuml;vafiq t\u0259dbirl\u0259rin g&ouml;r&uuml;lm\u0259sini v\u0259 Nail\u0259 H\u0259s\u0259novan\u0131n &ouml;vladlar\u0131 il\u0259 birlikd\u0259 Az\u0259rbaycan Respublikas\u0131na g\u0259lm\u0259sind\u0259 k&ouml;m\u0259klik g&ouml;st\u0259rilm\u0259sini xahi\u015f edib.\/\/\/report<\/p>\n","protected":false},"excerpt":{"rendered":"<p>Az\u0259rbaycan Respublikas\u0131n\u0131n Ba\u015f prokuroru Kamran \u018fliyev Ankara C&uuml;mhuriyy\u0259t Ba\u015f prokuroru Y&uuml;ksel Kocamana m&uuml;raci\u0259t edib. Bu bar\u0259d\u0259&nbsp;Az\u0259rbaycan Respublikas\u0131 Ba\u015f Prokurorlu\u011funun M\u0259tbuat xidm\u0259tind\u0259n bildirilib. Bel\u0259 ki, son g&uuml;nl\u0259r bir s\u0131ra k&uuml;tl\u0259vi informasiya&hellip;<\/p>\n","protected":false},"author":1,"featured_media":251278,"comment_status":"open","ping_status":"open","sticky":false,"template":"","format":"standard","meta":{"_lmt_disableupdate":"","_lmt_disable":"","footnotes":""},"categories":[],"tags":[],"class_list":["post-102586","post","type-post","status-publish","format-standard","has-post-thumbnail","hentry"],"_links":{"self":[{"href":"https:\/\/ucnoqta.az\/index.php?rest_route=\/wp\/v2\/posts\/102586","targetHints":{"allow":["GET"]}}],"collection":[{"href":"https:\/\/ucnoqta.az\/index.php?rest_route=\/wp\/v2\/posts"}],"about":[{"href":"https:\/\/ucnoqta.az\/index.php?rest_route=\/wp\/v2\/types\/post"}],"author":[{"embeddable":true,"href":"https:\/\/ucnoqta.az\/index.php?rest_route=\/wp\/v2\/users\/1"}],"replies":[{"embeddable":true,"href":"https:\/\/ucnoqta.az\/index.php?rest_route=%2Fwp%2Fv2%2Fcomments&post=102586"}],"version-history":[{"count":0,"href":"https:\/\/ucnoqta.az\/index.php?rest_route=\/wp\/v2\/posts\/102586\/revisions"}],"wp:featuredmedia":[{"embeddable":true,"href":"https:\/\/ucnoqta.az\/index.php?rest_route=\/wp\/v2\/media\/251278"}],"wp:attachment":[{"href":"https:\/\/ucnoqta.az\/index.php?rest_route=%2Fwp%2Fv2%2Fmedia&parent=102586"}],"wp:term":[{"taxonomy":"category","embeddable":true,"href":"https:\/\/ucnoqta.az\/index.php?rest_route=%2Fwp%2Fv2%2Fcategories&post=102586"},{"taxonomy":"post_tag","embeddable":true,"href":"https:\/\/ucnoqta.az\/index.php?rest_route=%2Fwp%2Fv2%2Ftags&post=102586"}],"curies":[{"name":"wp","href":"https:\/\/api.w.org\/{rel}","templated":true}]}}