{"id":102581,"date":"2020-08-21T16:53:57","date_gmt":"2020-08-21T12:53:57","guid":{"rendered":""},"modified":"-0001-11-30T00:00:00","modified_gmt":"-0001-11-29T20:00:00","slug":"","status":"publish","type":"post","link":"https:\/\/ucnoqta.az\/?p=102581","title":{"rendered":"\u201cASAN m\u00fcraci\u0259t\u201d informasiya sistemi yarad\u0131l\u0131r <font color=red><b>-S\u0259r\u0259ncam<\/b><\/font>"},"content":{"rendered":"<p><strong>Prezident \u0130lham \u018fliyev &ldquo;ASAN m&uuml;raci\u0259t&rdquo; informasiya sisteminin yarad\u0131lmas\u0131 haqq\u0131nda s\u0259r\u0259ncam imzalay\u0131b.<\/strong><\/p>\n<p>\nS\u0259r\u0259ncamda deyilir:<\/p>\n<p>\u0130ctimai xarakter da\u015f\u0131yan kommunal, yol v\u0259 n\u0259qliyyat probleml\u0259ri, infrastrukturun cari t\u0259miri, abadla\u015fd\u0131r\u0131lmas\u0131 v\u0259 t\u0259mizliyi il\u0259 ba\u011fl\u0131 \u015fikay\u0259tl\u0259rin elektron x\u0259rit\u0259 &uuml;z\u0259rind\u0259 qeyd edilm\u0259kl\u0259 operativ sur\u0259td\u0259 aidiyy\u0259ti d&ouml;vl\u0259t qurumlar\u0131na g&ouml;nd\u0259rilm\u0259sini v\u0259 h\u0259min \u015fikay\u0259tl\u0259r\u0259 bax\u0131lman\u0131n n\u0259tic\u0259l\u0259rinin izl\u0259nilm\u0259sini t\u0259min ed\u0259n &ldquo;ASAN m&uuml;raci\u0259t&rdquo; informasiya sistemi yarad\u0131ls\u0131n.<\/p>\n<p>\n2. Az\u0259rbaycan Respublikas\u0131n\u0131n Prezidenti yan\u0131nda V\u0259t\u0259nda\u015flara Xidm\u0259t v\u0259 Sosial \u0130nnovasiyalar &uuml;zr\u0259 D&ouml;vl\u0259t Agentliyi &ldquo;ASAN m&uuml;raci\u0259t&rdquo; informasiya sisteminin operatoru m&uuml;\u0259yy\u0259n edilsin.<\/p>\n<p>\n3. Az\u0259rbaycan Respublikas\u0131n\u0131n Prezidenti yan\u0131nda V\u0259t\u0259nda\u015flara Xidm\u0259t v\u0259 Sosial \u0130nnovasiyalar &uuml;zr\u0259 D&ouml;vl\u0259t Agentliyi:<\/p>\n<p>\n3.1. &ldquo;ASAN m&uuml;raci\u0259t&rdquo; informasiya sistemini v\u0259 onun mobil t\u0259tbiqini formala\u015fd\u0131rs\u0131n;<\/p>\n<p>\n3.2. &ldquo;D&ouml;vl\u0259t informasiya ehtiyatlar\u0131 v\u0259 sisteml\u0259rinin formala\u015fd\u0131r\u0131lmas\u0131, apar\u0131lmas\u0131, inteqrasiyas\u0131 v\u0259 arxivl\u0259\u015fdirilm\u0259si Qaydalar\u0131&rdquo;n\u0131n t\u0259sdiq edilm\u0259si v\u0259 elektron h&ouml;kum\u0259tl\u0259 ba\u011fl\u0131 b\u0259zi t\u0259dbirl\u0259r<br \/>\nhaqq\u0131nda&rdquo; Az\u0259rbaycan Respublikas\u0131 Prezidentinin 2018-ci il 12 sentyabr tarixli 263 n&ouml;mr\u0259li F\u0259rman\u0131na uy\u011fun olaraq, &ldquo;ASAN m&uuml;raci\u0259t&rdquo; informasiya sisteminin dig\u0259r d&ouml;vl\u0259t informasiya ehtiyatlar\u0131 v\u0259 sisteml\u0259ri il\u0259 Elektron H&ouml;kum\u0259t \u0130nformasiya Sistemi vasit\u0259sil\u0259 \u0259laq\u0259l\u0259ndirilm\u0259sini, habel\u0259 yerli icra hakimiyy\u0259ti orqanlar\u0131n\u0131n &ldquo;ASAN m&uuml;raci\u0259t&rdquo; informasiya sistemin\u0259 &ccedil;\u0131x\u0131\u015f\u0131n\u0131 t\u0259min etsin.<\/p>\n<p>\n4. D&ouml;vl\u0259t orqanlar\u0131 (qurumlar\u0131) &ldquo;ASAN m&uuml;raci\u0259t&rdquo; informasiya sistemi vasit\u0259sil\u0259 daxil olmu\u015f \u015fikay\u0259tl\u0259r\u0259 &ldquo;V\u0259t\u0259nda\u015flar\u0131n m&uuml;raci\u0259tl\u0259ri haqq\u0131nda&rdquo; Az\u0259rbaycan Respublikas\u0131n\u0131n Qanunu il\u0259 m&uuml;\u0259yy\u0259n edilmi\u015f qaydada bax\u0131lman\u0131 t\u0259min etsinl\u0259r.<\/p>\n<p>\n5. Az\u0259rbaycan Respublikas\u0131n\u0131n Nazirl\u0259r Kabineti:<\/p>\n<p>\n5.1. &ldquo;ASAN m&uuml;raci\u0259t&rdquo; informasiya sistemi haqq\u0131nda \u0259sasnam\u0259nin layih\u0259sini &uuml;&ccedil; ay m&uuml;dd\u0259tind\u0259 Az\u0259rbaycan Respublikas\u0131n\u0131n Prezidenti il\u0259 raz\u0131la\u015fd\u0131rmaqla t\u0259sdiq etsin;<\/p>\n<p>\n5.2. &ldquo;ASAN m&uuml;raci\u0259t&rdquo; informasiya sisteminin formala\u015fd\u0131r\u0131lmas\u0131, apar\u0131lmas\u0131 v\u0259 saxlanmas\u0131 x\u0259rcl\u0259rinin maliyy\u0259l\u0259\u015fdirilm\u0259si m\u0259s\u0259l\u0259l\u0259rinin h\u0259ll edilm\u0259si &uuml;&ccedil;&uuml;n m&uuml;vafiq t\u0259dbirl\u0259r g&ouml;rs&uuml;n;<\/p>\n<p>\n5.3. bu S\u0259r\u0259ncamdan ir\u0259li g\u0259l\u0259n dig\u0259r m\u0259s\u0259l\u0259l\u0259ri h\u0259ll etsin.\/report<\/p>\n","protected":false},"excerpt":{"rendered":"<p>Prezident \u0130lham \u018fliyev &ldquo;ASAN m&uuml;raci\u0259t&rdquo; informasiya sisteminin yarad\u0131lmas\u0131 haqq\u0131nda s\u0259r\u0259ncam imzalay\u0131b. S\u0259r\u0259ncamda deyilir: \u0130ctimai xarakter da\u015f\u0131yan kommunal, yol v\u0259 n\u0259qliyyat probleml\u0259ri, infrastrukturun cari t\u0259miri, abadla\u015fd\u0131r\u0131lmas\u0131 v\u0259 t\u0259mizliyi il\u0259 ba\u011fl\u0131 \u015fikay\u0259tl\u0259rin&hellip;<\/p>\n","protected":false},"author":1,"featured_media":251278,"comment_status":"open","ping_status":"open","sticky":false,"template":"","format":"standard","meta":{"_lmt_disableupdate":"","_lmt_disable":"","footnotes":""},"categories":[],"tags":[],"class_list":["post-102581","post","type-post","status-publish","format-standard","has-post-thumbnail","hentry"],"_links":{"self":[{"href":"https:\/\/ucnoqta.az\/index.php?rest_route=\/wp\/v2\/posts\/102581","targetHints":{"allow":["GET"]}}],"collection":[{"href":"https:\/\/ucnoqta.az\/index.php?rest_route=\/wp\/v2\/posts"}],"about":[{"href":"https:\/\/ucnoqta.az\/index.php?rest_route=\/wp\/v2\/types\/post"}],"author":[{"embeddable":true,"href":"https:\/\/ucnoqta.az\/index.php?rest_route=\/wp\/v2\/users\/1"}],"replies":[{"embeddable":true,"href":"https:\/\/ucnoqta.az\/index.php?rest_route=%2Fwp%2Fv2%2Fcomments&post=102581"}],"version-history":[{"count":0,"href":"https:\/\/ucnoqta.az\/index.php?rest_route=\/wp\/v2\/posts\/102581\/revisions"}],"wp:featuredmedia":[{"embeddable":true,"href":"https:\/\/ucnoqta.az\/index.php?rest_route=\/wp\/v2\/media\/251278"}],"wp:attachment":[{"href":"https:\/\/ucnoqta.az\/index.php?rest_route=%2Fwp%2Fv2%2Fmedia&parent=102581"}],"wp:term":[{"taxonomy":"category","embeddable":true,"href":"https:\/\/ucnoqta.az\/index.php?rest_route=%2Fwp%2Fv2%2Fcategories&post=102581"},{"taxonomy":"post_tag","embeddable":true,"href":"https:\/\/ucnoqta.az\/index.php?rest_route=%2Fwp%2Fv2%2Ftags&post=102581"}],"curies":[{"name":"wp","href":"https:\/\/api.w.org\/{rel}","templated":true}]}}